{"id":5418,"date":"2025-11-11T15:03:40","date_gmt":"2025-11-11T14:03:40","guid":{"rendered":"https:\/\/agora.xtec.cat\/escolaprovencana\/?p=5418"},"modified":"2025-11-13T13:24:39","modified_gmt":"2025-11-13T12:24:39","slug":"gran-festa-de-la-castanyada-a-lescola-provencana","status":"publish","type":"post","link":"https:\/\/agora.xtec.cat\/escolaprovencana\/general\/gran-festa-de-la-castanyada-a-lescola-provencana\/","title":{"rendered":"Gran Festa de la Castanyada a l&#8217;Escola Proven\u00e7ana"},"content":{"rendered":"\n<p>El passat <strong>31 d&#8217;octubre<\/strong> vam viure una jornada m\u00e0gica i plena de tradici\u00f3 a la nostra escola. Per celebrar el dia de la Castanyada com cal, vam organitzar un mat\u00ed d&#8217;all\u00f2 m\u00e9s productiu i una tarda de festa inoblidable.<\/p>\n\n\n\n<h3 class=\"wp-block-heading\">Tallers Internivells: Aprenent i Creant Junts<\/h3>\n\n\n\n<p>Durant el mat\u00ed, els passadissos i les aules es van omplir de riures i creativitat amb els <strong>tallers internivells<\/strong>! Alumnes de diferents edats van treballar junts en diverses activitats relacionades amb la tardor i la Castanyada. Va ser una oportunitat fant\u00e0stica per fomentar la conviv\u00e8ncia, l&#8217;ajuda m\u00fatua i l&#8217;aprenentatge cooperatiu entre els m\u00e9s grans i els m\u00e9s petits.<\/p>\n\n\n\n<h3 class=\"wp-block-heading\">Festa al Pati!<\/h3>\n\n\n\n<p>A la tarda, la celebraci\u00f3 es va traslladar al pati, on vam fer una <strong>gran festa<\/strong>! La m\u00fasica va sonar ben forta i tots els infants, mestres i personal de l&#8217;escola vam gaudir d&#8217;una estona de ball i gresca.<\/p>\n\n\n\n<h3 class=\"wp-block-heading\">Un Agraint Fort als Castanyers i Castanyeres<\/h3>\n\n\n\n<p>Volem fer un agra\u00efment molt especial a tots els nostres nens i nenes que van venir a l&#8217;escola vestits de <strong>castanyers i castanyeres<\/strong>. Est\u00e0veu tots guap\u00edssims i guap\u00edssimes! La vostra implicaci\u00f3 i els vostres vestits tan acurats van ajudar a fer d&#8217;aquest dia una aut\u00e8ntica festa de la nostra tradici\u00f3.<\/p>\n\n\n\n<p>Us compartim els enlla\u00e7os dels v\u00eddeos. Esperem que us agradi<\/p>\n\n\n\n<p><a href=\"https:\/\/drive.google.com\/file\/d\/1wtkIS3v1syDd4soN3ioSiZ7gEu5ovEG6\/view?usp=drive_link\">https:\/\/drive.google.com\/file\/d\/1wtkIS3v1syDd4soN3ioSiZ7gEu5ovEG6\/view?usp=drive_link<\/a><\/p>\n\n\n\n<p><a href=\"https:\/\/drive.google.com\/file\/d\/1RFnoMkZZlJRN0RFdYnx0iZ5jI_MN8_5v\/view?usp=drive_link\">https:\/\/drive.google.com\/file\/d\/1RFnoMkZZlJRN0RFdYnx0iZ5jI_MN8_5v\/view?usp=drive_link<\/a><\/p>\n\n\n\n<p><\/p>\n","protected":false},"excerpt":{"rendered":"<p>El passat 31 d&#8217;octubre vam viure una jornada m\u00e0gica i plena de tradici\u00f3 a la nostra escola. Per celebrar el dia de la Castanyada com cal, vam organitzar un mat\u00ed d&#8217;all\u00f2 m\u00e9s productiu i una tarda de festa inoblidable.<\/p>\n<p>Tallers Internivells: Aprenent i Creant Junts<\/p>\n<p>Durant el&hellip;  <a href=\"https:\/\/agora.xtec.cat\/escolaprovencana\/general\/gran-festa-de-la-castanyada-a-lescola-provencana\/\" title=\"Read Gran Festa de la Castanyada a l&#8217;Escola Proven\u00e7ana\">Llegeix m\u00e9s\u00bb<\/a><\/p>\n","protected":false},"author":1,"featured_media":0,"comment_status":"closed","ping_status":"closed","sticky":false,"template":"","format":"standard","meta":{"_bbp_topic_count":0,"_bbp_reply_count":0,"_bbp_total_topic_count":0,"_bbp_total_reply_count":0,"_bbp_voice_count":0,"_bbp_anonymous_reply_count":0,"_bbp_topic_count_hidden":0,"_bbp_reply_count_hidden":0,"_bbp_forum_subforum_count":0,"footnotes":""},"categories":[10,11,12,13,14,126,15,1,3,8,9,2,5],"tags":[],"class_list":["post-5418","post","type-post","status-publish","format-standard","hentry","category-1r","category-2n","category-3r","category-4t","category-5e-b","category-5e-a","category-6e","category-general","category-i3","category-i4","category-i5","category-infantil","category-primaria"],"post_mailing_queue_ids":[],"_links":{"self":[{"href":"https:\/\/agora.xtec.cat\/escolaprovencana\/wp-json\/wp\/v2\/posts\/5418","targetHints":{"allow":["GET"]}}],"collection":[{"href":"https:\/\/agora.xtec.cat\/escolaprovencana\/wp-json\/wp\/v2\/posts"}],"about":[{"href":"https:\/\/agora.xtec.cat\/escolaprovencana\/wp-json\/wp\/v2\/types\/post"}],"author":[{"embeddable":true,"href":"https:\/\/agora.xtec.cat\/escolaprovencana\/wp-json\/wp\/v2\/users\/1"}],"replies":[{"embeddable":true,"href":"https:\/\/agora.xtec.cat\/escolaprovencana\/wp-json\/wp\/v2\/comments?post=5418"}],"version-history":[{"count":1,"href":"https:\/\/agora.xtec.cat\/escolaprovencana\/wp-json\/wp\/v2\/posts\/5418\/revisions"}],"predecessor-version":[{"id":5431,"href":"https:\/\/agora.xtec.cat\/escolaprovencana\/wp-json\/wp\/v2\/posts\/5418\/revisions\/5431"}],"wp:attachment":[{"href":"https:\/\/agora.xtec.cat\/escolaprovencana\/wp-json\/wp\/v2\/media?parent=5418"}],"wp:term":[{"taxonomy":"category","embeddable":true,"href":"https:\/\/agora.xtec.cat\/escolaprovencana\/wp-json\/wp\/v2\/categories?post=5418"},{"taxonomy":"post_tag","embeddable":true,"href":"https:\/\/agora.xtec.cat\/escolaprovencana\/wp-json\/wp\/v2\/tags?post=5418"}],"curies":[{"name":"wp","href":"https:\/\/api.w.org\/{rel}","templated":true}]}}