{"id":5367,"date":"2025-10-29T11:14:15","date_gmt":"2025-10-29T10:14:15","guid":{"rendered":"https:\/\/agora.xtec.cat\/escolaprovencana\/?p=5367"},"modified":"2025-10-29T11:15:51","modified_gmt":"2025-10-29T10:15:51","slug":"els-picapedra-arriben-a-4t","status":"publish","type":"post","link":"https:\/\/agora.xtec.cat\/escolaprovencana\/general\/els-picapedra-arriben-a-4t\/","title":{"rendered":"Els Picapedra arriben a 4t!"},"content":{"rendered":"\n<p>Aquest any, coincidint amb el 50\u00e8 aniversari de l\u2019escola, ens hem transportat fins als anys 70, quan va n\u00e9ixer la nostra escola&#8230; i tamb\u00e9 triomfaven Els Picapedra!<\/p>\n\n\n\n<p>Durant aquest curs, els alumnes de 4t ens convertirem en aut\u00e8ntics prehist\u00f2rics: descobrirem com vivien, qu\u00e8 menjaven, com s\u2019organitzaven i quines eines utilitzaven.<\/p>\n\n\n\n<p>Ser\u00e0 un curs ple d\u2019aprenentatges i diversi\u00f3!<\/p>\n\n\n\n<p><em>Yabba Dabba Doo!<\/em><\/p>\n\n\n\n<figure class=\"wp-block-image size-large\"><a href=\"https:\/\/agora.xtec.cat\/escolaprovencana\/wp-content\/uploads\/usu2442\/2025\/10\/unnamed-scaled.jpg\"><img loading=\"lazy\" decoding=\"async\" width=\"768\" height=\"1024\" src=\"https:\/\/agora.xtec.cat\/escolaprovencana\/wp-content\/uploads\/usu2442\/2025\/10\/unnamed-768x1024.jpg\" alt=\"\" class=\"wp-image-5368\" srcset=\"https:\/\/agora.xtec.cat\/escolaprovencana\/wp-content\/uploads\/usu2442\/2025\/10\/unnamed-768x1024.jpg 768w, https:\/\/agora.xtec.cat\/escolaprovencana\/wp-content\/uploads\/usu2442\/2025\/10\/unnamed-225x300.jpg 225w, https:\/\/agora.xtec.cat\/escolaprovencana\/wp-content\/uploads\/usu2442\/2025\/10\/unnamed-1152x1536.jpg 1152w, https:\/\/agora.xtec.cat\/escolaprovencana\/wp-content\/uploads\/usu2442\/2025\/10\/unnamed-1536x2048.jpg 1536w, https:\/\/agora.xtec.cat\/escolaprovencana\/wp-content\/uploads\/usu2442\/2025\/10\/unnamed-scaled.jpg 1920w\" sizes=\"auto, (max-width: 768px) 100vw, 768px\" \/><\/a><\/figure>\n","protected":false},"excerpt":{"rendered":"<p>Aquest any, coincidint amb el 50\u00e8 aniversari de l\u2019escola, ens hem transportat fins als anys 70, quan va n\u00e9ixer la nostra escola&#8230; i tamb\u00e9 triomfaven Els Picapedra!<\/p>\n<p>Durant aquest curs, els alumnes de 4t ens convertirem en aut\u00e8ntics prehist\u00f2rics: descobrirem com vivien, qu\u00e8 menjaven, com s\u2019organitzaven&hellip;  <a href=\"https:\/\/agora.xtec.cat\/escolaprovencana\/general\/els-picapedra-arriben-a-4t\/\" title=\"Read Els Picapedra arriben a 4t!\">Llegeix m\u00e9s\u00bb<\/a><\/p>\n","protected":false},"author":44,"featured_media":0,"comment_status":"closed","ping_status":"closed","sticky":false,"template":"","format":"standard","meta":{"_bbp_topic_count":0,"_bbp_reply_count":0,"_bbp_total_topic_count":0,"_bbp_total_reply_count":0,"_bbp_voice_count":0,"_bbp_anonymous_reply_count":0,"_bbp_topic_count_hidden":0,"_bbp_reply_count_hidden":0,"_bbp_forum_subforum_count":0,"footnotes":""},"categories":[13,1],"tags":[],"class_list":["post-5367","post","type-post","status-publish","format-standard","hentry","category-4t","category-general"],"post_mailing_queue_ids":[],"_links":{"self":[{"href":"https:\/\/agora.xtec.cat\/escolaprovencana\/wp-json\/wp\/v2\/posts\/5367","targetHints":{"allow":["GET"]}}],"collection":[{"href":"https:\/\/agora.xtec.cat\/escolaprovencana\/wp-json\/wp\/v2\/posts"}],"about":[{"href":"https:\/\/agora.xtec.cat\/escolaprovencana\/wp-json\/wp\/v2\/types\/post"}],"author":[{"embeddable":true,"href":"https:\/\/agora.xtec.cat\/escolaprovencana\/wp-json\/wp\/v2\/users\/44"}],"replies":[{"embeddable":true,"href":"https:\/\/agora.xtec.cat\/escolaprovencana\/wp-json\/wp\/v2\/comments?post=5367"}],"version-history":[{"count":1,"href":"https:\/\/agora.xtec.cat\/escolaprovencana\/wp-json\/wp\/v2\/posts\/5367\/revisions"}],"predecessor-version":[{"id":5369,"href":"https:\/\/agora.xtec.cat\/escolaprovencana\/wp-json\/wp\/v2\/posts\/5367\/revisions\/5369"}],"wp:attachment":[{"href":"https:\/\/agora.xtec.cat\/escolaprovencana\/wp-json\/wp\/v2\/media?parent=5367"}],"wp:term":[{"taxonomy":"category","embeddable":true,"href":"https:\/\/agora.xtec.cat\/escolaprovencana\/wp-json\/wp\/v2\/categories?post=5367"},{"taxonomy":"post_tag","embeddable":true,"href":"https:\/\/agora.xtec.cat\/escolaprovencana\/wp-json\/wp\/v2\/tags?post=5367"}],"curies":[{"name":"wp","href":"https:\/\/api.w.org\/{rel}","templated":true}]}}