{"id":5348,"date":"2025-10-20T19:33:52","date_gmt":"2025-10-20T17:33:52","guid":{"rendered":"https:\/\/agora.xtec.cat\/escolaprovencana\/?p=5348"},"modified":"2026-02-09T13:17:57","modified_gmt":"2026-02-09T12:17:57","slug":"musica-a-infantil","status":"publish","type":"post","link":"https:\/\/agora.xtec.cat\/escolaprovencana\/general\/musica-a-infantil\/","title":{"rendered":"M\u00fasica a Infantil"},"content":{"rendered":"\n<p>Bon dia fam\u00edlies! Adjuntem una petita mostra de les activitats que fem a la classe de m\u00fasica amb les classes d&#8217;I3, I4 i I5. Visca la m\u00fasica!<\/p>\n\n\n\n<p>Equip de mestres<\/p>\n\n\n\n<figure class=\"wp-block-video\"><video controls src=\"https:\/\/agora.xtec.cat\/escolaprovencana\/wp-content\/uploads\/usu2442\/2025\/10\/musica-a-infantil_ERP09Go8.mp4\"><\/video><\/figure>\n\n\n\n<p><\/p>\n","protected":false},"excerpt":{"rendered":"<p>Bon dia fam\u00edlies! Adjuntem una petita mostra de les activitats que fem a la classe de m\u00fasica amb les classes d&#8217;I3, I4 i I5. Visca la m\u00fasica!<\/p>\n<p>Equip de mestres<\/p>\n","protected":false},"author":11,"featured_media":0,"comment_status":"closed","ping_status":"closed","sticky":false,"template":"","format":"standard","meta":{"_bbp_topic_count":0,"_bbp_reply_count":0,"_bbp_total_topic_count":0,"_bbp_total_reply_count":0,"_bbp_voice_count":0,"_bbp_anonymous_reply_count":0,"_bbp_topic_count_hidden":0,"_bbp_reply_count_hidden":0,"_bbp_forum_subforum_count":0,"footnotes":""},"categories":[1,2],"tags":[],"class_list":["post-5348","post","type-post","status-publish","format-standard","hentry","category-general","category-infantil"],"post_mailing_queue_ids":[],"_links":{"self":[{"href":"https:\/\/agora.xtec.cat\/escolaprovencana\/wp-json\/wp\/v2\/posts\/5348","targetHints":{"allow":["GET"]}}],"collection":[{"href":"https:\/\/agora.xtec.cat\/escolaprovencana\/wp-json\/wp\/v2\/posts"}],"about":[{"href":"https:\/\/agora.xtec.cat\/escolaprovencana\/wp-json\/wp\/v2\/types\/post"}],"author":[{"embeddable":true,"href":"https:\/\/agora.xtec.cat\/escolaprovencana\/wp-json\/wp\/v2\/users\/11"}],"replies":[{"embeddable":true,"href":"https:\/\/agora.xtec.cat\/escolaprovencana\/wp-json\/wp\/v2\/comments?post=5348"}],"version-history":[{"count":2,"href":"https:\/\/agora.xtec.cat\/escolaprovencana\/wp-json\/wp\/v2\/posts\/5348\/revisions"}],"predecessor-version":[{"id":5351,"href":"https:\/\/agora.xtec.cat\/escolaprovencana\/wp-json\/wp\/v2\/posts\/5348\/revisions\/5351"}],"wp:attachment":[{"href":"https:\/\/agora.xtec.cat\/escolaprovencana\/wp-json\/wp\/v2\/media?parent=5348"}],"wp:term":[{"taxonomy":"category","embeddable":true,"href":"https:\/\/agora.xtec.cat\/escolaprovencana\/wp-json\/wp\/v2\/categories?post=5348"},{"taxonomy":"post_tag","embeddable":true,"href":"https:\/\/agora.xtec.cat\/escolaprovencana\/wp-json\/wp\/v2\/tags?post=5348"}],"curies":[{"name":"wp","href":"https:\/\/api.w.org\/{rel}","templated":true}]}}