{"id":5340,"date":"2025-10-17T09:44:46","date_gmt":"2025-10-17T07:44:46","guid":{"rendered":"https:\/\/agora.xtec.cat\/escolaprovencana\/?p=5340"},"modified":"2025-11-17T13:44:33","modified_gmt":"2025-11-17T12:44:33","slug":"els-nostres-padrins-lectors","status":"publish","type":"post","link":"https:\/\/agora.xtec.cat\/escolaprovencana\/general\/els-nostres-padrins-lectors\/","title":{"rendered":"Els nostres padrins lectors"},"content":{"rendered":"\n<p>Aquesta setmana hem posat en marxa una de les activitats m\u00e9s entranyables i educatives del curs: <strong>els Padrins Lectors<\/strong>. Els alumnes de <strong>6\u00e8<\/strong> han comen\u00e7at a apadrinar els nens i nenes de <strong>1r<\/strong>, compartint estones de lectura i descobrint plegats el plaer dels llibres.<\/p>\n\n\n\n<p>A trav\u00e9s d\u2019aquesta activitat, fomentem <strong>la conviv\u00e8ncia entre cicles<\/strong>, <strong>l\u2019ajuda entre iguals<\/strong> i <strong>l\u2019h\u00e0bit lector<\/strong> des d\u2019una experi\u00e8ncia positiva, propera i motivadora. Els alumnes grans es converteixen en guies i models lectors, mentre que els m\u00e9s petits se senten acompanyats i guanyen confian\u00e7a en la lectura.<\/p>\n\n\n\n<p>Cada setmana, els padrins i fillols comparteixen lectures, converses i experi\u00e8ncies que ajuden a <strong>enfortir vincles i crear un ambient cooperatiu i enriquidor<\/strong> dins l\u2019escola. Sens dubte, una manera preciosa de cr\u00e9ixer junts!<\/p>\n\n\n\n<p>Seguirem explicant-vos com evoluciona el projecte al llarg del curs!<\/p>\n\n\n\n<p><a href=\"https:\/\/agora.xtec.cat\/escolaprovencana\/wp-content\/uploads\/usu2442\/2025\/10\/Disseny-sense-titol-2.jpg\">https:\/\/agora.xtec.cat\/escolaprovencana\/wp-content\/uploads\/usu2442\/2025\/10\/Disseny-sense-titol-2.jpg<\/a><\/p>\n\n\n\n<p><\/p>\n","protected":false},"excerpt":{"rendered":"<p>Aquesta setmana hem posat en marxa una de les activitats m\u00e9s entranyables i educatives del curs: els Padrins Lectors. Els alumnes de 6\u00e8 han comen\u00e7at a apadrinar els nens i nenes de 1r, compartint estones de lectura i descobrint plegats el plaer dels llibres.<\/p>\n<p>A trav\u00e9s&hellip;  <a href=\"https:\/\/agora.xtec.cat\/escolaprovencana\/general\/els-nostres-padrins-lectors\/\" title=\"Read Els nostres padrins lectors\">Llegeix m\u00e9s\u00bb<\/a><\/p>\n","protected":false},"author":10,"featured_media":0,"comment_status":"closed","ping_status":"closed","sticky":false,"template":"","format":"standard","meta":{"_bbp_topic_count":0,"_bbp_reply_count":0,"_bbp_total_topic_count":0,"_bbp_total_reply_count":0,"_bbp_voice_count":0,"_bbp_anonymous_reply_count":0,"_bbp_topic_count_hidden":0,"_bbp_reply_count_hidden":0,"_bbp_forum_subforum_count":0,"footnotes":""},"categories":[10,15,1],"tags":[],"class_list":["post-5340","post","type-post","status-publish","format-standard","hentry","category-1r","category-6e","category-general"],"post_mailing_queue_ids":[],"_links":{"self":[{"href":"https:\/\/agora.xtec.cat\/escolaprovencana\/wp-json\/wp\/v2\/posts\/5340","targetHints":{"allow":["GET"]}}],"collection":[{"href":"https:\/\/agora.xtec.cat\/escolaprovencana\/wp-json\/wp\/v2\/posts"}],"about":[{"href":"https:\/\/agora.xtec.cat\/escolaprovencana\/wp-json\/wp\/v2\/types\/post"}],"author":[{"embeddable":true,"href":"https:\/\/agora.xtec.cat\/escolaprovencana\/wp-json\/wp\/v2\/users\/10"}],"replies":[{"embeddable":true,"href":"https:\/\/agora.xtec.cat\/escolaprovencana\/wp-json\/wp\/v2\/comments?post=5340"}],"version-history":[{"count":2,"href":"https:\/\/agora.xtec.cat\/escolaprovencana\/wp-json\/wp\/v2\/posts\/5340\/revisions"}],"predecessor-version":[{"id":5343,"href":"https:\/\/agora.xtec.cat\/escolaprovencana\/wp-json\/wp\/v2\/posts\/5340\/revisions\/5343"}],"wp:attachment":[{"href":"https:\/\/agora.xtec.cat\/escolaprovencana\/wp-json\/wp\/v2\/media?parent=5340"}],"wp:term":[{"taxonomy":"category","embeddable":true,"href":"https:\/\/agora.xtec.cat\/escolaprovencana\/wp-json\/wp\/v2\/categories?post=5340"},{"taxonomy":"post_tag","embeddable":true,"href":"https:\/\/agora.xtec.cat\/escolaprovencana\/wp-json\/wp\/v2\/tags?post=5340"}],"curies":[{"name":"wp","href":"https:\/\/api.w.org\/{rel}","templated":true}]}}