{"id":5329,"date":"2025-10-07T11:27:46","date_gmt":"2025-10-07T09:27:46","guid":{"rendered":"https:\/\/agora.xtec.cat\/escolaprovencana\/?p=5329"},"modified":"2025-11-17T13:47:26","modified_gmt":"2025-11-17T12:47:26","slug":"comencem-el-curs","status":"publish","type":"post","link":"https:\/\/agora.xtec.cat\/escolaprovencana\/general\/comencem-el-curs\/","title":{"rendered":"Comencem el curs."},"content":{"rendered":"\n<p>Aquest curs amb motiu del 50 aniversari de l&#8217;escola, hem escollit els dibuixos animats i les s\u00e8ries de la d\u00e8cada dels 70. Sis\u00e8 serem la classe de los Autos Locos, m\u00edtica s\u00e8rie de dibuixos animats, on una colla d&#8217;esbojarrats personatges intenten guanya una cursa d&#8217;autom\u00f2bils d&#8217;all\u00f2 m\u00e9s divertida. Aquesta \u00e9s la nostra porta decorada. Esperem gaudir molt i aprendre moltes coses aquest \u00faltim any d&#8217;escola.<\/p>\n\n\n\n<p><a href=\"https:\/\/agora.xtec.cat\/escolaprovencana\/wp-content\/uploads\/usu2442\/2025\/10\/Disseny-sense-titol.jpg\">https:\/\/agora.xtec.cat\/escolaprovencana\/wp-content\/uploads\/usu2442\/2025\/10\/Disseny-sense-titol.jpg<\/a><\/p>\n\n\n\n<p><\/p>\n","protected":false},"excerpt":{"rendered":"<p>Aquest curs amb motiu del 50 aniversari de l&#8217;escola, hem escollit els dibuixos animats i les s\u00e8ries de la d\u00e8cada dels 70. Sis\u00e8 serem la classe de los Autos Locos, m\u00edtica s\u00e8rie de dibuixos animats, on una colla d&#8217;esbojarrats personatges intenten guanya una cursa d&#8217;autom\u00f2bils&hellip;  <a href=\"https:\/\/agora.xtec.cat\/escolaprovencana\/general\/comencem-el-curs\/\" title=\"Read Comencem el curs.\">Llegeix m\u00e9s\u00bb<\/a><\/p>\n","protected":false},"author":10,"featured_media":0,"comment_status":"closed","ping_status":"closed","sticky":false,"template":"","format":"standard","meta":{"_bbp_topic_count":0,"_bbp_reply_count":0,"_bbp_total_topic_count":0,"_bbp_total_reply_count":0,"_bbp_voice_count":0,"_bbp_anonymous_reply_count":0,"_bbp_topic_count_hidden":0,"_bbp_reply_count_hidden":0,"_bbp_forum_subforum_count":0,"footnotes":""},"categories":[15,1],"tags":[],"class_list":["post-5329","post","type-post","status-publish","format-standard","hentry","category-6e","category-general"],"post_mailing_queue_ids":[],"_links":{"self":[{"href":"https:\/\/agora.xtec.cat\/escolaprovencana\/wp-json\/wp\/v2\/posts\/5329","targetHints":{"allow":["GET"]}}],"collection":[{"href":"https:\/\/agora.xtec.cat\/escolaprovencana\/wp-json\/wp\/v2\/posts"}],"about":[{"href":"https:\/\/agora.xtec.cat\/escolaprovencana\/wp-json\/wp\/v2\/types\/post"}],"author":[{"embeddable":true,"href":"https:\/\/agora.xtec.cat\/escolaprovencana\/wp-json\/wp\/v2\/users\/10"}],"replies":[{"embeddable":true,"href":"https:\/\/agora.xtec.cat\/escolaprovencana\/wp-json\/wp\/v2\/comments?post=5329"}],"version-history":[{"count":1,"href":"https:\/\/agora.xtec.cat\/escolaprovencana\/wp-json\/wp\/v2\/posts\/5329\/revisions"}],"predecessor-version":[{"id":5333,"href":"https:\/\/agora.xtec.cat\/escolaprovencana\/wp-json\/wp\/v2\/posts\/5329\/revisions\/5333"}],"wp:attachment":[{"href":"https:\/\/agora.xtec.cat\/escolaprovencana\/wp-json\/wp\/v2\/media?parent=5329"}],"wp:term":[{"taxonomy":"category","embeddable":true,"href":"https:\/\/agora.xtec.cat\/escolaprovencana\/wp-json\/wp\/v2\/categories?post=5329"},{"taxonomy":"post_tag","embeddable":true,"href":"https:\/\/agora.xtec.cat\/escolaprovencana\/wp-json\/wp\/v2\/tags?post=5329"}],"curies":[{"name":"wp","href":"https:\/\/api.w.org\/{rel}","templated":true}]}}