{"id":5324,"date":"2025-09-30T19:04:11","date_gmt":"2025-09-30T17:04:11","guid":{"rendered":"https:\/\/agora.xtec.cat\/escolaprovencana\/?p=5324"},"modified":"2025-09-30T19:07:47","modified_gmt":"2025-09-30T17:07:47","slug":"servei-dacollida-a-les-reunions-de-families","status":"publish","type":"post","link":"https:\/\/agora.xtec.cat\/escolaprovencana\/afa\/servei-dacollida-a-les-reunions-de-families\/","title":{"rendered":"Servei d&#8217;acollida a les reunions de fam\u00edlies"},"content":{"rendered":"\n<p>Com cada any, l&#8217;AFA s&#8217;encarrega d&#8217;organitzar i assumir el servei d&#8217;acollida dels infants mentre els pares\/mares assisteixen a les reunions de fam\u00edlies. Aquest, any, a causa del baix nombre de fam\u00edlies adscrites a l&#8217;AFA, nom\u00e9s podrem oferir aquesta activitat a les classes d&#8217;I3 fins 4t.<br>Aquest servei ser\u00e0 gratu\u00eft.<\/p>\n\n\n\n<figure class=\"wp-block-image size-full\"><a href=\"https:\/\/agora.xtec.cat\/escolaprovencana\/wp-content\/uploads\/usu2442\/2025\/09\/Acollida.jpg\"><img loading=\"lazy\" decoding=\"async\" width=\"716\" height=\"424\" src=\"https:\/\/agora.xtec.cat\/escolaprovencana\/wp-content\/uploads\/usu2442\/2025\/09\/Acollida.jpg\" alt=\"\" class=\"wp-image-5327\" srcset=\"https:\/\/agora.xtec.cat\/escolaprovencana\/wp-content\/uploads\/usu2442\/2025\/09\/Acollida.jpg 716w, https:\/\/agora.xtec.cat\/escolaprovencana\/wp-content\/uploads\/usu2442\/2025\/09\/Acollida-300x178.jpg 300w\" sizes=\"auto, (max-width: 716px) 100vw, 716px\" \/><\/a><\/figure>\n","protected":false},"excerpt":{"rendered":"<p>Com cada any, l&#8217;AFA s&#8217;encarrega d&#8217;organitzar i assumir el servei d&#8217;acollida dels infants mentre els pares\/mares assisteixen a les reunions de fam\u00edlies. Aquest, any, a causa del baix nombre de fam\u00edlies adscrites a l&#8217;AFA, nom\u00e9s podrem oferir aquesta activitat a les classes d&#8217;I3 fins 4t.Aquest&hellip;  <a href=\"https:\/\/agora.xtec.cat\/escolaprovencana\/afa\/servei-dacollida-a-les-reunions-de-families\/\" title=\"Read Servei d&#8217;acollida a les reunions de fam\u00edlies\">Llegeix m\u00e9s\u00bb<\/a><\/p>\n","protected":false},"author":50,"featured_media":5327,"comment_status":"closed","ping_status":"open","sticky":false,"template":"","format":"standard","meta":{"_bbp_topic_count":0,"_bbp_reply_count":0,"_bbp_total_topic_count":0,"_bbp_total_reply_count":0,"_bbp_voice_count":0,"_bbp_anonymous_reply_count":0,"_bbp_topic_count_hidden":0,"_bbp_reply_count_hidden":0,"_bbp_forum_subforum_count":0,"footnotes":""},"categories":[7],"tags":[130],"class_list":["post-5324","post","type-post","status-publish","format-standard","has-post-thumbnail","hentry","category-afa","tag-afa"],"post_mailing_queue_ids":[],"_links":{"self":[{"href":"https:\/\/agora.xtec.cat\/escolaprovencana\/wp-json\/wp\/v2\/posts\/5324","targetHints":{"allow":["GET"]}}],"collection":[{"href":"https:\/\/agora.xtec.cat\/escolaprovencana\/wp-json\/wp\/v2\/posts"}],"about":[{"href":"https:\/\/agora.xtec.cat\/escolaprovencana\/wp-json\/wp\/v2\/types\/post"}],"author":[{"embeddable":true,"href":"https:\/\/agora.xtec.cat\/escolaprovencana\/wp-json\/wp\/v2\/users\/50"}],"replies":[{"embeddable":true,"href":"https:\/\/agora.xtec.cat\/escolaprovencana\/wp-json\/wp\/v2\/comments?post=5324"}],"version-history":[{"count":2,"href":"https:\/\/agora.xtec.cat\/escolaprovencana\/wp-json\/wp\/v2\/posts\/5324\/revisions"}],"predecessor-version":[{"id":5328,"href":"https:\/\/agora.xtec.cat\/escolaprovencana\/wp-json\/wp\/v2\/posts\/5324\/revisions\/5328"}],"wp:featuredmedia":[{"embeddable":true,"href":"https:\/\/agora.xtec.cat\/escolaprovencana\/wp-json\/wp\/v2\/media\/5327"}],"wp:attachment":[{"href":"https:\/\/agora.xtec.cat\/escolaprovencana\/wp-json\/wp\/v2\/media?parent=5324"}],"wp:term":[{"taxonomy":"category","embeddable":true,"href":"https:\/\/agora.xtec.cat\/escolaprovencana\/wp-json\/wp\/v2\/categories?post=5324"},{"taxonomy":"post_tag","embeddable":true,"href":"https:\/\/agora.xtec.cat\/escolaprovencana\/wp-json\/wp\/v2\/tags?post=5324"}],"curies":[{"name":"wp","href":"https:\/\/api.w.org\/{rel}","templated":true}]}}