{"id":5320,"date":"2025-09-30T18:55:01","date_gmt":"2025-09-30T16:55:01","guid":{"rendered":"https:\/\/agora.xtec.cat\/escolaprovencana\/?p=5320"},"modified":"2025-09-30T19:08:17","modified_gmt":"2025-09-30T17:08:17","slug":"lafa-us-necessita","status":"publish","type":"post","link":"https:\/\/agora.xtec.cat\/escolaprovencana\/afa\/lafa-us-necessita\/","title":{"rendered":"L&#8217;AFA us necessita!"},"content":{"rendered":"\n<div class=\"wp-block-group is-nowrap is-layout-flex wp-container-core-group-is-layout-1 wp-block-group-is-layout-flex\">\n<p>Comencem el curs i des de l&#8217;AFA ja ens estem organitzant per poder oferir activitats, recursos extraescolars, servei de menjador i aportacions a l&#8217;escola per a la millora de les condicions dels nostres fills\/lles. A banda de sol\u00b7licitar voluntaris\/\u00e0ries que vulguin participar en aquest projecte de millora, necessitem socis\/s\u00f2cies que el recolzin. Per aix\u00f2 us fem arribar la informaci\u00f3 per a poder ser membre d&#8217;aquest equip amb un primer pas: pagar la quota que ajuda a poder portar a terme tots aquests objectius. S\u00f3n 25\u202f\u20ac a l&#8217;any per fam\u00edlia i ja es poden ingressar al cc detallat en el cartell adjunt. Us animem a participar-hi!<\/p>\n\n\n<\/div>\n\n\n\n<figure class=\"wp-block-image size-large\"><a href=\"https:\/\/agora.xtec.cat\/escolaprovencana\/wp-content\/uploads\/usu2442\/2025\/09\/AFA-PROVENCANA-WEB.jpg\"><img loading=\"lazy\" decoding=\"async\" width=\"724\" height=\"1024\" src=\"https:\/\/agora.xtec.cat\/escolaprovencana\/wp-content\/uploads\/usu2442\/2025\/09\/AFA-PROVENCANA-WEB-724x1024.jpg\" alt=\"\" class=\"wp-image-5322\" srcset=\"https:\/\/agora.xtec.cat\/escolaprovencana\/wp-content\/uploads\/usu2442\/2025\/09\/AFA-PROVENCANA-WEB-724x1024.jpg 724w, https:\/\/agora.xtec.cat\/escolaprovencana\/wp-content\/uploads\/usu2442\/2025\/09\/AFA-PROVENCANA-WEB-212x300.jpg 212w, https:\/\/agora.xtec.cat\/escolaprovencana\/wp-content\/uploads\/usu2442\/2025\/09\/AFA-PROVENCANA-WEB-768x1086.jpg 768w, https:\/\/agora.xtec.cat\/escolaprovencana\/wp-content\/uploads\/usu2442\/2025\/09\/AFA-PROVENCANA-WEB-1087x1536.jpg 1087w, https:\/\/agora.xtec.cat\/escolaprovencana\/wp-content\/uploads\/usu2442\/2025\/09\/AFA-PROVENCANA-WEB-1449x2048.jpg 1449w, https:\/\/agora.xtec.cat\/escolaprovencana\/wp-content\/uploads\/usu2442\/2025\/09\/AFA-PROVENCANA-WEB.jpg 1654w\" sizes=\"auto, (max-width: 724px) 100vw, 724px\" \/><\/a><\/figure>\n\n\n\n<p><\/p>\n","protected":false},"excerpt":{"rendered":"<p>Comencem el curs i des de l&#8217;AFA ja ens estem organitzant per poder oferir activitats, recursos extraescolars, servei de menjador i aportacions a l&#8217;escola per a la millora de les condicions dels nostres fills\/lles. A banda de sol\u00b7licitar voluntaris\/\u00e0ries que vulguin participar en aquest projecte&hellip;  <a href=\"https:\/\/agora.xtec.cat\/escolaprovencana\/afa\/lafa-us-necessita\/\" title=\"Read L&#8217;AFA us necessita!\">Llegeix m\u00e9s\u00bb<\/a><\/p>\n","protected":false},"author":50,"featured_media":5322,"comment_status":"closed","ping_status":"open","sticky":false,"template":"","format":"standard","meta":{"_bbp_topic_count":0,"_bbp_reply_count":0,"_bbp_total_topic_count":0,"_bbp_total_reply_count":0,"_bbp_voice_count":0,"_bbp_anonymous_reply_count":0,"_bbp_topic_count_hidden":0,"_bbp_reply_count_hidden":0,"_bbp_forum_subforum_count":0,"footnotes":""},"categories":[7],"tags":[130],"class_list":["post-5320","post","type-post","status-publish","format-standard","has-post-thumbnail","hentry","category-afa","tag-afa"],"post_mailing_queue_ids":[],"_links":{"self":[{"href":"https:\/\/agora.xtec.cat\/escolaprovencana\/wp-json\/wp\/v2\/posts\/5320","targetHints":{"allow":["GET"]}}],"collection":[{"href":"https:\/\/agora.xtec.cat\/escolaprovencana\/wp-json\/wp\/v2\/posts"}],"about":[{"href":"https:\/\/agora.xtec.cat\/escolaprovencana\/wp-json\/wp\/v2\/types\/post"}],"author":[{"embeddable":true,"href":"https:\/\/agora.xtec.cat\/escolaprovencana\/wp-json\/wp\/v2\/users\/50"}],"replies":[{"embeddable":true,"href":"https:\/\/agora.xtec.cat\/escolaprovencana\/wp-json\/wp\/v2\/comments?post=5320"}],"version-history":[{"count":1,"href":"https:\/\/agora.xtec.cat\/escolaprovencana\/wp-json\/wp\/v2\/posts\/5320\/revisions"}],"predecessor-version":[{"id":5323,"href":"https:\/\/agora.xtec.cat\/escolaprovencana\/wp-json\/wp\/v2\/posts\/5320\/revisions\/5323"}],"wp:featuredmedia":[{"embeddable":true,"href":"https:\/\/agora.xtec.cat\/escolaprovencana\/wp-json\/wp\/v2\/media\/5322"}],"wp:attachment":[{"href":"https:\/\/agora.xtec.cat\/escolaprovencana\/wp-json\/wp\/v2\/media?parent=5320"}],"wp:term":[{"taxonomy":"category","embeddable":true,"href":"https:\/\/agora.xtec.cat\/escolaprovencana\/wp-json\/wp\/v2\/categories?post=5320"},{"taxonomy":"post_tag","embeddable":true,"href":"https:\/\/agora.xtec.cat\/escolaprovencana\/wp-json\/wp\/v2\/tags?post=5320"}],"curies":[{"name":"wp","href":"https:\/\/api.w.org\/{rel}","templated":true}]}}