{"id":5262,"date":"2025-06-30T07:41:32","date_gmt":"2025-06-30T05:41:32","guid":{"rendered":"https:\/\/agora.xtec.cat\/escolaprovencana\/?p=5262"},"modified":"2025-06-30T07:41:33","modified_gmt":"2025-06-30T05:41:33","slug":"mostra-de-teatre","status":"publish","type":"post","link":"https:\/\/agora.xtec.cat\/escolaprovencana\/general\/mostra-de-teatre\/","title":{"rendered":"Mostra de Teatre"},"content":{"rendered":"\n<p>Us deixem unes fotos de la Mostra de Teatre que va tenir lloc al Centre Cultural Santa Eul\u00e0lia el passat dijous 24 d&#8217;abril. Per a la representaci\u00f3 vam inspirar-nos en el llibre &#8220;El club de la lluita per la igualtat&#8221;. Ens va fer molta il\u00b7lusi\u00f3 fer cr\u00e9ixer la hist\u00f2ria assaig rere assaig fins a poder mostrar-vos-la a les fam\u00edlies i a les nostres companyes i companys de 3r.<\/p>\n\n\n\n<figure class=\"wp-block-image size-large is-resized\"><a href=\"https:\/\/agora.xtec.cat\/escolaprovencana\/wp-content\/uploads\/usu2442\/2025\/06\/Fotos-Tots-scaled.jpg\"><img loading=\"lazy\" decoding=\"async\" width=\"1024\" height=\"768\" src=\"https:\/\/agora.xtec.cat\/escolaprovencana\/wp-content\/uploads\/usu2442\/2025\/06\/Fotos-Tots-1024x768.jpg\" alt=\"\" class=\"wp-image-5278\" style=\"width:558px;height:auto\" srcset=\"https:\/\/agora.xtec.cat\/escolaprovencana\/wp-content\/uploads\/usu2442\/2025\/06\/Fotos-Tots-1024x768.jpg 1024w, https:\/\/agora.xtec.cat\/escolaprovencana\/wp-content\/uploads\/usu2442\/2025\/06\/Fotos-Tots-300x225.jpg 300w, https:\/\/agora.xtec.cat\/escolaprovencana\/wp-content\/uploads\/usu2442\/2025\/06\/Fotos-Tots-768x576.jpg 768w, https:\/\/agora.xtec.cat\/escolaprovencana\/wp-content\/uploads\/usu2442\/2025\/06\/Fotos-Tots-1536x1152.jpg 1536w, https:\/\/agora.xtec.cat\/escolaprovencana\/wp-content\/uploads\/usu2442\/2025\/06\/Fotos-Tots-2048x1536.jpg 2048w, https:\/\/agora.xtec.cat\/escolaprovencana\/wp-content\/uploads\/usu2442\/2025\/06\/Fotos-Tots-200x150.jpg 200w\" sizes=\"auto, (max-width: 1024px) 100vw, 1024px\" \/><\/a><\/figure>\n\n\n\n<p><\/p>\n\n\n\n<figure class=\"wp-block-image size-large is-resized\"><a href=\"https:\/\/agora.xtec.cat\/escolaprovencana\/wp-content\/uploads\/usu2442\/2025\/06\/IMG_2557-3-scaled.jpg\"><img loading=\"lazy\" decoding=\"async\" width=\"1024\" height=\"768\" src=\"https:\/\/agora.xtec.cat\/escolaprovencana\/wp-content\/uploads\/usu2442\/2025\/06\/IMG_2557-3-1024x768.jpg\" alt=\"\" class=\"wp-image-5277\" style=\"width:559px;height:auto\" srcset=\"https:\/\/agora.xtec.cat\/escolaprovencana\/wp-content\/uploads\/usu2442\/2025\/06\/IMG_2557-3-1024x768.jpg 1024w, https:\/\/agora.xtec.cat\/escolaprovencana\/wp-content\/uploads\/usu2442\/2025\/06\/IMG_2557-3-300x225.jpg 300w, https:\/\/agora.xtec.cat\/escolaprovencana\/wp-content\/uploads\/usu2442\/2025\/06\/IMG_2557-3-768x576.jpg 768w, https:\/\/agora.xtec.cat\/escolaprovencana\/wp-content\/uploads\/usu2442\/2025\/06\/IMG_2557-3-1536x1152.jpg 1536w, https:\/\/agora.xtec.cat\/escolaprovencana\/wp-content\/uploads\/usu2442\/2025\/06\/IMG_2557-3-2048x1536.jpg 2048w, https:\/\/agora.xtec.cat\/escolaprovencana\/wp-content\/uploads\/usu2442\/2025\/06\/IMG_2557-3-200x150.jpg 200w\" sizes=\"auto, (max-width: 1024px) 100vw, 1024px\" \/><\/a><\/figure>\n\n\n\n<p><\/p>\n\n\n\n<figure class=\"wp-block-image size-large is-resized\"><a href=\"https:\/\/agora.xtec.cat\/escolaprovencana\/wp-content\/uploads\/usu2442\/2025\/06\/IMG_2559-3-scaled.jpg\"><img loading=\"lazy\" decoding=\"async\" width=\"1024\" height=\"768\" src=\"https:\/\/agora.xtec.cat\/escolaprovencana\/wp-content\/uploads\/usu2442\/2025\/06\/IMG_2559-3-1024x768.jpg\" alt=\"\" class=\"wp-image-5279\" style=\"width:560px;height:auto\" srcset=\"https:\/\/agora.xtec.cat\/escolaprovencana\/wp-content\/uploads\/usu2442\/2025\/06\/IMG_2559-3-1024x768.jpg 1024w, https:\/\/agora.xtec.cat\/escolaprovencana\/wp-content\/uploads\/usu2442\/2025\/06\/IMG_2559-3-300x225.jpg 300w, https:\/\/agora.xtec.cat\/escolaprovencana\/wp-content\/uploads\/usu2442\/2025\/06\/IMG_2559-3-768x576.jpg 768w, https:\/\/agora.xtec.cat\/escolaprovencana\/wp-content\/uploads\/usu2442\/2025\/06\/IMG_2559-3-1536x1152.jpg 1536w, https:\/\/agora.xtec.cat\/escolaprovencana\/wp-content\/uploads\/usu2442\/2025\/06\/IMG_2559-3-2048x1536.jpg 2048w, https:\/\/agora.xtec.cat\/escolaprovencana\/wp-content\/uploads\/usu2442\/2025\/06\/IMG_2559-3-200x150.jpg 200w\" sizes=\"auto, (max-width: 1024px) 100vw, 1024px\" \/><\/a><\/figure>\n\n\n\n<p><\/p>\n\n\n\n<figure class=\"wp-block-image size-large is-resized\"><a href=\"https:\/\/agora.xtec.cat\/escolaprovencana\/wp-content\/uploads\/usu2442\/2025\/06\/IMG_2561-2-scaled.jpg\"><img loading=\"lazy\" decoding=\"async\" width=\"1024\" height=\"768\" src=\"https:\/\/agora.xtec.cat\/escolaprovencana\/wp-content\/uploads\/usu2442\/2025\/06\/IMG_2561-2-1024x768.jpg\" alt=\"\" class=\"wp-image-5280\" style=\"width:563px;height:auto\" srcset=\"https:\/\/agora.xtec.cat\/escolaprovencana\/wp-content\/uploads\/usu2442\/2025\/06\/IMG_2561-2-1024x768.jpg 1024w, https:\/\/agora.xtec.cat\/escolaprovencana\/wp-content\/uploads\/usu2442\/2025\/06\/IMG_2561-2-300x225.jpg 300w, https:\/\/agora.xtec.cat\/escolaprovencana\/wp-content\/uploads\/usu2442\/2025\/06\/IMG_2561-2-768x576.jpg 768w, https:\/\/agora.xtec.cat\/escolaprovencana\/wp-content\/uploads\/usu2442\/2025\/06\/IMG_2561-2-1536x1152.jpg 1536w, https:\/\/agora.xtec.cat\/escolaprovencana\/wp-content\/uploads\/usu2442\/2025\/06\/IMG_2561-2-2048x1536.jpg 2048w, https:\/\/agora.xtec.cat\/escolaprovencana\/wp-content\/uploads\/usu2442\/2025\/06\/IMG_2561-2-200x150.jpg 200w\" sizes=\"auto, (max-width: 1024px) 100vw, 1024px\" \/><\/a><\/figure>\n\n\n\n<p><\/p>\n\n\n\n<figure class=\"wp-block-image size-large is-resized\"><a href=\"https:\/\/agora.xtec.cat\/escolaprovencana\/wp-content\/uploads\/usu2442\/2025\/06\/IMG_2565-2-scaled.jpg\"><img loading=\"lazy\" decoding=\"async\" width=\"1024\" height=\"768\" src=\"https:\/\/agora.xtec.cat\/escolaprovencana\/wp-content\/uploads\/usu2442\/2025\/06\/IMG_2565-2-1024x768.jpg\" alt=\"\" class=\"wp-image-5281\" style=\"width:563px;height:auto\" srcset=\"https:\/\/agora.xtec.cat\/escolaprovencana\/wp-content\/uploads\/usu2442\/2025\/06\/IMG_2565-2-1024x768.jpg 1024w, https:\/\/agora.xtec.cat\/escolaprovencana\/wp-content\/uploads\/usu2442\/2025\/06\/IMG_2565-2-300x225.jpg 300w, https:\/\/agora.xtec.cat\/escolaprovencana\/wp-content\/uploads\/usu2442\/2025\/06\/IMG_2565-2-768x576.jpg 768w, https:\/\/agora.xtec.cat\/escolaprovencana\/wp-content\/uploads\/usu2442\/2025\/06\/IMG_2565-2-1536x1152.jpg 1536w, https:\/\/agora.xtec.cat\/escolaprovencana\/wp-content\/uploads\/usu2442\/2025\/06\/IMG_2565-2-2048x1536.jpg 2048w, https:\/\/agora.xtec.cat\/escolaprovencana\/wp-content\/uploads\/usu2442\/2025\/06\/IMG_2565-2-200x150.jpg 200w\" sizes=\"auto, (max-width: 1024px) 100vw, 1024px\" \/><\/a><\/figure>\n\n\n\n<p><\/p>\n\n\n\n<figure class=\"wp-block-image size-large is-resized\"><a href=\"https:\/\/agora.xtec.cat\/escolaprovencana\/wp-content\/uploads\/usu2442\/2025\/06\/IMG_2567-2-scaled.jpg\"><img loading=\"lazy\" decoding=\"async\" width=\"1024\" height=\"768\" src=\"https:\/\/agora.xtec.cat\/escolaprovencana\/wp-content\/uploads\/usu2442\/2025\/06\/IMG_2567-2-1024x768.jpg\" alt=\"\" class=\"wp-image-5282\" style=\"width:563px;height:auto\" srcset=\"https:\/\/agora.xtec.cat\/escolaprovencana\/wp-content\/uploads\/usu2442\/2025\/06\/IMG_2567-2-1024x768.jpg 1024w, https:\/\/agora.xtec.cat\/escolaprovencana\/wp-content\/uploads\/usu2442\/2025\/06\/IMG_2567-2-300x225.jpg 300w, https:\/\/agora.xtec.cat\/escolaprovencana\/wp-content\/uploads\/usu2442\/2025\/06\/IMG_2567-2-768x576.jpg 768w, https:\/\/agora.xtec.cat\/escolaprovencana\/wp-content\/uploads\/usu2442\/2025\/06\/IMG_2567-2-1536x1152.jpg 1536w, https:\/\/agora.xtec.cat\/escolaprovencana\/wp-content\/uploads\/usu2442\/2025\/06\/IMG_2567-2-2048x1536.jpg 2048w, https:\/\/agora.xtec.cat\/escolaprovencana\/wp-content\/uploads\/usu2442\/2025\/06\/IMG_2567-2-200x150.jpg 200w\" sizes=\"auto, (max-width: 1024px) 100vw, 1024px\" \/><\/a><\/figure>\n\n\n\n<p><\/p>\n\n\n\n<figure class=\"wp-block-image size-large is-resized\"><a href=\"https:\/\/agora.xtec.cat\/escolaprovencana\/wp-content\/uploads\/usu2442\/2025\/06\/IMG_2571-scaled.jpg\"><img loading=\"lazy\" decoding=\"async\" width=\"1024\" height=\"768\" src=\"https:\/\/agora.xtec.cat\/escolaprovencana\/wp-content\/uploads\/usu2442\/2025\/06\/IMG_2571-1024x768.jpg\" alt=\"\" class=\"wp-image-5283\" style=\"width:565px;height:auto\" srcset=\"https:\/\/agora.xtec.cat\/escolaprovencana\/wp-content\/uploads\/usu2442\/2025\/06\/IMG_2571-1024x768.jpg 1024w, https:\/\/agora.xtec.cat\/escolaprovencana\/wp-content\/uploads\/usu2442\/2025\/06\/IMG_2571-300x225.jpg 300w, https:\/\/agora.xtec.cat\/escolaprovencana\/wp-content\/uploads\/usu2442\/2025\/06\/IMG_2571-768x576.jpg 768w, https:\/\/agora.xtec.cat\/escolaprovencana\/wp-content\/uploads\/usu2442\/2025\/06\/IMG_2571-1536x1152.jpg 1536w, https:\/\/agora.xtec.cat\/escolaprovencana\/wp-content\/uploads\/usu2442\/2025\/06\/IMG_2571-2048x1536.jpg 2048w, https:\/\/agora.xtec.cat\/escolaprovencana\/wp-content\/uploads\/usu2442\/2025\/06\/IMG_2571-200x150.jpg 200w\" sizes=\"auto, (max-width: 1024px) 100vw, 1024px\" \/><\/a><\/figure>\n\n\n\n<p><\/p>\n\n\n\n<figure class=\"wp-block-image size-large is-resized\"><a href=\"https:\/\/agora.xtec.cat\/escolaprovencana\/wp-content\/uploads\/usu2442\/2025\/06\/IMG_20250515_105005-scaled.jpg\"><img loading=\"lazy\" decoding=\"async\" width=\"1024\" height=\"768\" src=\"https:\/\/agora.xtec.cat\/escolaprovencana\/wp-content\/uploads\/usu2442\/2025\/06\/IMG_20250515_105005-1024x768.jpg\" alt=\"\" class=\"wp-image-5284\" style=\"width:569px;height:auto\" srcset=\"https:\/\/agora.xtec.cat\/escolaprovencana\/wp-content\/uploads\/usu2442\/2025\/06\/IMG_20250515_105005-1024x768.jpg 1024w, https:\/\/agora.xtec.cat\/escolaprovencana\/wp-content\/uploads\/usu2442\/2025\/06\/IMG_20250515_105005-300x225.jpg 300w, https:\/\/agora.xtec.cat\/escolaprovencana\/wp-content\/uploads\/usu2442\/2025\/06\/IMG_20250515_105005-768x576.jpg 768w, https:\/\/agora.xtec.cat\/escolaprovencana\/wp-content\/uploads\/usu2442\/2025\/06\/IMG_20250515_105005-1536x1152.jpg 1536w, https:\/\/agora.xtec.cat\/escolaprovencana\/wp-content\/uploads\/usu2442\/2025\/06\/IMG_20250515_105005-2048x1536.jpg 2048w, https:\/\/agora.xtec.cat\/escolaprovencana\/wp-content\/uploads\/usu2442\/2025\/06\/IMG_20250515_105005-200x150.jpg 200w\" sizes=\"auto, (max-width: 1024px) 100vw, 1024px\" \/><\/a><\/figure>\n\n\n\n<p><\/p>\n\n\n\n<p>Mai que sigueu v\u00edctimes o testimonis d&#8217;alguna injust\u00edcia o discriminaci\u00f3, recordeu, <strong>EL CLUB DE LA LLUITA PER LA IGUALTAT I LA NO DISCRIMINACI\u00d3, ENTRA EN ACCI\u00d3!<\/strong><\/p>\n\n\n\n<p>Classe dels CARS (Quart)<\/p>\n\n\n\n<p><\/p>\n","protected":false},"excerpt":{"rendered":"<p>Us deixem unes fotos de la Mostra de Teatre que va tenir lloc al Centre Cultural Santa Eul\u00e0lia el passat dijous 24 d&#8217;abril. Per a la representaci\u00f3 vam inspirar-nos en el llibre &#8220;El club de la lluita per la igualtat&#8221;. Ens va fer molta il\u00b7lusi\u00f3&hellip;  <a href=\"https:\/\/agora.xtec.cat\/escolaprovencana\/general\/mostra-de-teatre\/\" title=\"Read Mostra de Teatre\">Llegeix m\u00e9s\u00bb<\/a><\/p>\n","protected":false},"author":15,"featured_media":0,"comment_status":"closed","ping_status":"closed","sticky":false,"template":"","format":"standard","meta":{"_bbp_topic_count":0,"_bbp_reply_count":0,"_bbp_total_topic_count":0,"_bbp_total_reply_count":0,"_bbp_voice_count":0,"_bbp_anonymous_reply_count":0,"_bbp_topic_count_hidden":0,"_bbp_reply_count_hidden":0,"_bbp_forum_subforum_count":0,"footnotes":""},"categories":[13,1],"tags":[],"class_list":["post-5262","post","type-post","status-publish","format-standard","hentry","category-4t","category-general"],"post_mailing_queue_ids":[],"_links":{"self":[{"href":"https:\/\/agora.xtec.cat\/escolaprovencana\/wp-json\/wp\/v2\/posts\/5262","targetHints":{"allow":["GET"]}}],"collection":[{"href":"https:\/\/agora.xtec.cat\/escolaprovencana\/wp-json\/wp\/v2\/posts"}],"about":[{"href":"https:\/\/agora.xtec.cat\/escolaprovencana\/wp-json\/wp\/v2\/types\/post"}],"author":[{"embeddable":true,"href":"https:\/\/agora.xtec.cat\/escolaprovencana\/wp-json\/wp\/v2\/users\/15"}],"replies":[{"embeddable":true,"href":"https:\/\/agora.xtec.cat\/escolaprovencana\/wp-json\/wp\/v2\/comments?post=5262"}],"version-history":[{"count":6,"href":"https:\/\/agora.xtec.cat\/escolaprovencana\/wp-json\/wp\/v2\/posts\/5262\/revisions"}],"predecessor-version":[{"id":5290,"href":"https:\/\/agora.xtec.cat\/escolaprovencana\/wp-json\/wp\/v2\/posts\/5262\/revisions\/5290"}],"wp:attachment":[{"href":"https:\/\/agora.xtec.cat\/escolaprovencana\/wp-json\/wp\/v2\/media?parent=5262"}],"wp:term":[{"taxonomy":"category","embeddable":true,"href":"https:\/\/agora.xtec.cat\/escolaprovencana\/wp-json\/wp\/v2\/categories?post=5262"},{"taxonomy":"post_tag","embeddable":true,"href":"https:\/\/agora.xtec.cat\/escolaprovencana\/wp-json\/wp\/v2\/tags?post=5262"}],"curies":[{"name":"wp","href":"https:\/\/api.w.org\/{rel}","templated":true}]}}