{"id":5252,"date":"2025-06-27T09:11:38","date_gmt":"2025-06-27T07:11:38","guid":{"rendered":"https:\/\/agora.xtec.cat\/escolaprovencana\/?p=5252"},"modified":"2025-06-27T09:11:38","modified_gmt":"2025-06-27T07:11:38","slug":"aniversaris-peixos-3r-trimestre","status":"publish","type":"post","link":"https:\/\/agora.xtec.cat\/escolaprovencana\/general\/aniversaris-peixos-3r-trimestre\/","title":{"rendered":"Aniversaris Peixos 3r trimestre"},"content":{"rendered":"\n<p>Fam\u00edlies, us compartim els v\u00eddeos dels peixos que han celebrat el seu aniversari durant el segon trimestre, aix\u00ed com de les parelles de peixets que els faran a l\u2019estiu. Esperem que els gaudiu!<\/p>\n\n\n\n<figure class=\"wp-block-embed is-type-video is-provider-youtube wp-block-embed-youtube wp-embed-aspect-16-9 wp-has-aspect-ratio\"><div class=\"wp-block-embed__wrapper\">\n<iframe loading=\"lazy\" title=\"Aniversaris Peixos 3r trimestre\" width=\"500\" height=\"281\" src=\"https:\/\/www.youtube.com\/embed\/m20GEpbeciE?feature=oembed\" frameborder=\"0\" allow=\"accelerometer; autoplay; clipboard-write; encrypted-media; gyroscope; picture-in-picture; web-share\" referrerpolicy=\"strict-origin-when-cross-origin\" allowfullscreen><\/iframe>\n<\/div><\/figure>\n","protected":false},"excerpt":{"rendered":"<p>Fam\u00edlies, us compartim els v\u00eddeos dels peixos que han celebrat el seu aniversari durant el segon trimestre, aix\u00ed com de les parelles de peixets que els faran a l\u2019estiu. Esperem que els gaudiu!<\/p>\n","protected":false},"author":25,"featured_media":0,"comment_status":"open","ping_status":"open","sticky":false,"template":"","format":"standard","meta":{"_bbp_topic_count":0,"_bbp_reply_count":0,"_bbp_total_topic_count":0,"_bbp_total_reply_count":0,"_bbp_voice_count":0,"_bbp_anonymous_reply_count":0,"_bbp_topic_count_hidden":0,"_bbp_reply_count_hidden":0,"_bbp_forum_subforum_count":0,"footnotes":""},"categories":[1,8],"tags":[],"class_list":["post-5252","post","type-post","status-publish","format-standard","hentry","category-general","category-i4"],"post_mailing_queue_ids":[],"_links":{"self":[{"href":"https:\/\/agora.xtec.cat\/escolaprovencana\/wp-json\/wp\/v2\/posts\/5252","targetHints":{"allow":["GET"]}}],"collection":[{"href":"https:\/\/agora.xtec.cat\/escolaprovencana\/wp-json\/wp\/v2\/posts"}],"about":[{"href":"https:\/\/agora.xtec.cat\/escolaprovencana\/wp-json\/wp\/v2\/types\/post"}],"author":[{"embeddable":true,"href":"https:\/\/agora.xtec.cat\/escolaprovencana\/wp-json\/wp\/v2\/users\/25"}],"replies":[{"embeddable":true,"href":"https:\/\/agora.xtec.cat\/escolaprovencana\/wp-json\/wp\/v2\/comments?post=5252"}],"version-history":[{"count":1,"href":"https:\/\/agora.xtec.cat\/escolaprovencana\/wp-json\/wp\/v2\/posts\/5252\/revisions"}],"predecessor-version":[{"id":5253,"href":"https:\/\/agora.xtec.cat\/escolaprovencana\/wp-json\/wp\/v2\/posts\/5252\/revisions\/5253"}],"wp:attachment":[{"href":"https:\/\/agora.xtec.cat\/escolaprovencana\/wp-json\/wp\/v2\/media?parent=5252"}],"wp:term":[{"taxonomy":"category","embeddable":true,"href":"https:\/\/agora.xtec.cat\/escolaprovencana\/wp-json\/wp\/v2\/categories?post=5252"},{"taxonomy":"post_tag","embeddable":true,"href":"https:\/\/agora.xtec.cat\/escolaprovencana\/wp-json\/wp\/v2\/tags?post=5252"}],"curies":[{"name":"wp","href":"https:\/\/api.w.org\/{rel}","templated":true}]}}