{"id":5141,"date":"2025-06-27T18:27:05","date_gmt":"2025-06-27T16:27:05","guid":{"rendered":"https:\/\/agora.xtec.cat\/escolaprovencana\/?p=5141"},"modified":"2025-06-27T18:27:06","modified_gmt":"2025-06-27T16:27:06","slug":"paisatges-de-catalunya","status":"publish","type":"post","link":"https:\/\/agora.xtec.cat\/escolaprovencana\/general\/paisatges-de-catalunya\/","title":{"rendered":"PAISATGES DE CATALUNYA"},"content":{"rendered":"\n<p>Bon dia fam\u00edlies,<\/p>\n\n\n\n<p>Amb l&#8217;arribada de l&#8217;estiu tamb\u00e9 arriba la darrera entrega d&#8217;\u00e0udios d&#8217;aquest curs de la nostra emisora en per\u00edode de proves <strong>PRO GENT SANA R\u00e0dio<\/strong> (La Veu del Proven\u00e7ana)<\/p>\n\n\n\n<p>Avui els diferents grups de treball us parlaran de les caracter\u00edstiques principals dels diferents paisatges que podem trobar a Catalunya.<\/p>\n\n\n\n<p>Aquests \u00e0udios s\u00f3n el resultat de la cerca en diversos arxius d&#8217;internet. Amb la informaci\u00f3 trobada, hem confeccionat un esquema de cada tipus de paisatge. A continuaci\u00f3, hem tornat a reescriure la informaci\u00f3 en forma de di\u00e0leg, per aconseguir el format radiof\u00f2nic que a continuaci\u00f3 podreu escoltar. <\/p>\n\n\n\n<p>Esperem que en gaudiu i, sobretot, ara que s&#8217;apropen les vacances, us vinguin ganes de passejar per alguns d&#8217;aquests paisatges<\/p>\n\n\n\n<p>Grup 1 Paisatges de Riu:<\/p>\n\n\n\n<p><a href=\"https:\/\/drive.google.com\/file\/d\/1ipqIeKNW8l2Hf3diDok-9rJfXDQRCFLH\/view?usp=drive_link\">Paisatges del Riu<\/a><\/p>\n\n\n\n<figure class=\"wp-block-image size-large is-resized\"><a href=\"https:\/\/agora.xtec.cat\/escolaprovencana\/wp-content\/uploads\/usu2442\/2025\/06\/Grup-que-faltava-scaled.jpg\"><img loading=\"lazy\" decoding=\"async\" width=\"1024\" height=\"768\" src=\"https:\/\/agora.xtec.cat\/escolaprovencana\/wp-content\/uploads\/usu2442\/2025\/06\/Grup-que-faltava-1024x768.jpg\" alt=\"\" class=\"wp-image-5260\" style=\"width:465px;height:auto\" srcset=\"https:\/\/agora.xtec.cat\/escolaprovencana\/wp-content\/uploads\/usu2442\/2025\/06\/Grup-que-faltava-1024x768.jpg 1024w, https:\/\/agora.xtec.cat\/escolaprovencana\/wp-content\/uploads\/usu2442\/2025\/06\/Grup-que-faltava-300x225.jpg 300w, https:\/\/agora.xtec.cat\/escolaprovencana\/wp-content\/uploads\/usu2442\/2025\/06\/Grup-que-faltava-768x576.jpg 768w, https:\/\/agora.xtec.cat\/escolaprovencana\/wp-content\/uploads\/usu2442\/2025\/06\/Grup-que-faltava-1536x1152.jpg 1536w, https:\/\/agora.xtec.cat\/escolaprovencana\/wp-content\/uploads\/usu2442\/2025\/06\/Grup-que-faltava-2048x1536.jpg 2048w, https:\/\/agora.xtec.cat\/escolaprovencana\/wp-content\/uploads\/usu2442\/2025\/06\/Grup-que-faltava-200x150.jpg 200w\" sizes=\"auto, (max-width: 1024px) 100vw, 1024px\" \/><\/a><\/figure>\n\n\n\n<p>Grup 2 Paisatge de Muntanya:<\/p>\n\n\n\n<p><a href=\"https:\/\/drive.google.com\/file\/d\/12_tO9nCGXBSId-n8cyUhQTRhJon8F_wX\/view?usp=drive_link\">Paisatge de Muntanya<\/a><\/p>\n\n\n\n<figure class=\"wp-block-image size-large is-resized\"><a href=\"https:\/\/agora.xtec.cat\/escolaprovencana\/wp-content\/uploads\/usu2442\/2025\/06\/Grup-2-scaled.jpg\"><img loading=\"lazy\" decoding=\"async\" width=\"1024\" height=\"768\" src=\"https:\/\/agora.xtec.cat\/escolaprovencana\/wp-content\/uploads\/usu2442\/2025\/06\/Grup-2-1024x768.jpg\" alt=\"\" class=\"wp-image-5180\" style=\"width:461px;height:auto\" srcset=\"https:\/\/agora.xtec.cat\/escolaprovencana\/wp-content\/uploads\/usu2442\/2025\/06\/Grup-2-1024x768.jpg 1024w, https:\/\/agora.xtec.cat\/escolaprovencana\/wp-content\/uploads\/usu2442\/2025\/06\/Grup-2-300x225.jpg 300w, https:\/\/agora.xtec.cat\/escolaprovencana\/wp-content\/uploads\/usu2442\/2025\/06\/Grup-2-768x576.jpg 768w, https:\/\/agora.xtec.cat\/escolaprovencana\/wp-content\/uploads\/usu2442\/2025\/06\/Grup-2-1536x1152.jpg 1536w, https:\/\/agora.xtec.cat\/escolaprovencana\/wp-content\/uploads\/usu2442\/2025\/06\/Grup-2-2048x1536.jpg 2048w, https:\/\/agora.xtec.cat\/escolaprovencana\/wp-content\/uploads\/usu2442\/2025\/06\/Grup-2-200x150.jpg 200w\" sizes=\"auto, (max-width: 1024px) 100vw, 1024px\" \/><\/a><\/figure>\n\n\n\n<p>Grup 3 Paisatge de Riu:<\/p>\n\n\n\n<p><a href=\"https:\/\/drive.google.com\/file\/d\/1-UQv9B-mQrwTikalOpTa6iOhvr2GnywY\/view?usp=drive_link\">Paisatges de Riu<\/a><\/p>\n\n\n\n<figure class=\"wp-block-image size-large is-resized\"><a href=\"https:\/\/agora.xtec.cat\/escolaprovencana\/wp-content\/uploads\/usu2442\/2025\/06\/Grup-3-scaled.jpg\"><img loading=\"lazy\" decoding=\"async\" width=\"1024\" height=\"768\" src=\"https:\/\/agora.xtec.cat\/escolaprovencana\/wp-content\/uploads\/usu2442\/2025\/06\/Grup-3-1024x768.jpg\" alt=\"\" class=\"wp-image-5179\" style=\"width:458px;height:auto\" srcset=\"https:\/\/agora.xtec.cat\/escolaprovencana\/wp-content\/uploads\/usu2442\/2025\/06\/Grup-3-1024x768.jpg 1024w, https:\/\/agora.xtec.cat\/escolaprovencana\/wp-content\/uploads\/usu2442\/2025\/06\/Grup-3-300x225.jpg 300w, https:\/\/agora.xtec.cat\/escolaprovencana\/wp-content\/uploads\/usu2442\/2025\/06\/Grup-3-768x576.jpg 768w, https:\/\/agora.xtec.cat\/escolaprovencana\/wp-content\/uploads\/usu2442\/2025\/06\/Grup-3-1536x1152.jpg 1536w, https:\/\/agora.xtec.cat\/escolaprovencana\/wp-content\/uploads\/usu2442\/2025\/06\/Grup-3-2048x1536.jpg 2048w, https:\/\/agora.xtec.cat\/escolaprovencana\/wp-content\/uploads\/usu2442\/2025\/06\/Grup-3-200x150.jpg 200w\" sizes=\"auto, (max-width: 1024px) 100vw, 1024px\" \/><\/a><\/figure>\n\n\n\n<p>Grup 4 Paisatge de Plana:<\/p>\n\n\n\n<figure class=\"wp-block-image size-large is-resized\"><a href=\"https:\/\/agora.xtec.cat\/escolaprovencana\/wp-content\/uploads\/usu2442\/2025\/06\/Grup-4-scaled.jpg\"><img loading=\"lazy\" decoding=\"async\" width=\"1024\" height=\"768\" src=\"https:\/\/agora.xtec.cat\/escolaprovencana\/wp-content\/uploads\/usu2442\/2025\/06\/Grup-4-1024x768.jpg\" alt=\"\" class=\"wp-image-5178\" style=\"width:457px;height:auto\" srcset=\"https:\/\/agora.xtec.cat\/escolaprovencana\/wp-content\/uploads\/usu2442\/2025\/06\/Grup-4-1024x768.jpg 1024w, https:\/\/agora.xtec.cat\/escolaprovencana\/wp-content\/uploads\/usu2442\/2025\/06\/Grup-4-300x225.jpg 300w, https:\/\/agora.xtec.cat\/escolaprovencana\/wp-content\/uploads\/usu2442\/2025\/06\/Grup-4-768x576.jpg 768w, https:\/\/agora.xtec.cat\/escolaprovencana\/wp-content\/uploads\/usu2442\/2025\/06\/Grup-4-1536x1152.jpg 1536w, https:\/\/agora.xtec.cat\/escolaprovencana\/wp-content\/uploads\/usu2442\/2025\/06\/Grup-4-2048x1536.jpg 2048w, https:\/\/agora.xtec.cat\/escolaprovencana\/wp-content\/uploads\/usu2442\/2025\/06\/Grup-4-200x150.jpg 200w\" sizes=\"auto, (max-width: 1024px) 100vw, 1024px\" \/><\/a><\/figure>\n\n\n\n<p><a href=\"https:\/\/drive.google.com\/file\/d\/1CUf2Ei060Dgd-TfyDAjogizFzDpTGZfV\/view?usp=drive_link\">Paisatge de Plana<\/a><\/p>\n\n\n\n<p>Grup 5 Paisatge de Costa:<\/p>\n\n\n\n<p><a href=\"https:\/\/drive.google.com\/file\/d\/1zRMduJ_duRqK7MjQ0oa9jGoYcQXcCBfO\/view?usp=drive_link\">Paisatge de Costa<\/a><\/p>\n\n\n\n<figure class=\"wp-block-image size-large is-resized\"><a href=\"https:\/\/agora.xtec.cat\/escolaprovencana\/wp-content\/uploads\/usu2442\/2025\/06\/Grup-5-scaled.jpg\"><img loading=\"lazy\" decoding=\"async\" width=\"1024\" height=\"768\" src=\"https:\/\/agora.xtec.cat\/escolaprovencana\/wp-content\/uploads\/usu2442\/2025\/06\/Grup-5-1024x768.jpg\" alt=\"\" class=\"wp-image-5177\" style=\"width:450px;height:auto\" srcset=\"https:\/\/agora.xtec.cat\/escolaprovencana\/wp-content\/uploads\/usu2442\/2025\/06\/Grup-5-1024x768.jpg 1024w, https:\/\/agora.xtec.cat\/escolaprovencana\/wp-content\/uploads\/usu2442\/2025\/06\/Grup-5-300x225.jpg 300w, https:\/\/agora.xtec.cat\/escolaprovencana\/wp-content\/uploads\/usu2442\/2025\/06\/Grup-5-768x576.jpg 768w, https:\/\/agora.xtec.cat\/escolaprovencana\/wp-content\/uploads\/usu2442\/2025\/06\/Grup-5-1536x1152.jpg 1536w, https:\/\/agora.xtec.cat\/escolaprovencana\/wp-content\/uploads\/usu2442\/2025\/06\/Grup-5-2048x1536.jpg 2048w, https:\/\/agora.xtec.cat\/escolaprovencana\/wp-content\/uploads\/usu2442\/2025\/06\/Grup-5-200x150.jpg 200w\" sizes=\"auto, (max-width: 1024px) 100vw, 1024px\" \/><\/a><\/figure>\n\n\n\n<p>Grup 6 Paisatge de Plana:<\/p>\n\n\n\n<p><a href=\"https:\/\/drive.google.com\/file\/d\/1Y2aEQ2Jb8ZIJNiLxZ1imlVT5aBYhZRCV\/view?usp=drive_link\">Paisatge de Plana<\/a><\/p>\n\n\n\n<figure class=\"wp-block-image size-large is-resized\"><a href=\"https:\/\/agora.xtec.cat\/escolaprovencana\/wp-content\/uploads\/usu2442\/2025\/06\/Grup-6-scaled.jpg\"><img loading=\"lazy\" decoding=\"async\" width=\"1024\" height=\"768\" src=\"https:\/\/agora.xtec.cat\/escolaprovencana\/wp-content\/uploads\/usu2442\/2025\/06\/Grup-6-1024x768.jpg\" alt=\"\" class=\"wp-image-5176\" style=\"width:450px;height:auto\" srcset=\"https:\/\/agora.xtec.cat\/escolaprovencana\/wp-content\/uploads\/usu2442\/2025\/06\/Grup-6-1024x768.jpg 1024w, https:\/\/agora.xtec.cat\/escolaprovencana\/wp-content\/uploads\/usu2442\/2025\/06\/Grup-6-300x225.jpg 300w, https:\/\/agora.xtec.cat\/escolaprovencana\/wp-content\/uploads\/usu2442\/2025\/06\/Grup-6-768x576.jpg 768w, https:\/\/agora.xtec.cat\/escolaprovencana\/wp-content\/uploads\/usu2442\/2025\/06\/Grup-6-1536x1152.jpg 1536w, https:\/\/agora.xtec.cat\/escolaprovencana\/wp-content\/uploads\/usu2442\/2025\/06\/Grup-6-2048x1536.jpg 2048w, https:\/\/agora.xtec.cat\/escolaprovencana\/wp-content\/uploads\/usu2442\/2025\/06\/Grup-6-200x150.jpg 200w\" sizes=\"auto, (max-width: 1024px) 100vw, 1024px\" \/><\/a><\/figure>\n\n\n\n<p>Amb tota aquesta informaci\u00f3, ara que venen dies festius, quin paisatge trieu per refrescar-vos? <\/p>\n\n\n\n<p>Classe dels Cars (Quart)<\/p>\n","protected":false},"excerpt":{"rendered":"<p>Bon dia fam\u00edlies,<\/p>\n<p>Amb l&#8217;arribada de l&#8217;estiu tamb\u00e9 arriba la darrera entrega d&#8217;\u00e0udios d&#8217;aquest curs de la nostra emisora en per\u00edode de proves PRO GENT SANA R\u00e0dio (La Veu del Proven\u00e7ana)<\/p>\n<p>Avui els diferents grups de treball us parlaran de les caracter\u00edstiques principals dels diferents paisatges que&hellip;  <a href=\"https:\/\/agora.xtec.cat\/escolaprovencana\/general\/paisatges-de-catalunya\/\" title=\"Read PAISATGES DE CATALUNYA\">Llegeix m\u00e9s\u00bb<\/a><\/p>\n","protected":false},"author":15,"featured_media":0,"comment_status":"closed","ping_status":"closed","sticky":false,"template":"","format":"standard","meta":{"_bbp_topic_count":0,"_bbp_reply_count":0,"_bbp_total_topic_count":0,"_bbp_total_reply_count":0,"_bbp_voice_count":0,"_bbp_anonymous_reply_count":0,"_bbp_topic_count_hidden":0,"_bbp_reply_count_hidden":0,"_bbp_forum_subforum_count":0,"footnotes":""},"categories":[13,1],"tags":[],"class_list":["post-5141","post","type-post","status-publish","format-standard","hentry","category-4t","category-general"],"post_mailing_queue_ids":[],"_links":{"self":[{"href":"https:\/\/agora.xtec.cat\/escolaprovencana\/wp-json\/wp\/v2\/posts\/5141","targetHints":{"allow":["GET"]}}],"collection":[{"href":"https:\/\/agora.xtec.cat\/escolaprovencana\/wp-json\/wp\/v2\/posts"}],"about":[{"href":"https:\/\/agora.xtec.cat\/escolaprovencana\/wp-json\/wp\/v2\/types\/post"}],"author":[{"embeddable":true,"href":"https:\/\/agora.xtec.cat\/escolaprovencana\/wp-json\/wp\/v2\/users\/15"}],"replies":[{"embeddable":true,"href":"https:\/\/agora.xtec.cat\/escolaprovencana\/wp-json\/wp\/v2\/comments?post=5141"}],"version-history":[{"count":3,"href":"https:\/\/agora.xtec.cat\/escolaprovencana\/wp-json\/wp\/v2\/posts\/5141\/revisions"}],"predecessor-version":[{"id":5261,"href":"https:\/\/agora.xtec.cat\/escolaprovencana\/wp-json\/wp\/v2\/posts\/5141\/revisions\/5261"}],"wp:attachment":[{"href":"https:\/\/agora.xtec.cat\/escolaprovencana\/wp-json\/wp\/v2\/media?parent=5141"}],"wp:term":[{"taxonomy":"category","embeddable":true,"href":"https:\/\/agora.xtec.cat\/escolaprovencana\/wp-json\/wp\/v2\/categories?post=5141"},{"taxonomy":"post_tag","embeddable":true,"href":"https:\/\/agora.xtec.cat\/escolaprovencana\/wp-json\/wp\/v2\/tags?post=5141"}],"curies":[{"name":"wp","href":"https:\/\/api.w.org\/{rel}","templated":true}]}}