{"id":5130,"date":"2025-06-19T14:09:20","date_gmt":"2025-06-19T12:09:20","guid":{"rendered":"https:\/\/agora.xtec.cat\/escolaprovencana\/?p=5130"},"modified":"2025-06-19T14:09:21","modified_gmt":"2025-06-19T12:09:21","slug":"sortida-bosc-vertical","status":"publish","type":"post","link":"https:\/\/agora.xtec.cat\/escolaprovencana\/general\/sortida-bosc-vertical\/","title":{"rendered":"Sortida Bosc Vertical"},"content":{"rendered":"\n<p>El dimecres 4 de juny, l&#8217;alumnat de Cicle Mitj\u00e0, va poder gaudir de la sortida de tot el dia al Bosc Vertical de Matar\u00f3. Ens ho vam passar d&#8217;all\u00f2 m\u00e9s b\u00e9 llan\u00e7ant-nos per les tirolines i passant pels diferents trams entre els arbres. Aqu\u00ed us deixem un v\u00eddeo de diferents moments que vam passar.<br><br><a href=\"https:\/\/drive.google.com\/file\/d\/1E_pxAhdD0CElDKPWroKqbx1hagqv4R3a\/view?ts=6852993e\">https:\/\/drive.google.com\/file\/d\/1E_pxAhdD0CElDKPWroKqbx1hagqv4R3a\/view?ts=6852993e<\/a> <\/p>\n\n\n","protected":false},"excerpt":{"rendered":"<p>El dimecres 4 de juny, l&#8217;alumnat de Cicle Mitj\u00e0, va poder gaudir de la sortida de tot el dia al Bosc Vertical de Matar\u00f3. Ens ho vam passar d&#8217;all\u00f2 m\u00e9s b\u00e9 llan\u00e7ant-nos per les tirolines i passant pels diferents trams entre els arbres. Aqu\u00ed us&hellip;  <a href=\"https:\/\/agora.xtec.cat\/escolaprovencana\/general\/sortida-bosc-vertical\/\" title=\"Read Sortida Bosc Vertical\">Llegeix m\u00e9s\u00bb<\/a><\/p>\n","protected":false},"author":44,"featured_media":0,"comment_status":"closed","ping_status":"closed","sticky":false,"template":"","format":"standard","meta":{"_bbp_topic_count":0,"_bbp_reply_count":0,"_bbp_total_topic_count":0,"_bbp_total_reply_count":0,"_bbp_voice_count":0,"_bbp_anonymous_reply_count":0,"_bbp_topic_count_hidden":0,"_bbp_reply_count_hidden":0,"_bbp_forum_subforum_count":0,"footnotes":""},"categories":[12,13,1],"tags":[],"class_list":["post-5130","post","type-post","status-publish","format-standard","hentry","category-3r","category-4t","category-general"],"post_mailing_queue_ids":[],"_links":{"self":[{"href":"https:\/\/agora.xtec.cat\/escolaprovencana\/wp-json\/wp\/v2\/posts\/5130","targetHints":{"allow":["GET"]}}],"collection":[{"href":"https:\/\/agora.xtec.cat\/escolaprovencana\/wp-json\/wp\/v2\/posts"}],"about":[{"href":"https:\/\/agora.xtec.cat\/escolaprovencana\/wp-json\/wp\/v2\/types\/post"}],"author":[{"embeddable":true,"href":"https:\/\/agora.xtec.cat\/escolaprovencana\/wp-json\/wp\/v2\/users\/44"}],"replies":[{"embeddable":true,"href":"https:\/\/agora.xtec.cat\/escolaprovencana\/wp-json\/wp\/v2\/comments?post=5130"}],"version-history":[{"count":1,"href":"https:\/\/agora.xtec.cat\/escolaprovencana\/wp-json\/wp\/v2\/posts\/5130\/revisions"}],"predecessor-version":[{"id":5142,"href":"https:\/\/agora.xtec.cat\/escolaprovencana\/wp-json\/wp\/v2\/posts\/5130\/revisions\/5142"}],"wp:attachment":[{"href":"https:\/\/agora.xtec.cat\/escolaprovencana\/wp-json\/wp\/v2\/media?parent=5130"}],"wp:term":[{"taxonomy":"category","embeddable":true,"href":"https:\/\/agora.xtec.cat\/escolaprovencana\/wp-json\/wp\/v2\/categories?post=5130"},{"taxonomy":"post_tag","embeddable":true,"href":"https:\/\/agora.xtec.cat\/escolaprovencana\/wp-json\/wp\/v2\/tags?post=5130"}],"curies":[{"name":"wp","href":"https:\/\/api.w.org\/{rel}","templated":true}]}}