{"id":4914,"date":"2025-06-12T09:00:00","date_gmt":"2025-06-12T07:00:00","guid":{"rendered":"https:\/\/agora.xtec.cat\/escolaprovencana\/?p=4914"},"modified":"2025-06-11T20:19:39","modified_gmt":"2025-06-11T18:19:39","slug":"sortida-cicle-inicial-al-canal-olimpic","status":"publish","type":"post","link":"https:\/\/agora.xtec.cat\/escolaprovencana\/general\/sortida-cicle-inicial-al-canal-olimpic\/","title":{"rendered":"Sortida Cicle Inicial al Canal Ol\u00edmpic"},"content":{"rendered":"\n<p><\/p>\n\n\n\n<p>La setmana passada, els nens i nenes de primer i segon vam viure una experi\u00e8ncia molt especial: vam anar d&#8217;excursi\u00f3 al Canal Ol\u00edmpic!<\/p>\n\n\n\n<p>Despr\u00e9s d&#8217;arribar-hi ben contents i amb moltes ganes de passar-ho b\u00e9, vam comen\u00e7ar el dia amb una s\u00e8rie de jocs cooperatius molt divertits. L\u2019objectiu? Aconseguir pujar al tren del canal! Tots junts, col\u00b7laborant i ajudant-nos els uns als altres, ho vam aconseguir!<\/p>\n\n\n\n<p>Despr\u00e9s ens vam equipar com cal per viure una nova aventura: pujar a les barques. Amb l\u2019armilla posada i escoltant atentament les indicacions, vam pujar amb moltes ganes i una mica de nervis\u2026 per\u00f2 sobretot amb molta il\u00b7lusi\u00f3.<\/p>\n\n\n\n<p>El passeig pel canal va ser magn\u00edfic. Vam observar l\u2019entorn i vam gaudir molt\u00edssim de l\u2019activitat a l\u2019aigua. Va ser un dia ple d\u2019esfor\u00e7, treball en equip i diversi\u00f3.<\/p>\n\n\n\n<p>Vam tornar a l\u2019escola amb una motxilla plena de bons moments i moltes ganes de repetir!<\/p>\n\n\n\n<p>Us compartim un v\u00eddeo amb els millors moments de la sortida. Esperem que us agradi!<\/p>\n\n\n\n<p><\/p>\n\n\n\n<p>Laura i Julia<\/p>\n\n\n\n<figure class=\"wp-block-video\"><video controls src=\"https:\/\/agora.xtec.cat\/escolaprovencana\/wp-content\/uploads\/usu2442\/2025\/06\/canal-olimpic-cicle-inicial-1.mp4\"><\/video><\/figure>\n","protected":false},"excerpt":{"rendered":"<p>La setmana passada, els nens i nenes de primer i segon vam viure una experi\u00e8ncia molt especial: vam anar d&#8217;excursi\u00f3 al Canal Ol\u00edmpic!<\/p>\n<p>Despr\u00e9s d&#8217;arribar-hi ben contents i amb moltes ganes de passar-ho b\u00e9, vam comen\u00e7ar el dia amb una s\u00e8rie de jocs cooperatius molt divertits.&hellip;  <a href=\"https:\/\/agora.xtec.cat\/escolaprovencana\/general\/sortida-cicle-inicial-al-canal-olimpic\/\" title=\"Read Sortida Cicle Inicial al Canal Ol\u00edmpic\">Llegeix m\u00e9s\u00bb<\/a><\/p>\n","protected":false},"author":42,"featured_media":0,"comment_status":"closed","ping_status":"closed","sticky":false,"template":"","format":"standard","meta":{"_bbp_topic_count":0,"_bbp_reply_count":0,"_bbp_total_topic_count":0,"_bbp_total_reply_count":0,"_bbp_voice_count":0,"_bbp_anonymous_reply_count":0,"_bbp_topic_count_hidden":0,"_bbp_reply_count_hidden":0,"_bbp_forum_subforum_count":0,"footnotes":""},"categories":[10,11,1],"tags":[],"class_list":["post-4914","post","type-post","status-publish","format-standard","hentry","category-1r","category-2n","category-general"],"post_mailing_queue_ids":[],"_links":{"self":[{"href":"https:\/\/agora.xtec.cat\/escolaprovencana\/wp-json\/wp\/v2\/posts\/4914","targetHints":{"allow":["GET"]}}],"collection":[{"href":"https:\/\/agora.xtec.cat\/escolaprovencana\/wp-json\/wp\/v2\/posts"}],"about":[{"href":"https:\/\/agora.xtec.cat\/escolaprovencana\/wp-json\/wp\/v2\/types\/post"}],"author":[{"embeddable":true,"href":"https:\/\/agora.xtec.cat\/escolaprovencana\/wp-json\/wp\/v2\/users\/42"}],"replies":[{"embeddable":true,"href":"https:\/\/agora.xtec.cat\/escolaprovencana\/wp-json\/wp\/v2\/comments?post=4914"}],"version-history":[{"count":1,"href":"https:\/\/agora.xtec.cat\/escolaprovencana\/wp-json\/wp\/v2\/posts\/4914\/revisions"}],"predecessor-version":[{"id":4916,"href":"https:\/\/agora.xtec.cat\/escolaprovencana\/wp-json\/wp\/v2\/posts\/4914\/revisions\/4916"}],"wp:attachment":[{"href":"https:\/\/agora.xtec.cat\/escolaprovencana\/wp-json\/wp\/v2\/media?parent=4914"}],"wp:term":[{"taxonomy":"category","embeddable":true,"href":"https:\/\/agora.xtec.cat\/escolaprovencana\/wp-json\/wp\/v2\/categories?post=4914"},{"taxonomy":"post_tag","embeddable":true,"href":"https:\/\/agora.xtec.cat\/escolaprovencana\/wp-json\/wp\/v2\/tags?post=4914"}],"curies":[{"name":"wp","href":"https:\/\/api.w.org\/{rel}","templated":true}]}}