{"id":4907,"date":"2025-06-05T15:08:07","date_gmt":"2025-06-05T13:08:07","guid":{"rendered":"https:\/\/agora.xtec.cat\/escolaprovencana\/?p=4907"},"modified":"2025-06-05T15:08:08","modified_gmt":"2025-06-05T13:08:08","slug":"anem-a-can-plana","status":"publish","type":"post","link":"https:\/\/agora.xtec.cat\/escolaprovencana\/general\/anem-a-can-plana\/","title":{"rendered":"Anem a Can Plana!"},"content":{"rendered":"\n<p>Ahir, els nens i nenes de la classe dels Tabalets vam viure una experi\u00e8ncia molt especial: vam visitar la granja de Can Plana! All\u00e0 vam con\u00e8ixer de ben a prop molts animalets i fins i tot vam aprendre a fer mat\u00f3. Va ser un dia ple de descobertes, rialles i moments que recordarem amb molta il\u00b7lusi\u00f3. Ens ho vam passar d\u2019all\u00f2 m\u00e9s b\u00e9! Aqu\u00ed us deixem algunes fotografies per compartir amb vosaltres aquest gran dia \ud83d\ude42<\/p>\n\n\n\n<figure class=\"wp-block-embed is-type-video is-provider-youtube wp-block-embed-youtube wp-embed-aspect-16-9 wp-has-aspect-ratio\"><div class=\"wp-block-embed__wrapper\">\n<iframe loading=\"lazy\" title=\"Anem a Can Plana\" width=\"500\" height=\"281\" src=\"https:\/\/www.youtube.com\/embed\/jWXvNEzVBWE?feature=oembed\" frameborder=\"0\" allow=\"accelerometer; autoplay; clipboard-write; encrypted-media; gyroscope; picture-in-picture; web-share\" referrerpolicy=\"strict-origin-when-cross-origin\" allowfullscreen><\/iframe>\n<\/div><\/figure>\n","protected":false},"excerpt":{"rendered":"<p>Ahir, els nens i nenes de la classe dels Tabalets vam viure una experi\u00e8ncia molt especial: vam visitar la granja de Can Plana! All\u00e0 vam con\u00e8ixer de ben a prop molts animalets i fins i tot vam aprendre a fer mat\u00f3. Va ser un dia&hellip;  <a href=\"https:\/\/agora.xtec.cat\/escolaprovencana\/general\/anem-a-can-plana\/\" title=\"Read Anem a Can Plana!\">Llegeix m\u00e9s\u00bb<\/a><\/p>\n","protected":false},"author":25,"featured_media":0,"comment_status":"open","ping_status":"open","sticky":false,"template":"","format":"standard","meta":{"_bbp_topic_count":0,"_bbp_reply_count":0,"_bbp_total_topic_count":0,"_bbp_total_reply_count":0,"_bbp_voice_count":0,"_bbp_anonymous_reply_count":0,"_bbp_topic_count_hidden":0,"_bbp_reply_count_hidden":0,"_bbp_forum_subforum_count":0,"footnotes":""},"categories":[1,3],"tags":[],"class_list":["post-4907","post","type-post","status-publish","format-standard","hentry","category-general","category-i3"],"post_mailing_queue_ids":[],"_links":{"self":[{"href":"https:\/\/agora.xtec.cat\/escolaprovencana\/wp-json\/wp\/v2\/posts\/4907","targetHints":{"allow":["GET"]}}],"collection":[{"href":"https:\/\/agora.xtec.cat\/escolaprovencana\/wp-json\/wp\/v2\/posts"}],"about":[{"href":"https:\/\/agora.xtec.cat\/escolaprovencana\/wp-json\/wp\/v2\/types\/post"}],"author":[{"embeddable":true,"href":"https:\/\/agora.xtec.cat\/escolaprovencana\/wp-json\/wp\/v2\/users\/25"}],"replies":[{"embeddable":true,"href":"https:\/\/agora.xtec.cat\/escolaprovencana\/wp-json\/wp\/v2\/comments?post=4907"}],"version-history":[{"count":1,"href":"https:\/\/agora.xtec.cat\/escolaprovencana\/wp-json\/wp\/v2\/posts\/4907\/revisions"}],"predecessor-version":[{"id":4908,"href":"https:\/\/agora.xtec.cat\/escolaprovencana\/wp-json\/wp\/v2\/posts\/4907\/revisions\/4908"}],"wp:attachment":[{"href":"https:\/\/agora.xtec.cat\/escolaprovencana\/wp-json\/wp\/v2\/media?parent=4907"}],"wp:term":[{"taxonomy":"category","embeddable":true,"href":"https:\/\/agora.xtec.cat\/escolaprovencana\/wp-json\/wp\/v2\/categories?post=4907"},{"taxonomy":"post_tag","embeddable":true,"href":"https:\/\/agora.xtec.cat\/escolaprovencana\/wp-json\/wp\/v2\/tags?post=4907"}],"curies":[{"name":"wp","href":"https:\/\/api.w.org\/{rel}","templated":true}]}}