{"id":4894,"date":"2025-05-29T13:25:19","date_gmt":"2025-05-29T11:25:19","guid":{"rendered":"https:\/\/agora.xtec.cat\/escolaprovencana\/?p=4894"},"modified":"2025-05-29T13:25:19","modified_gmt":"2025-05-29T11:25:19","slug":"petits-talents-cientifics-a-3r","status":"publish","type":"post","link":"https:\/\/agora.xtec.cat\/escolaprovencana\/general\/petits-talents-cientifics-a-3r\/","title":{"rendered":"Petits Talents Cient\u00edfics a 3r!"},"content":{"rendered":"\n<p>Al llarg del segon i tercer trimestre, l\u2019alumnat de 3r ha participat en el projecte <em>Petits Talents Cient\u00edfics<\/em>, una iniciativa que t\u00e9 com a objectiu despertar la curiositat cient\u00edfica i fomentar el pensament cr\u00edtic entre els infants.<\/p>\n\n\n\n<p>Aquest any, la tem\u00e0tica del projecte han estat les plantes, i el nostre treball s\u2019ha centrat especialment en entendre com entra, es mou i surt l\u2019aigua del seu interior. Per tal d\u2019investigar aquest proc\u00e9s, hem dut a terme diversos experiments, a partir dels quals els i les alumnes han pogut formular hip\u00f2tesis, observar els resultats i extreure\u2019n conclusions.<\/p>\n\n\n\n<p>Com a cloenda del projecte, el passat 28 de maig vam tenir l\u2019oportunitat de participar en el petit congr\u00e9s cient\u00edfic celebrat a l\u2019Auditori Barradas, on vam exposar el nostre treball davant d\u2019altres escoles. A m\u00e9s, vam poder escoltar i aprendre de les investigacions realitzades per altres centres, fet que va enriquir encara m\u00e9s l\u2019experi\u00e8ncia.<\/p>\n\n\n\n<figure class=\"wp-block-video\"><video controls src=\"https:\/\/agora.xtec.cat\/escolaprovencana\/wp-content\/uploads\/usu2442\/2025\/05\/whatsapp-video-2025-05-29-at-124143_qhTmSDWs.mp4\"><\/video><\/figure>\n\n\n\n<figure class=\"wp-block-image size-full\"><a href=\"https:\/\/agora.xtec.cat\/escolaprovencana\/wp-content\/uploads\/usu2442\/2025\/05\/WhatsApp-Image-2025-05-29-at-13.07.27.jpeg\"><img loading=\"lazy\" decoding=\"async\" width=\"2048\" height=\"1536\" src=\"https:\/\/agora.xtec.cat\/escolaprovencana\/wp-content\/uploads\/usu2442\/2025\/05\/WhatsApp-Image-2025-05-29-at-13.07.27.jpeg\" alt=\"\" class=\"wp-image-4895\" srcset=\"https:\/\/agora.xtec.cat\/escolaprovencana\/wp-content\/uploads\/usu2442\/2025\/05\/WhatsApp-Image-2025-05-29-at-13.07.27.jpeg 2048w, https:\/\/agora.xtec.cat\/escolaprovencana\/wp-content\/uploads\/usu2442\/2025\/05\/WhatsApp-Image-2025-05-29-at-13.07.27-300x225.jpeg 300w, https:\/\/agora.xtec.cat\/escolaprovencana\/wp-content\/uploads\/usu2442\/2025\/05\/WhatsApp-Image-2025-05-29-at-13.07.27-1024x768.jpeg 1024w, https:\/\/agora.xtec.cat\/escolaprovencana\/wp-content\/uploads\/usu2442\/2025\/05\/WhatsApp-Image-2025-05-29-at-13.07.27-768x576.jpeg 768w, https:\/\/agora.xtec.cat\/escolaprovencana\/wp-content\/uploads\/usu2442\/2025\/05\/WhatsApp-Image-2025-05-29-at-13.07.27-1536x1152.jpeg 1536w, https:\/\/agora.xtec.cat\/escolaprovencana\/wp-content\/uploads\/usu2442\/2025\/05\/WhatsApp-Image-2025-05-29-at-13.07.27-200x150.jpeg 200w\" sizes=\"auto, (max-width: 2048px) 100vw, 2048px\" \/><\/a><\/figure>\n\n\n\n<figure class=\"wp-block-image size-full\"><a href=\"https:\/\/agora.xtec.cat\/escolaprovencana\/wp-content\/uploads\/usu2442\/2025\/05\/WhatsApp-Image-2025-05-29-at-12.41.15-1-scaled.jpeg\"><img loading=\"lazy\" decoding=\"async\" width=\"2560\" height=\"1441\" src=\"https:\/\/agora.xtec.cat\/escolaprovencana\/wp-content\/uploads\/usu2442\/2025\/05\/WhatsApp-Image-2025-05-29-at-12.41.15-1-scaled.jpeg\" alt=\"\" class=\"wp-image-4896\" srcset=\"https:\/\/agora.xtec.cat\/escolaprovencana\/wp-content\/uploads\/usu2442\/2025\/05\/WhatsApp-Image-2025-05-29-at-12.41.15-1-scaled.jpeg 2560w, https:\/\/agora.xtec.cat\/escolaprovencana\/wp-content\/uploads\/usu2442\/2025\/05\/WhatsApp-Image-2025-05-29-at-12.41.15-1-300x169.jpeg 300w, https:\/\/agora.xtec.cat\/escolaprovencana\/wp-content\/uploads\/usu2442\/2025\/05\/WhatsApp-Image-2025-05-29-at-12.41.15-1-1024x577.jpeg 1024w, https:\/\/agora.xtec.cat\/escolaprovencana\/wp-content\/uploads\/usu2442\/2025\/05\/WhatsApp-Image-2025-05-29-at-12.41.15-1-768x432.jpeg 768w, https:\/\/agora.xtec.cat\/escolaprovencana\/wp-content\/uploads\/usu2442\/2025\/05\/WhatsApp-Image-2025-05-29-at-12.41.15-1-1536x865.jpeg 1536w, https:\/\/agora.xtec.cat\/escolaprovencana\/wp-content\/uploads\/usu2442\/2025\/05\/WhatsApp-Image-2025-05-29-at-12.41.15-1-2048x1153.jpeg 2048w\" sizes=\"auto, (max-width: 2560px) 100vw, 2560px\" \/><\/a><\/figure>\n\n\n\n<figure class=\"wp-block-image size-full\"><a href=\"https:\/\/agora.xtec.cat\/escolaprovencana\/wp-content\/uploads\/usu2442\/2025\/05\/WhatsApp-Image-2025-05-29-at-12.41.15-scaled.jpeg\"><img loading=\"lazy\" decoding=\"async\" width=\"2560\" height=\"1441\" src=\"https:\/\/agora.xtec.cat\/escolaprovencana\/wp-content\/uploads\/usu2442\/2025\/05\/WhatsApp-Image-2025-05-29-at-12.41.15-scaled.jpeg\" alt=\"\" class=\"wp-image-4897\" srcset=\"https:\/\/agora.xtec.cat\/escolaprovencana\/wp-content\/uploads\/usu2442\/2025\/05\/WhatsApp-Image-2025-05-29-at-12.41.15-scaled.jpeg 2560w, https:\/\/agora.xtec.cat\/escolaprovencana\/wp-content\/uploads\/usu2442\/2025\/05\/WhatsApp-Image-2025-05-29-at-12.41.15-300x169.jpeg 300w, https:\/\/agora.xtec.cat\/escolaprovencana\/wp-content\/uploads\/usu2442\/2025\/05\/WhatsApp-Image-2025-05-29-at-12.41.15-1024x577.jpeg 1024w, https:\/\/agora.xtec.cat\/escolaprovencana\/wp-content\/uploads\/usu2442\/2025\/05\/WhatsApp-Image-2025-05-29-at-12.41.15-768x432.jpeg 768w, https:\/\/agora.xtec.cat\/escolaprovencana\/wp-content\/uploads\/usu2442\/2025\/05\/WhatsApp-Image-2025-05-29-at-12.41.15-1536x865.jpeg 1536w, https:\/\/agora.xtec.cat\/escolaprovencana\/wp-content\/uploads\/usu2442\/2025\/05\/WhatsApp-Image-2025-05-29-at-12.41.15-2048x1153.jpeg 2048w\" sizes=\"auto, (max-width: 2560px) 100vw, 2560px\" \/><\/a><\/figure>\n\n\n\n<figure class=\"wp-block-image size-full\"><a href=\"https:\/\/agora.xtec.cat\/escolaprovencana\/wp-content\/uploads\/usu2442\/2025\/05\/WhatsApp-Image-2025-05-29-at-12.41.04-scaled.jpeg\"><img loading=\"lazy\" decoding=\"async\" width=\"2560\" height=\"1441\" src=\"https:\/\/agora.xtec.cat\/escolaprovencana\/wp-content\/uploads\/usu2442\/2025\/05\/WhatsApp-Image-2025-05-29-at-12.41.04-scaled.jpeg\" alt=\"\" class=\"wp-image-4898\" srcset=\"https:\/\/agora.xtec.cat\/escolaprovencana\/wp-content\/uploads\/usu2442\/2025\/05\/WhatsApp-Image-2025-05-29-at-12.41.04-scaled.jpeg 2560w, https:\/\/agora.xtec.cat\/escolaprovencana\/wp-content\/uploads\/usu2442\/2025\/05\/WhatsApp-Image-2025-05-29-at-12.41.04-300x169.jpeg 300w, https:\/\/agora.xtec.cat\/escolaprovencana\/wp-content\/uploads\/usu2442\/2025\/05\/WhatsApp-Image-2025-05-29-at-12.41.04-1024x577.jpeg 1024w, https:\/\/agora.xtec.cat\/escolaprovencana\/wp-content\/uploads\/usu2442\/2025\/05\/WhatsApp-Image-2025-05-29-at-12.41.04-768x432.jpeg 768w, https:\/\/agora.xtec.cat\/escolaprovencana\/wp-content\/uploads\/usu2442\/2025\/05\/WhatsApp-Image-2025-05-29-at-12.41.04-1536x865.jpeg 1536w, https:\/\/agora.xtec.cat\/escolaprovencana\/wp-content\/uploads\/usu2442\/2025\/05\/WhatsApp-Image-2025-05-29-at-12.41.04-2048x1153.jpeg 2048w\" sizes=\"auto, (max-width: 2560px) 100vw, 2560px\" \/><\/a><\/figure>\n\n\n\n<figure class=\"wp-block-image size-full\"><a href=\"https:\/\/agora.xtec.cat\/escolaprovencana\/wp-content\/uploads\/usu2442\/2025\/05\/WhatsApp-Image-2025-05-29-at-12.41.02-scaled.jpeg\"><img loading=\"lazy\" decoding=\"async\" width=\"2560\" height=\"1441\" src=\"https:\/\/agora.xtec.cat\/escolaprovencana\/wp-content\/uploads\/usu2442\/2025\/05\/WhatsApp-Image-2025-05-29-at-12.41.02-scaled.jpeg\" alt=\"\" class=\"wp-image-4899\" srcset=\"https:\/\/agora.xtec.cat\/escolaprovencana\/wp-content\/uploads\/usu2442\/2025\/05\/WhatsApp-Image-2025-05-29-at-12.41.02-scaled.jpeg 2560w, https:\/\/agora.xtec.cat\/escolaprovencana\/wp-content\/uploads\/usu2442\/2025\/05\/WhatsApp-Image-2025-05-29-at-12.41.02-300x169.jpeg 300w, https:\/\/agora.xtec.cat\/escolaprovencana\/wp-content\/uploads\/usu2442\/2025\/05\/WhatsApp-Image-2025-05-29-at-12.41.02-1024x577.jpeg 1024w, https:\/\/agora.xtec.cat\/escolaprovencana\/wp-content\/uploads\/usu2442\/2025\/05\/WhatsApp-Image-2025-05-29-at-12.41.02-768x432.jpeg 768w, https:\/\/agora.xtec.cat\/escolaprovencana\/wp-content\/uploads\/usu2442\/2025\/05\/WhatsApp-Image-2025-05-29-at-12.41.02-1536x865.jpeg 1536w, https:\/\/agora.xtec.cat\/escolaprovencana\/wp-content\/uploads\/usu2442\/2025\/05\/WhatsApp-Image-2025-05-29-at-12.41.02-2048x1153.jpeg 2048w\" sizes=\"auto, (max-width: 2560px) 100vw, 2560px\" \/><\/a><\/figure>\n\n\n\n<figure class=\"wp-block-image size-full\"><a href=\"https:\/\/agora.xtec.cat\/escolaprovencana\/wp-content\/uploads\/usu2442\/2025\/05\/WhatsApp-Image-2025-05-29-at-13.07.26.jpeg\"><img loading=\"lazy\" decoding=\"async\" width=\"1536\" height=\"2048\" src=\"https:\/\/agora.xtec.cat\/escolaprovencana\/wp-content\/uploads\/usu2442\/2025\/05\/WhatsApp-Image-2025-05-29-at-13.07.26.jpeg\" alt=\"\" class=\"wp-image-4900\" srcset=\"https:\/\/agora.xtec.cat\/escolaprovencana\/wp-content\/uploads\/usu2442\/2025\/05\/WhatsApp-Image-2025-05-29-at-13.07.26.jpeg 1536w, https:\/\/agora.xtec.cat\/escolaprovencana\/wp-content\/uploads\/usu2442\/2025\/05\/WhatsApp-Image-2025-05-29-at-13.07.26-225x300.jpeg 225w, https:\/\/agora.xtec.cat\/escolaprovencana\/wp-content\/uploads\/usu2442\/2025\/05\/WhatsApp-Image-2025-05-29-at-13.07.26-768x1024.jpeg 768w, https:\/\/agora.xtec.cat\/escolaprovencana\/wp-content\/uploads\/usu2442\/2025\/05\/WhatsApp-Image-2025-05-29-at-13.07.26-1152x1536.jpeg 1152w\" sizes=\"auto, (max-width: 1536px) 100vw, 1536px\" \/><\/a><\/figure>\n\n\n\n<p><\/p>\n","protected":false},"excerpt":{"rendered":"<p>Al llarg del segon i tercer trimestre, l\u2019alumnat de 3r ha participat en el projecte Petits Talents Cient\u00edfics, una iniciativa que t\u00e9 com a objectiu despertar la curiositat cient\u00edfica i fomentar el pensament cr\u00edtic entre els infants.<\/p>\n<p>Aquest any, la tem\u00e0tica del projecte han estat les&hellip;  <a href=\"https:\/\/agora.xtec.cat\/escolaprovencana\/general\/petits-talents-cientifics-a-3r\/\" title=\"Read Petits Talents Cient\u00edfics a 3r!\">Llegeix m\u00e9s\u00bb<\/a><\/p>\n","protected":false},"author":44,"featured_media":4895,"comment_status":"open","ping_status":"open","sticky":false,"template":"","format":"standard","meta":{"_bbp_topic_count":0,"_bbp_reply_count":0,"_bbp_total_topic_count":0,"_bbp_total_reply_count":0,"_bbp_voice_count":0,"_bbp_anonymous_reply_count":0,"_bbp_topic_count_hidden":0,"_bbp_reply_count_hidden":0,"_bbp_forum_subforum_count":0,"footnotes":""},"categories":[12,1],"tags":[],"class_list":["post-4894","post","type-post","status-publish","format-standard","has-post-thumbnail","hentry","category-3r","category-general"],"post_mailing_queue_ids":[],"_links":{"self":[{"href":"https:\/\/agora.xtec.cat\/escolaprovencana\/wp-json\/wp\/v2\/posts\/4894","targetHints":{"allow":["GET"]}}],"collection":[{"href":"https:\/\/agora.xtec.cat\/escolaprovencana\/wp-json\/wp\/v2\/posts"}],"about":[{"href":"https:\/\/agora.xtec.cat\/escolaprovencana\/wp-json\/wp\/v2\/types\/post"}],"author":[{"embeddable":true,"href":"https:\/\/agora.xtec.cat\/escolaprovencana\/wp-json\/wp\/v2\/users\/44"}],"replies":[{"embeddable":true,"href":"https:\/\/agora.xtec.cat\/escolaprovencana\/wp-json\/wp\/v2\/comments?post=4894"}],"version-history":[{"count":1,"href":"https:\/\/agora.xtec.cat\/escolaprovencana\/wp-json\/wp\/v2\/posts\/4894\/revisions"}],"predecessor-version":[{"id":4902,"href":"https:\/\/agora.xtec.cat\/escolaprovencana\/wp-json\/wp\/v2\/posts\/4894\/revisions\/4902"}],"wp:featuredmedia":[{"embeddable":true,"href":"https:\/\/agora.xtec.cat\/escolaprovencana\/wp-json\/wp\/v2\/media\/4895"}],"wp:attachment":[{"href":"https:\/\/agora.xtec.cat\/escolaprovencana\/wp-json\/wp\/v2\/media?parent=4894"}],"wp:term":[{"taxonomy":"category","embeddable":true,"href":"https:\/\/agora.xtec.cat\/escolaprovencana\/wp-json\/wp\/v2\/categories?post=4894"},{"taxonomy":"post_tag","embeddable":true,"href":"https:\/\/agora.xtec.cat\/escolaprovencana\/wp-json\/wp\/v2\/tags?post=4894"}],"curies":[{"name":"wp","href":"https:\/\/api.w.org\/{rel}","templated":true}]}}