{"id":4876,"date":"2025-05-22T13:39:29","date_gmt":"2025-05-22T11:39:29","guid":{"rendered":"https:\/\/agora.xtec.cat\/escolaprovencana\/?p=4876"},"modified":"2025-05-22T13:39:29","modified_gmt":"2025-05-22T11:39:29","slug":"inscripcions-extraescolars-2025-26","status":"publish","type":"post","link":"https:\/\/agora.xtec.cat\/escolaprovencana\/afa\/inscripcions-extraescolars-2025-26\/","title":{"rendered":"Inscripcions extraescolars 2025\/26"},"content":{"rendered":"\n<p>Despr\u00e9s de l&#8217;\u00e8xit de la mostra d&#8217;ahir, ha comen\u00e7at el per\u00edode d&#8217;inscripcions per a les extraescolars del curs vinent. Us recordem que la intenci\u00f3 \u00e9s que quedin tancades abans d&#8217;acabar aquest any escolar, per a facilitar la conciliaci\u00f3 familiar. Seguidament us deixem un resum i el codi QR per fer les inscripcions fins al <strong>12 de juny.<\/strong><\/p>\n\n\n\n<figure class=\"wp-block-image size-large\"><a href=\"https:\/\/agora.xtec.cat\/escolaprovencana\/wp-content\/uploads\/usu2442\/2025\/05\/Inscripcio-extraescolars-2025_26.jpg\"><img loading=\"lazy\" decoding=\"async\" width=\"724\" height=\"1024\" src=\"https:\/\/agora.xtec.cat\/escolaprovencana\/wp-content\/uploads\/usu2442\/2025\/05\/Inscripcio-extraescolars-2025_26-724x1024.jpg\" alt=\"\" class=\"wp-image-4877\" srcset=\"https:\/\/agora.xtec.cat\/escolaprovencana\/wp-content\/uploads\/usu2442\/2025\/05\/Inscripcio-extraescolars-2025_26-724x1024.jpg 724w, https:\/\/agora.xtec.cat\/escolaprovencana\/wp-content\/uploads\/usu2442\/2025\/05\/Inscripcio-extraescolars-2025_26-212x300.jpg 212w, https:\/\/agora.xtec.cat\/escolaprovencana\/wp-content\/uploads\/usu2442\/2025\/05\/Inscripcio-extraescolars-2025_26-768x1086.jpg 768w, https:\/\/agora.xtec.cat\/escolaprovencana\/wp-content\/uploads\/usu2442\/2025\/05\/Inscripcio-extraescolars-2025_26-1086x1536.jpg 1086w, https:\/\/agora.xtec.cat\/escolaprovencana\/wp-content\/uploads\/usu2442\/2025\/05\/Inscripcio-extraescolars-2025_26.jpg 1131w\" sizes=\"auto, (max-width: 724px) 100vw, 724px\" \/><\/a><\/figure>\n","protected":false},"excerpt":{"rendered":"<p>Despr\u00e9s de l&#8217;\u00e8xit de la mostra d&#8217;ahir, ha comen\u00e7at el per\u00edode d&#8217;inscripcions per a les extraescolars del curs vinent. Us recordem que la intenci\u00f3 \u00e9s que quedin tancades abans d&#8217;acabar aquest any escolar, per a facilitar la conciliaci\u00f3 familiar. Seguidament us deixem un resum i&hellip;  <a href=\"https:\/\/agora.xtec.cat\/escolaprovencana\/afa\/inscripcions-extraescolars-2025-26\/\" title=\"Read Inscripcions extraescolars 2025\/26\">Llegeix m\u00e9s\u00bb<\/a><\/p>\n","protected":false},"author":50,"featured_media":0,"comment_status":"closed","ping_status":"closed","sticky":false,"template":"","format":"standard","meta":{"_bbp_topic_count":0,"_bbp_reply_count":0,"_bbp_total_topic_count":0,"_bbp_total_reply_count":0,"_bbp_voice_count":0,"_bbp_anonymous_reply_count":0,"_bbp_topic_count_hidden":0,"_bbp_reply_count_hidden":0,"_bbp_forum_subforum_count":0,"footnotes":""},"categories":[7],"tags":[130],"class_list":["post-4876","post","type-post","status-publish","format-standard","hentry","category-afa","tag-afa"],"post_mailing_queue_ids":[],"_links":{"self":[{"href":"https:\/\/agora.xtec.cat\/escolaprovencana\/wp-json\/wp\/v2\/posts\/4876","targetHints":{"allow":["GET"]}}],"collection":[{"href":"https:\/\/agora.xtec.cat\/escolaprovencana\/wp-json\/wp\/v2\/posts"}],"about":[{"href":"https:\/\/agora.xtec.cat\/escolaprovencana\/wp-json\/wp\/v2\/types\/post"}],"author":[{"embeddable":true,"href":"https:\/\/agora.xtec.cat\/escolaprovencana\/wp-json\/wp\/v2\/users\/50"}],"replies":[{"embeddable":true,"href":"https:\/\/agora.xtec.cat\/escolaprovencana\/wp-json\/wp\/v2\/comments?post=4876"}],"version-history":[{"count":1,"href":"https:\/\/agora.xtec.cat\/escolaprovencana\/wp-json\/wp\/v2\/posts\/4876\/revisions"}],"predecessor-version":[{"id":4878,"href":"https:\/\/agora.xtec.cat\/escolaprovencana\/wp-json\/wp\/v2\/posts\/4876\/revisions\/4878"}],"wp:attachment":[{"href":"https:\/\/agora.xtec.cat\/escolaprovencana\/wp-json\/wp\/v2\/media?parent=4876"}],"wp:term":[{"taxonomy":"category","embeddable":true,"href":"https:\/\/agora.xtec.cat\/escolaprovencana\/wp-json\/wp\/v2\/categories?post=4876"},{"taxonomy":"post_tag","embeddable":true,"href":"https:\/\/agora.xtec.cat\/escolaprovencana\/wp-json\/wp\/v2\/tags?post=4876"}],"curies":[{"name":"wp","href":"https:\/\/api.w.org\/{rel}","templated":true}]}}