{"id":4852,"date":"2025-05-12T16:20:54","date_gmt":"2025-05-12T14:20:54","guid":{"rendered":"https:\/\/agora.xtec.cat\/escolaprovencana\/?p=4852"},"modified":"2025-05-12T16:20:54","modified_gmt":"2025-05-12T14:20:54","slug":"vine-a-provar-les-extraescolars-25-26","status":"publish","type":"post","link":"https:\/\/agora.xtec.cat\/escolaprovencana\/afa\/vine-a-provar-les-extraescolars-25-26\/","title":{"rendered":"Vine a provar les extraescolars 25\/26"},"content":{"rendered":"\n<p>No hi ha millor manera de saber si una activitat et conven\u00e7 com provar-la abans. Per aquest motiu, hem decidit, conjuntament amb l&#8217;empresa Dacor, organitzar un dia per venir a provar les extraescolars que s&#8217;oferiran el curs vinent.<br>El pr\u00f2xim dimecres 21 de maig apropa&#8217;t al pati i fes un tastet gratu\u00eftament i si t&#8217;agrada, ja podr\u00e0s fer la inscripci\u00f3! Encara que sembli d&#8217;hora, comencem a organitzar-nos el curs entrant, no t&#8217;ho perdis!<\/p>\n\n\n\n<figure class=\"wp-block-image size-large\"><a href=\"https:\/\/agora.xtec.cat\/escolaprovencana\/wp-content\/uploads\/usu2442\/2025\/05\/Dia-de-les-extraescolars-21-maig.jpg\"><img loading=\"lazy\" decoding=\"async\" width=\"724\" height=\"1024\" src=\"https:\/\/agora.xtec.cat\/escolaprovencana\/wp-content\/uploads\/usu2442\/2025\/05\/Dia-de-les-extraescolars-21-maig-724x1024.jpg\" alt=\"\" class=\"wp-image-4853\" srcset=\"https:\/\/agora.xtec.cat\/escolaprovencana\/wp-content\/uploads\/usu2442\/2025\/05\/Dia-de-les-extraescolars-21-maig-724x1024.jpg 724w, https:\/\/agora.xtec.cat\/escolaprovencana\/wp-content\/uploads\/usu2442\/2025\/05\/Dia-de-les-extraescolars-21-maig-212x300.jpg 212w, https:\/\/agora.xtec.cat\/escolaprovencana\/wp-content\/uploads\/usu2442\/2025\/05\/Dia-de-les-extraescolars-21-maig-768x1086.jpg 768w, https:\/\/agora.xtec.cat\/escolaprovencana\/wp-content\/uploads\/usu2442\/2025\/05\/Dia-de-les-extraescolars-21-maig-1086x1536.jpg 1086w, https:\/\/agora.xtec.cat\/escolaprovencana\/wp-content\/uploads\/usu2442\/2025\/05\/Dia-de-les-extraescolars-21-maig.jpg 1131w\" sizes=\"auto, (max-width: 724px) 100vw, 724px\" \/><\/a><\/figure>\n","protected":false},"excerpt":{"rendered":"<p>No hi ha millor manera de saber si una activitat et conven\u00e7 com provar-la abans. Per aquest motiu, hem decidit, conjuntament amb l&#8217;empresa Dacor, organitzar un dia per venir a provar les extraescolars que s&#8217;oferiran el curs vinent.El pr\u00f2xim dimecres 21 de maig apropa&#8217;t al&hellip;  <a href=\"https:\/\/agora.xtec.cat\/escolaprovencana\/afa\/vine-a-provar-les-extraescolars-25-26\/\" title=\"Read Vine a provar les extraescolars 25\/26\">Llegeix m\u00e9s\u00bb<\/a><\/p>\n","protected":false},"author":50,"featured_media":0,"comment_status":"closed","ping_status":"closed","sticky":false,"template":"","format":"standard","meta":{"_bbp_topic_count":0,"_bbp_reply_count":0,"_bbp_total_topic_count":0,"_bbp_total_reply_count":0,"_bbp_voice_count":0,"_bbp_anonymous_reply_count":0,"_bbp_topic_count_hidden":0,"_bbp_reply_count_hidden":0,"_bbp_forum_subforum_count":0,"footnotes":""},"categories":[7],"tags":[130],"class_list":["post-4852","post","type-post","status-publish","format-standard","hentry","category-afa","tag-afa"],"post_mailing_queue_ids":[],"_links":{"self":[{"href":"https:\/\/agora.xtec.cat\/escolaprovencana\/wp-json\/wp\/v2\/posts\/4852","targetHints":{"allow":["GET"]}}],"collection":[{"href":"https:\/\/agora.xtec.cat\/escolaprovencana\/wp-json\/wp\/v2\/posts"}],"about":[{"href":"https:\/\/agora.xtec.cat\/escolaprovencana\/wp-json\/wp\/v2\/types\/post"}],"author":[{"embeddable":true,"href":"https:\/\/agora.xtec.cat\/escolaprovencana\/wp-json\/wp\/v2\/users\/50"}],"replies":[{"embeddable":true,"href":"https:\/\/agora.xtec.cat\/escolaprovencana\/wp-json\/wp\/v2\/comments?post=4852"}],"version-history":[{"count":1,"href":"https:\/\/agora.xtec.cat\/escolaprovencana\/wp-json\/wp\/v2\/posts\/4852\/revisions"}],"predecessor-version":[{"id":4854,"href":"https:\/\/agora.xtec.cat\/escolaprovencana\/wp-json\/wp\/v2\/posts\/4852\/revisions\/4854"}],"wp:attachment":[{"href":"https:\/\/agora.xtec.cat\/escolaprovencana\/wp-json\/wp\/v2\/media?parent=4852"}],"wp:term":[{"taxonomy":"category","embeddable":true,"href":"https:\/\/agora.xtec.cat\/escolaprovencana\/wp-json\/wp\/v2\/categories?post=4852"},{"taxonomy":"post_tag","embeddable":true,"href":"https:\/\/agora.xtec.cat\/escolaprovencana\/wp-json\/wp\/v2\/tags?post=4852"}],"curies":[{"name":"wp","href":"https:\/\/api.w.org\/{rel}","templated":true}]}}