{"id":4761,"date":"2025-04-30T11:25:29","date_gmt":"2025-04-30T09:25:29","guid":{"rendered":"https:\/\/agora.xtec.cat\/escolaprovencana\/?p=4761"},"modified":"2025-04-30T12:08:53","modified_gmt":"2025-04-30T10:08:53","slug":"un-sant-jordi-especial-a-cicle-inicial","status":"publish","type":"post","link":"https:\/\/agora.xtec.cat\/escolaprovencana\/general\/un-sant-jordi-especial-a-cicle-inicial\/","title":{"rendered":"Un Sant Jordi especial a Cicle Inicial"},"content":{"rendered":"\n<figure class=\"wp-block-image size-large is-resized\"><a href=\"https:\/\/agora.xtec.cat\/escolaprovencana\/wp-content\/uploads\/usu2442\/2025\/04\/olivia-luna.jpg\"><img loading=\"lazy\" decoding=\"async\" width=\"1024\" height=\"768\" src=\"https:\/\/agora.xtec.cat\/escolaprovencana\/wp-content\/uploads\/usu2442\/2025\/04\/olivia-luna-1024x768.jpg\" alt=\"\" class=\"wp-image-4762\" style=\"width:540px;height:auto\" srcset=\"https:\/\/agora.xtec.cat\/escolaprovencana\/wp-content\/uploads\/usu2442\/2025\/04\/olivia-luna-1024x768.jpg 1024w, https:\/\/agora.xtec.cat\/escolaprovencana\/wp-content\/uploads\/usu2442\/2025\/04\/olivia-luna-300x225.jpg 300w, https:\/\/agora.xtec.cat\/escolaprovencana\/wp-content\/uploads\/usu2442\/2025\/04\/olivia-luna-768x576.jpg 768w, https:\/\/agora.xtec.cat\/escolaprovencana\/wp-content\/uploads\/usu2442\/2025\/04\/olivia-luna-1536x1152.jpg 1536w, https:\/\/agora.xtec.cat\/escolaprovencana\/wp-content\/uploads\/usu2442\/2025\/04\/olivia-luna-200x150.jpg 200w, https:\/\/agora.xtec.cat\/escolaprovencana\/wp-content\/uploads\/usu2442\/2025\/04\/olivia-luna.jpg 1600w\" sizes=\"auto, (max-width: 1024px) 100vw, 1024px\" \/><\/a><\/figure>\n\n\n\n<figure class=\"wp-block-image size-large is-resized\"><a href=\"https:\/\/agora.xtec.cat\/escolaprovencana\/wp-content\/uploads\/usu2442\/2025\/04\/Ainara.jpg\"><img loading=\"lazy\" decoding=\"async\" width=\"768\" height=\"1024\" src=\"https:\/\/agora.xtec.cat\/escolaprovencana\/wp-content\/uploads\/usu2442\/2025\/04\/Ainara-768x1024.jpg\" alt=\"\" class=\"wp-image-4764\" style=\"width:549px;height:auto\" srcset=\"https:\/\/agora.xtec.cat\/escolaprovencana\/wp-content\/uploads\/usu2442\/2025\/04\/Ainara-768x1024.jpg 768w, https:\/\/agora.xtec.cat\/escolaprovencana\/wp-content\/uploads\/usu2442\/2025\/04\/Ainara-225x300.jpg 225w, https:\/\/agora.xtec.cat\/escolaprovencana\/wp-content\/uploads\/usu2442\/2025\/04\/Ainara-1152x1536.jpg 1152w, https:\/\/agora.xtec.cat\/escolaprovencana\/wp-content\/uploads\/usu2442\/2025\/04\/Ainara.jpg 1200w\" sizes=\"auto, (max-width: 768px) 100vw, 768px\" \/><\/a><\/figure>\n\n\n\n<figure class=\"wp-block-image size-large is-resized\"><a href=\"https:\/\/agora.xtec.cat\/escolaprovencana\/wp-content\/uploads\/usu2442\/2025\/04\/iker.jpg\"><img loading=\"lazy\" decoding=\"async\" width=\"768\" height=\"1024\" src=\"https:\/\/agora.xtec.cat\/escolaprovencana\/wp-content\/uploads\/usu2442\/2025\/04\/iker-768x1024.jpg\" alt=\"\" class=\"wp-image-4765\" style=\"width:548px;height:auto\" srcset=\"https:\/\/agora.xtec.cat\/escolaprovencana\/wp-content\/uploads\/usu2442\/2025\/04\/iker-768x1024.jpg 768w, https:\/\/agora.xtec.cat\/escolaprovencana\/wp-content\/uploads\/usu2442\/2025\/04\/iker-225x300.jpg 225w, https:\/\/agora.xtec.cat\/escolaprovencana\/wp-content\/uploads\/usu2442\/2025\/04\/iker-1152x1536.jpg 1152w, https:\/\/agora.xtec.cat\/escolaprovencana\/wp-content\/uploads\/usu2442\/2025\/04\/iker.jpg 1200w\" sizes=\"auto, (max-width: 768px) 100vw, 768px\" \/><\/a><\/figure>\n\n\n\n<figure class=\"wp-block-image size-large is-resized\"><a href=\"https:\/\/agora.xtec.cat\/escolaprovencana\/wp-content\/uploads\/usu2442\/2025\/04\/ekaitz-safae.jpg\"><img loading=\"lazy\" decoding=\"async\" width=\"1024\" height=\"768\" src=\"https:\/\/agora.xtec.cat\/escolaprovencana\/wp-content\/uploads\/usu2442\/2025\/04\/ekaitz-safae-1024x768.jpg\" alt=\"\" class=\"wp-image-4766\" style=\"width:551px;height:auto\" srcset=\"https:\/\/agora.xtec.cat\/escolaprovencana\/wp-content\/uploads\/usu2442\/2025\/04\/ekaitz-safae-1024x768.jpg 1024w, https:\/\/agora.xtec.cat\/escolaprovencana\/wp-content\/uploads\/usu2442\/2025\/04\/ekaitz-safae-300x225.jpg 300w, https:\/\/agora.xtec.cat\/escolaprovencana\/wp-content\/uploads\/usu2442\/2025\/04\/ekaitz-safae-768x576.jpg 768w, https:\/\/agora.xtec.cat\/escolaprovencana\/wp-content\/uploads\/usu2442\/2025\/04\/ekaitz-safae-1536x1152.jpg 1536w, https:\/\/agora.xtec.cat\/escolaprovencana\/wp-content\/uploads\/usu2442\/2025\/04\/ekaitz-safae-200x150.jpg 200w, https:\/\/agora.xtec.cat\/escolaprovencana\/wp-content\/uploads\/usu2442\/2025\/04\/ekaitz-safae.jpg 1600w\" sizes=\"auto, (max-width: 1024px) 100vw, 1024px\" \/><\/a><\/figure>\n\n\n\n<p>Benvolgudes fam\u00edlies,<\/p>\n\n\n\n<p>Aquest any, per celebrar Sant Jordi, els nens i nenes de Cicle Inicial hem treballat poemes d&#8217;animals escrits per la Lola Casas, una autora que ens ha agradat molt. <\/p>\n\n\n\n<p>La Lola Casas diu que la POESIA \u00e9s un conte curt.<\/p>\n\n\n\n<p>En parelles internivells, hem apr\u00e8s diferents poemes de la Lola Casas, llegint amb molta atenci\u00f3 i practicant per fer-ho ben bonic. Despr\u00e9s, hem gravat la nostra veu, en el nostre estudi radiof\u00f2nic, recitant els poemes i hem deixat enregistrat tot el nostre treball.&nbsp;<\/p>\n\n\n\n<p>Ens ha agradat molt fer-ho i ens hem sentit com petits artistes de la poesia!<\/p>\n\n\n\n<p>\u00c9s per aix\u00f2 que ens agradaria compartir amb tots i totes vosaltres tot el que hem aconseguit. <\/p>\n\n\n\n<p>Teniu acc\u00e9s a aquest drive amb totes les gravacions dels poemes:<\/p>\n\n\n\n<p>&nbsp;<a href=\"https:\/\/drive.google.com\/drive\/folders\/1wHatM1cjzzAzhh7j1thq0Bzz1biAgR7j?usp=sharing\" target=\"_blank\" rel=\"noreferrer noopener\">https:\/\/drive.google.com\/drive\/folders\/1wHatM1cjzzAzhh7j1thq0Bzz1biAgR7j?usp=sharing<\/a>.<\/p>\n\n\n\n<p>Moltes gr\u00e0cies i esperem que us agradi.<\/p>\n\n\n\n<p>Mestres de Cicle Inicial.<\/p>\n","protected":false},"excerpt":{"rendered":"<p><a href=\"https:\/\/agora.xtec.cat\/escolaprovencana\/wp-content\/uploads\/usu2442\/2025\/04\/olivia-luna.jpg\"><\/a><\/p>\n<p><a href=\"https:\/\/agora.xtec.cat\/escolaprovencana\/wp-content\/uploads\/usu2442\/2025\/04\/Ainara.jpg\"><\/a><\/p>\n<p><a href=\"https:\/\/agora.xtec.cat\/escolaprovencana\/wp-content\/uploads\/usu2442\/2025\/04\/iker.jpg\"><\/a><\/p>\n<p><a href=\"https:\/\/agora.xtec.cat\/escolaprovencana\/wp-content\/uploads\/usu2442\/2025\/04\/ekaitz-safae.jpg\"><\/a><\/p>\n<p>Benvolgudes fam\u00edlies,<\/p>\n<p>Aquest any, per celebrar Sant Jordi, els nens i nenes de Cicle Inicial hem treballat poemes d&#8217;animals escrits per la Lola Casas, una autora que ens ha agradat molt. <\/p>\n<p>La Lola Casas diu que la POESIA \u00e9s un conte curt.<\/p>\n<p>En&hellip;  <a href=\"https:\/\/agora.xtec.cat\/escolaprovencana\/general\/un-sant-jordi-especial-a-cicle-inicial\/\" title=\"Read Un Sant Jordi especial a Cicle Inicial\">Llegeix m\u00e9s\u00bb<\/a><\/p>\n","protected":false},"author":42,"featured_media":0,"comment_status":"closed","ping_status":"closed","sticky":false,"template":"","format":"standard","meta":{"_bbp_topic_count":0,"_bbp_reply_count":0,"_bbp_total_topic_count":0,"_bbp_total_reply_count":0,"_bbp_voice_count":0,"_bbp_anonymous_reply_count":0,"_bbp_topic_count_hidden":0,"_bbp_reply_count_hidden":0,"_bbp_forum_subforum_count":0,"footnotes":""},"categories":[10,11,1],"tags":[],"class_list":["post-4761","post","type-post","status-publish","format-standard","hentry","category-1r","category-2n","category-general"],"post_mailing_queue_ids":[],"_links":{"self":[{"href":"https:\/\/agora.xtec.cat\/escolaprovencana\/wp-json\/wp\/v2\/posts\/4761","targetHints":{"allow":["GET"]}}],"collection":[{"href":"https:\/\/agora.xtec.cat\/escolaprovencana\/wp-json\/wp\/v2\/posts"}],"about":[{"href":"https:\/\/agora.xtec.cat\/escolaprovencana\/wp-json\/wp\/v2\/types\/post"}],"author":[{"embeddable":true,"href":"https:\/\/agora.xtec.cat\/escolaprovencana\/wp-json\/wp\/v2\/users\/42"}],"replies":[{"embeddable":true,"href":"https:\/\/agora.xtec.cat\/escolaprovencana\/wp-json\/wp\/v2\/comments?post=4761"}],"version-history":[{"count":2,"href":"https:\/\/agora.xtec.cat\/escolaprovencana\/wp-json\/wp\/v2\/posts\/4761\/revisions"}],"predecessor-version":[{"id":4768,"href":"https:\/\/agora.xtec.cat\/escolaprovencana\/wp-json\/wp\/v2\/posts\/4761\/revisions\/4768"}],"wp:attachment":[{"href":"https:\/\/agora.xtec.cat\/escolaprovencana\/wp-json\/wp\/v2\/media?parent=4761"}],"wp:term":[{"taxonomy":"category","embeddable":true,"href":"https:\/\/agora.xtec.cat\/escolaprovencana\/wp-json\/wp\/v2\/categories?post=4761"},{"taxonomy":"post_tag","embeddable":true,"href":"https:\/\/agora.xtec.cat\/escolaprovencana\/wp-json\/wp\/v2\/tags?post=4761"}],"curies":[{"name":"wp","href":"https:\/\/api.w.org\/{rel}","templated":true}]}}