{"id":4736,"date":"2025-04-24T13:46:02","date_gmt":"2025-04-24T11:46:02","guid":{"rendered":"https:\/\/agora.xtec.cat\/escolaprovencana\/?p=4736"},"modified":"2025-04-24T13:46:03","modified_gmt":"2025-04-24T11:46:03","slug":"sant-jordi-cicle-superior-5e-6ea-i-6eb","status":"publish","type":"post","link":"https:\/\/agora.xtec.cat\/escolaprovencana\/general\/sant-jordi-cicle-superior-5e-6ea-i-6eb\/","title":{"rendered":"SANT JORDI CICLE SUPERIOR (5\u00e8, 6\u00e8A i 6\u00e8B)"},"content":{"rendered":"\n<p>Aquest mes d\u2019abril, a l\u2019escola hem viscut una celebraci\u00f3 de Sant Jordi molt especial. Tots els cursos hem preparat una gran exposici\u00f3 plena de creacions art\u00edstiques i liter\u00e0ries, i les fam\u00edlies han tingut l\u2019oportunitat de visitar-la. Ha estat una gran ocasi\u00f3 per mostrar tot el que hem treballat durant aquestes setmanes!<\/p>\n\n\n\n<p>A cicle superior (cinqu\u00e8 i sis\u00e8 A i B), hem contribu\u00eft amb una mostra molt variada i creativa. A l\u2019\u00e0rea art\u00edstica, hem exposat els treballs dels tallers art\u00edstics\u00a0 de cinema, cubisme i c\u00f2mic, que han deixat a tothom bocabadat per la seva originalitat. Tamb\u00e9 hem compartit un dossier molt complet sobre l\u2019autora Anna Manso, una figura que hem conegut i treballat a fons a classe.<\/p>\n\n\n\n<p>A m\u00e9s, hi havia una mostra dels productes que hem fet per la nostra cooperativa escolar, un text d\u2019hist\u00f2ries absurdes treballat des de l\u2019\u00e0rea de castell\u00e0, i uns dibuixos molt originals on hem combinat la llegenda de Sant Jordi amb elements de pel\u00b7l\u00edcules.<\/p>\n\n\n\n<p>Concretament, el dia de Sant Jordi vam poder fer una visita a l\u2019exposici\u00f3 per veure no nom\u00e9s el que hav\u00edem fet, sin\u00f3 tamb\u00e9 tot el que havien preparat la resta de companys i companyes de l\u2019escola. Va ser una experi\u00e8ncia molt enriquidora i divertida! A m\u00e9s a m\u00e9s, vam aprofitar per fer moltes fotos que recullen l\u2019ess\u00e8ncia d\u2019aquests moments.<\/p>\n\n\n\n<p>A continuaci\u00f3, us compartim aquestes fotos tant de 5\u00e8, com de 6\u00e8A i 6\u00e8B perqu\u00e8 en pugueu gaudir tant com nosaltres.<\/p>\n\n\n\n<p>Gr\u00e0cies a totes les fam\u00edlies que vau venir a veure l\u2019exposici\u00f3. Ens va fer molta il\u00b7lusi\u00f3 compartir una mica del nostre dia a dia amb vosaltres!<\/p>\n\n\n\n<p><\/p>\n\n\n\n<figure class=\"wp-block-gallery has-nested-images columns-default is-cropped wp-block-gallery-1 is-layout-flex wp-block-gallery-is-layout-flex\">\n<figure class=\"wp-block-image size-large\"><a href=\"https:\/\/agora.xtec.cat\/escolaprovencana\/wp-content\/uploads\/usu2442\/2025\/04\/cicle-superior.jpg\"><img loading=\"lazy\" decoding=\"async\" width=\"1024\" height=\"576\" data-id=\"4746\" src=\"https:\/\/agora.xtec.cat\/escolaprovencana\/wp-content\/uploads\/usu2442\/2025\/04\/cicle-superior-1024x576.jpg\" alt=\"\" class=\"wp-image-4746\" srcset=\"https:\/\/agora.xtec.cat\/escolaprovencana\/wp-content\/uploads\/usu2442\/2025\/04\/cicle-superior-1024x576.jpg 1024w, https:\/\/agora.xtec.cat\/escolaprovencana\/wp-content\/uploads\/usu2442\/2025\/04\/cicle-superior-300x169.jpg 300w, https:\/\/agora.xtec.cat\/escolaprovencana\/wp-content\/uploads\/usu2442\/2025\/04\/cicle-superior-768x432.jpg 768w, https:\/\/agora.xtec.cat\/escolaprovencana\/wp-content\/uploads\/usu2442\/2025\/04\/cicle-superior-1536x864.jpg 1536w, https:\/\/agora.xtec.cat\/escolaprovencana\/wp-content\/uploads\/usu2442\/2025\/04\/cicle-superior.jpg 1920w\" sizes=\"auto, (max-width: 1024px) 100vw, 1024px\" \/><\/a><\/figure>\n<\/figure>\n","protected":false},"excerpt":{"rendered":"<p>Aquest mes d\u2019abril, a l\u2019escola hem viscut una celebraci\u00f3 de Sant Jordi molt especial. Tots els cursos hem preparat una gran exposici\u00f3 plena de creacions art\u00edstiques i liter\u00e0ries, i les fam\u00edlies han tingut l\u2019oportunitat de visitar-la. Ha estat una gran ocasi\u00f3 per mostrar tot el&hellip;  <a href=\"https:\/\/agora.xtec.cat\/escolaprovencana\/general\/sant-jordi-cicle-superior-5e-6ea-i-6eb\/\" title=\"Read SANT JORDI CICLE SUPERIOR (5\u00e8, 6\u00e8A i 6\u00e8B)\">Llegeix m\u00e9s\u00bb<\/a><\/p>\n","protected":false},"author":45,"featured_media":0,"comment_status":"closed","ping_status":"closed","sticky":false,"template":"","format":"standard","meta":{"_bbp_topic_count":0,"_bbp_reply_count":0,"_bbp_total_topic_count":0,"_bbp_total_reply_count":0,"_bbp_voice_count":0,"_bbp_anonymous_reply_count":0,"_bbp_topic_count_hidden":0,"_bbp_reply_count_hidden":0,"_bbp_forum_subforum_count":0,"footnotes":""},"categories":[14,126,15,1],"tags":[],"class_list":["post-4736","post","type-post","status-publish","format-standard","hentry","category-5e-b","category-5e-a","category-6e","category-general"],"post_mailing_queue_ids":[],"_links":{"self":[{"href":"https:\/\/agora.xtec.cat\/escolaprovencana\/wp-json\/wp\/v2\/posts\/4736","targetHints":{"allow":["GET"]}}],"collection":[{"href":"https:\/\/agora.xtec.cat\/escolaprovencana\/wp-json\/wp\/v2\/posts"}],"about":[{"href":"https:\/\/agora.xtec.cat\/escolaprovencana\/wp-json\/wp\/v2\/types\/post"}],"author":[{"embeddable":true,"href":"https:\/\/agora.xtec.cat\/escolaprovencana\/wp-json\/wp\/v2\/users\/45"}],"replies":[{"embeddable":true,"href":"https:\/\/agora.xtec.cat\/escolaprovencana\/wp-json\/wp\/v2\/comments?post=4736"}],"version-history":[{"count":1,"href":"https:\/\/agora.xtec.cat\/escolaprovencana\/wp-json\/wp\/v2\/posts\/4736\/revisions"}],"predecessor-version":[{"id":4747,"href":"https:\/\/agora.xtec.cat\/escolaprovencana\/wp-json\/wp\/v2\/posts\/4736\/revisions\/4747"}],"wp:attachment":[{"href":"https:\/\/agora.xtec.cat\/escolaprovencana\/wp-json\/wp\/v2\/media?parent=4736"}],"wp:term":[{"taxonomy":"category","embeddable":true,"href":"https:\/\/agora.xtec.cat\/escolaprovencana\/wp-json\/wp\/v2\/categories?post=4736"},{"taxonomy":"post_tag","embeddable":true,"href":"https:\/\/agora.xtec.cat\/escolaprovencana\/wp-json\/wp\/v2\/tags?post=4736"}],"curies":[{"name":"wp","href":"https:\/\/api.w.org\/{rel}","templated":true}]}}