{"id":4715,"date":"2025-04-23T13:43:17","date_gmt":"2025-04-23T11:43:17","guid":{"rendered":"https:\/\/agora.xtec.cat\/escolaprovencana\/?p=4715"},"modified":"2025-04-23T13:43:17","modified_gmt":"2025-04-23T11:43:17","slug":"exposicio-de-sant-jordi","status":"publish","type":"post","link":"https:\/\/agora.xtec.cat\/escolaprovencana\/general\/exposicio-de-sant-jordi\/","title":{"rendered":"Exposici\u00f3 de Sant Jordi"},"content":{"rendered":"\n<p>Un any m\u00e9s ha arribat Sant Jordi i, amb la diada, tamb\u00e9 ha arribat la nostra exposici\u00f3 de feines. Aquest mati, els i les alumnes de Cicle Mitj\u00e0 hem passejat per valorar i admirar les feines i creacions diverses de tots els i les companys\/es de l&#8217;escola. Han quedat unes activitats ben xules!!<\/p>\n\n\n\n<figure class=\"wp-block-image size-large is-resized\"><a href=\"https:\/\/agora.xtec.cat\/escolaprovencana\/wp-content\/uploads\/usu2442\/2025\/04\/IMG_2493-scaled.jpeg\"><img loading=\"lazy\" decoding=\"async\" width=\"1024\" height=\"768\" src=\"https:\/\/agora.xtec.cat\/escolaprovencana\/wp-content\/uploads\/usu2442\/2025\/04\/IMG_2493-1024x768.jpeg\" alt=\"\" class=\"wp-image-4728\" style=\"width:641px;height:auto\" srcset=\"https:\/\/agora.xtec.cat\/escolaprovencana\/wp-content\/uploads\/usu2442\/2025\/04\/IMG_2493-1024x768.jpeg 1024w, https:\/\/agora.xtec.cat\/escolaprovencana\/wp-content\/uploads\/usu2442\/2025\/04\/IMG_2493-300x225.jpeg 300w, https:\/\/agora.xtec.cat\/escolaprovencana\/wp-content\/uploads\/usu2442\/2025\/04\/IMG_2493-768x576.jpeg 768w, https:\/\/agora.xtec.cat\/escolaprovencana\/wp-content\/uploads\/usu2442\/2025\/04\/IMG_2493-1536x1152.jpeg 1536w, https:\/\/agora.xtec.cat\/escolaprovencana\/wp-content\/uploads\/usu2442\/2025\/04\/IMG_2493-2048x1536.jpeg 2048w, https:\/\/agora.xtec.cat\/escolaprovencana\/wp-content\/uploads\/usu2442\/2025\/04\/IMG_2493-200x150.jpeg 200w\" sizes=\"auto, (max-width: 1024px) 100vw, 1024px\" \/><\/a><\/figure>\n\n\n\n<figure class=\"wp-block-image size-large is-resized\"><a href=\"https:\/\/agora.xtec.cat\/escolaprovencana\/wp-content\/uploads\/usu2442\/2025\/04\/IMG_2499-scaled.jpeg\"><img loading=\"lazy\" decoding=\"async\" width=\"1024\" height=\"768\" src=\"https:\/\/agora.xtec.cat\/escolaprovencana\/wp-content\/uploads\/usu2442\/2025\/04\/IMG_2499-1024x768.jpeg\" alt=\"\" class=\"wp-image-4725\" style=\"width:646px;height:auto\" srcset=\"https:\/\/agora.xtec.cat\/escolaprovencana\/wp-content\/uploads\/usu2442\/2025\/04\/IMG_2499-1024x768.jpeg 1024w, https:\/\/agora.xtec.cat\/escolaprovencana\/wp-content\/uploads\/usu2442\/2025\/04\/IMG_2499-300x225.jpeg 300w, https:\/\/agora.xtec.cat\/escolaprovencana\/wp-content\/uploads\/usu2442\/2025\/04\/IMG_2499-768x576.jpeg 768w, https:\/\/agora.xtec.cat\/escolaprovencana\/wp-content\/uploads\/usu2442\/2025\/04\/IMG_2499-1536x1152.jpeg 1536w, https:\/\/agora.xtec.cat\/escolaprovencana\/wp-content\/uploads\/usu2442\/2025\/04\/IMG_2499-2048x1536.jpeg 2048w, https:\/\/agora.xtec.cat\/escolaprovencana\/wp-content\/uploads\/usu2442\/2025\/04\/IMG_2499-200x150.jpeg 200w\" sizes=\"auto, (max-width: 1024px) 100vw, 1024px\" \/><\/a><\/figure>\n\n\n\n<figure class=\"wp-block-image size-large is-resized is-style-default\"><a href=\"https:\/\/agora.xtec.cat\/escolaprovencana\/wp-content\/uploads\/usu2442\/2025\/04\/WhatsApp-Image-2025-04-23-at-10.32.27.jpeg\"><img loading=\"lazy\" decoding=\"async\" width=\"473\" height=\"1024\" src=\"https:\/\/agora.xtec.cat\/escolaprovencana\/wp-content\/uploads\/usu2442\/2025\/04\/WhatsApp-Image-2025-04-23-at-10.32.27-473x1024.jpeg\" alt=\"\" class=\"wp-image-4716\" style=\"width:396px;height:auto\" srcset=\"https:\/\/agora.xtec.cat\/escolaprovencana\/wp-content\/uploads\/usu2442\/2025\/04\/WhatsApp-Image-2025-04-23-at-10.32.27-473x1024.jpeg 473w, https:\/\/agora.xtec.cat\/escolaprovencana\/wp-content\/uploads\/usu2442\/2025\/04\/WhatsApp-Image-2025-04-23-at-10.32.27-138x300.jpeg 138w, https:\/\/agora.xtec.cat\/escolaprovencana\/wp-content\/uploads\/usu2442\/2025\/04\/WhatsApp-Image-2025-04-23-at-10.32.27-768x1664.jpeg 768w, https:\/\/agora.xtec.cat\/escolaprovencana\/wp-content\/uploads\/usu2442\/2025\/04\/WhatsApp-Image-2025-04-23-at-10.32.27-709x1536.jpeg 709w, https:\/\/agora.xtec.cat\/escolaprovencana\/wp-content\/uploads\/usu2442\/2025\/04\/WhatsApp-Image-2025-04-23-at-10.32.27.jpeg 945w\" sizes=\"auto, (max-width: 473px) 100vw, 473px\" \/><\/a><\/figure>\n\n\n\n<figure class=\"wp-block-image size-large is-resized\"><a href=\"https:\/\/agora.xtec.cat\/escolaprovencana\/wp-content\/uploads\/usu2442\/2025\/04\/IMG_2492-scaled.jpeg\"><img loading=\"lazy\" decoding=\"async\" width=\"1024\" height=\"768\" src=\"https:\/\/agora.xtec.cat\/escolaprovencana\/wp-content\/uploads\/usu2442\/2025\/04\/IMG_2492-1024x768.jpeg\" alt=\"\" class=\"wp-image-4729\" style=\"width:643px;height:auto\" srcset=\"https:\/\/agora.xtec.cat\/escolaprovencana\/wp-content\/uploads\/usu2442\/2025\/04\/IMG_2492-1024x768.jpeg 1024w, https:\/\/agora.xtec.cat\/escolaprovencana\/wp-content\/uploads\/usu2442\/2025\/04\/IMG_2492-300x225.jpeg 300w, https:\/\/agora.xtec.cat\/escolaprovencana\/wp-content\/uploads\/usu2442\/2025\/04\/IMG_2492-768x576.jpeg 768w, https:\/\/agora.xtec.cat\/escolaprovencana\/wp-content\/uploads\/usu2442\/2025\/04\/IMG_2492-1536x1152.jpeg 1536w, https:\/\/agora.xtec.cat\/escolaprovencana\/wp-content\/uploads\/usu2442\/2025\/04\/IMG_2492-2048x1536.jpeg 2048w, https:\/\/agora.xtec.cat\/escolaprovencana\/wp-content\/uploads\/usu2442\/2025\/04\/IMG_2492-200x150.jpeg 200w\" sizes=\"auto, (max-width: 1024px) 100vw, 1024px\" \/><\/a><\/figure>\n\n\n\n<figure class=\"wp-block-image size-large is-resized\"><a href=\"https:\/\/agora.xtec.cat\/escolaprovencana\/wp-content\/uploads\/usu2442\/2025\/04\/WhatsApp-Image-2025-04-23-at-10.32.27-1.jpeg\"><img loading=\"lazy\" decoding=\"async\" width=\"1024\" height=\"473\" src=\"https:\/\/agora.xtec.cat\/escolaprovencana\/wp-content\/uploads\/usu2442\/2025\/04\/WhatsApp-Image-2025-04-23-at-10.32.27-1-1024x473.jpeg\" alt=\"\" class=\"wp-image-4717\" style=\"width:585px;height:auto\" srcset=\"https:\/\/agora.xtec.cat\/escolaprovencana\/wp-content\/uploads\/usu2442\/2025\/04\/WhatsApp-Image-2025-04-23-at-10.32.27-1-1024x473.jpeg 1024w, https:\/\/agora.xtec.cat\/escolaprovencana\/wp-content\/uploads\/usu2442\/2025\/04\/WhatsApp-Image-2025-04-23-at-10.32.27-1-300x138.jpeg 300w, https:\/\/agora.xtec.cat\/escolaprovencana\/wp-content\/uploads\/usu2442\/2025\/04\/WhatsApp-Image-2025-04-23-at-10.32.27-1-768x354.jpeg 768w, https:\/\/agora.xtec.cat\/escolaprovencana\/wp-content\/uploads\/usu2442\/2025\/04\/WhatsApp-Image-2025-04-23-at-10.32.27-1-1536x709.jpeg 1536w, https:\/\/agora.xtec.cat\/escolaprovencana\/wp-content\/uploads\/usu2442\/2025\/04\/WhatsApp-Image-2025-04-23-at-10.32.27-1.jpeg 2048w\" sizes=\"auto, (max-width: 1024px) 100vw, 1024px\" \/><\/a><\/figure>\n\n\n\n<figure class=\"wp-block-image size-large is-resized\"><a href=\"https:\/\/agora.xtec.cat\/escolaprovencana\/wp-content\/uploads\/usu2442\/2025\/04\/WhatsApp-Image-2025-04-23-at-10.32.27-2.jpeg\"><img loading=\"lazy\" decoding=\"async\" width=\"1024\" height=\"473\" src=\"https:\/\/agora.xtec.cat\/escolaprovencana\/wp-content\/uploads\/usu2442\/2025\/04\/WhatsApp-Image-2025-04-23-at-10.32.27-2-1024x473.jpeg\" alt=\"\" class=\"wp-image-4718\" style=\"width:645px;height:auto\" srcset=\"https:\/\/agora.xtec.cat\/escolaprovencana\/wp-content\/uploads\/usu2442\/2025\/04\/WhatsApp-Image-2025-04-23-at-10.32.27-2-1024x473.jpeg 1024w, https:\/\/agora.xtec.cat\/escolaprovencana\/wp-content\/uploads\/usu2442\/2025\/04\/WhatsApp-Image-2025-04-23-at-10.32.27-2-300x138.jpeg 300w, https:\/\/agora.xtec.cat\/escolaprovencana\/wp-content\/uploads\/usu2442\/2025\/04\/WhatsApp-Image-2025-04-23-at-10.32.27-2-768x354.jpeg 768w, https:\/\/agora.xtec.cat\/escolaprovencana\/wp-content\/uploads\/usu2442\/2025\/04\/WhatsApp-Image-2025-04-23-at-10.32.27-2-1536x709.jpeg 1536w, https:\/\/agora.xtec.cat\/escolaprovencana\/wp-content\/uploads\/usu2442\/2025\/04\/WhatsApp-Image-2025-04-23-at-10.32.27-2.jpeg 2048w\" sizes=\"auto, (max-width: 1024px) 100vw, 1024px\" \/><\/a><\/figure>\n\n\n\n<figure class=\"wp-block-image size-full is-resized\"><a href=\"https:\/\/agora.xtec.cat\/escolaprovencana\/wp-content\/uploads\/usu2442\/2025\/04\/WhatsApp-Image-2025-04-23-at-10.32.27-3.jpeg\"><img loading=\"lazy\" decoding=\"async\" width=\"945\" height=\"2048\" src=\"https:\/\/agora.xtec.cat\/escolaprovencana\/wp-content\/uploads\/usu2442\/2025\/04\/WhatsApp-Image-2025-04-23-at-10.32.27-3.jpeg\" alt=\"\" class=\"wp-image-4719\" style=\"width:463px;height:auto\" srcset=\"https:\/\/agora.xtec.cat\/escolaprovencana\/wp-content\/uploads\/usu2442\/2025\/04\/WhatsApp-Image-2025-04-23-at-10.32.27-3.jpeg 945w, https:\/\/agora.xtec.cat\/escolaprovencana\/wp-content\/uploads\/usu2442\/2025\/04\/WhatsApp-Image-2025-04-23-at-10.32.27-3-138x300.jpeg 138w, https:\/\/agora.xtec.cat\/escolaprovencana\/wp-content\/uploads\/usu2442\/2025\/04\/WhatsApp-Image-2025-04-23-at-10.32.27-3-473x1024.jpeg 473w, https:\/\/agora.xtec.cat\/escolaprovencana\/wp-content\/uploads\/usu2442\/2025\/04\/WhatsApp-Image-2025-04-23-at-10.32.27-3-768x1664.jpeg 768w, https:\/\/agora.xtec.cat\/escolaprovencana\/wp-content\/uploads\/usu2442\/2025\/04\/WhatsApp-Image-2025-04-23-at-10.32.27-3-709x1536.jpeg 709w\" sizes=\"auto, (max-width: 945px) 100vw, 945px\" \/><\/a><\/figure>\n\n\n\n\n\n<figure class=\"wp-block-image size-large is-resized\"><a href=\"https:\/\/agora.xtec.cat\/escolaprovencana\/wp-content\/uploads\/usu2442\/2025\/04\/IMG_2495-scaled.jpeg\"><img loading=\"lazy\" decoding=\"async\" width=\"1024\" height=\"768\" src=\"https:\/\/agora.xtec.cat\/escolaprovencana\/wp-content\/uploads\/usu2442\/2025\/04\/IMG_2495-1024x768.jpeg\" alt=\"\" class=\"wp-image-4726\" style=\"width:639px;height:auto\" srcset=\"https:\/\/agora.xtec.cat\/escolaprovencana\/wp-content\/uploads\/usu2442\/2025\/04\/IMG_2495-1024x768.jpeg 1024w, https:\/\/agora.xtec.cat\/escolaprovencana\/wp-content\/uploads\/usu2442\/2025\/04\/IMG_2495-300x225.jpeg 300w, https:\/\/agora.xtec.cat\/escolaprovencana\/wp-content\/uploads\/usu2442\/2025\/04\/IMG_2495-768x576.jpeg 768w, https:\/\/agora.xtec.cat\/escolaprovencana\/wp-content\/uploads\/usu2442\/2025\/04\/IMG_2495-1536x1152.jpeg 1536w, https:\/\/agora.xtec.cat\/escolaprovencana\/wp-content\/uploads\/usu2442\/2025\/04\/IMG_2495-2048x1536.jpeg 2048w, https:\/\/agora.xtec.cat\/escolaprovencana\/wp-content\/uploads\/usu2442\/2025\/04\/IMG_2495-200x150.jpeg 200w\" sizes=\"auto, (max-width: 1024px) 100vw, 1024px\" \/><\/a><\/figure>\n\n\n\n<figure class=\"wp-block-image size-large is-resized\"><a href=\"https:\/\/agora.xtec.cat\/escolaprovencana\/wp-content\/uploads\/usu2442\/2025\/04\/IMG_2494-scaled.jpeg\"><img loading=\"lazy\" decoding=\"async\" width=\"1024\" height=\"768\" src=\"https:\/\/agora.xtec.cat\/escolaprovencana\/wp-content\/uploads\/usu2442\/2025\/04\/IMG_2494-1024x768.jpeg\" alt=\"\" class=\"wp-image-4727\" style=\"width:637px;height:auto\" srcset=\"https:\/\/agora.xtec.cat\/escolaprovencana\/wp-content\/uploads\/usu2442\/2025\/04\/IMG_2494-1024x768.jpeg 1024w, https:\/\/agora.xtec.cat\/escolaprovencana\/wp-content\/uploads\/usu2442\/2025\/04\/IMG_2494-300x225.jpeg 300w, https:\/\/agora.xtec.cat\/escolaprovencana\/wp-content\/uploads\/usu2442\/2025\/04\/IMG_2494-768x576.jpeg 768w, https:\/\/agora.xtec.cat\/escolaprovencana\/wp-content\/uploads\/usu2442\/2025\/04\/IMG_2494-1536x1152.jpeg 1536w, https:\/\/agora.xtec.cat\/escolaprovencana\/wp-content\/uploads\/usu2442\/2025\/04\/IMG_2494-2048x1536.jpeg 2048w, https:\/\/agora.xtec.cat\/escolaprovencana\/wp-content\/uploads\/usu2442\/2025\/04\/IMG_2494-200x150.jpeg 200w\" sizes=\"auto, (max-width: 1024px) 100vw, 1024px\" \/><\/a><\/figure>\n","protected":false},"excerpt":{"rendered":"<p>Un any m\u00e9s ha arribat Sant Jordi i, amb la diada, tamb\u00e9 ha arribat la nostra exposici\u00f3 de feines. Aquest mati, els i les alumnes de Cicle Mitj\u00e0 hem passejat per valorar i admirar les feines i creacions diverses de tots els i les companys\/es&hellip;  <a href=\"https:\/\/agora.xtec.cat\/escolaprovencana\/general\/exposicio-de-sant-jordi\/\" title=\"Read Exposici\u00f3 de Sant Jordi\">Llegeix m\u00e9s\u00bb<\/a><\/p>\n","protected":false},"author":44,"featured_media":0,"comment_status":"closed","ping_status":"closed","sticky":false,"template":"","format":"standard","meta":{"_bbp_topic_count":0,"_bbp_reply_count":0,"_bbp_total_topic_count":0,"_bbp_total_reply_count":0,"_bbp_voice_count":0,"_bbp_anonymous_reply_count":0,"_bbp_topic_count_hidden":0,"_bbp_reply_count_hidden":0,"_bbp_forum_subforum_count":0,"footnotes":""},"categories":[12,13,1],"tags":[],"class_list":["post-4715","post","type-post","status-publish","format-standard","hentry","category-3r","category-4t","category-general"],"post_mailing_queue_ids":[],"_links":{"self":[{"href":"https:\/\/agora.xtec.cat\/escolaprovencana\/wp-json\/wp\/v2\/posts\/4715","targetHints":{"allow":["GET"]}}],"collection":[{"href":"https:\/\/agora.xtec.cat\/escolaprovencana\/wp-json\/wp\/v2\/posts"}],"about":[{"href":"https:\/\/agora.xtec.cat\/escolaprovencana\/wp-json\/wp\/v2\/types\/post"}],"author":[{"embeddable":true,"href":"https:\/\/agora.xtec.cat\/escolaprovencana\/wp-json\/wp\/v2\/users\/44"}],"replies":[{"embeddable":true,"href":"https:\/\/agora.xtec.cat\/escolaprovencana\/wp-json\/wp\/v2\/comments?post=4715"}],"version-history":[{"count":2,"href":"https:\/\/agora.xtec.cat\/escolaprovencana\/wp-json\/wp\/v2\/posts\/4715\/revisions"}],"predecessor-version":[{"id":4731,"href":"https:\/\/agora.xtec.cat\/escolaprovencana\/wp-json\/wp\/v2\/posts\/4715\/revisions\/4731"}],"wp:attachment":[{"href":"https:\/\/agora.xtec.cat\/escolaprovencana\/wp-json\/wp\/v2\/media?parent=4715"}],"wp:term":[{"taxonomy":"category","embeddable":true,"href":"https:\/\/agora.xtec.cat\/escolaprovencana\/wp-json\/wp\/v2\/categories?post=4715"},{"taxonomy":"post_tag","embeddable":true,"href":"https:\/\/agora.xtec.cat\/escolaprovencana\/wp-json\/wp\/v2\/tags?post=4715"}],"curies":[{"name":"wp","href":"https:\/\/api.w.org\/{rel}","templated":true}]}}