{"id":4700,"date":"2025-04-10T12:12:16","date_gmt":"2025-04-10T10:12:16","guid":{"rendered":"https:\/\/agora.xtec.cat\/escolaprovencana\/?p=4700"},"modified":"2025-04-10T12:19:24","modified_gmt":"2025-04-10T10:19:24","slug":"recollim-propostes-per-les-extraescolars-25-26","status":"publish","type":"post","link":"https:\/\/agora.xtec.cat\/escolaprovencana\/afa\/recollim-propostes-per-les-extraescolars-25-26\/","title":{"rendered":"Recollim propostes per les extraescolars 2025\/26"},"content":{"rendered":"\n<p>Benvolgudes fam\u00edlies,<\/p>\n\n\n\n<p>Estem comen\u00e7ant a planificar les activitats extraescolars per al <strong>proper curs escolar<\/strong> i ens agradaria saber quins infants estarien interessats\/des a participar-hi.<\/p>\n\n\n\n<p>Per aquest motiu, des de Dacor s&#8217;ha fet arribar un <strong>formulari<\/strong> perqu\u00e8 pugueu indicar les extraescolars que us agradaria que ofer\u00edssim i aix\u00ed adaptar l\u2019oferta a les vostres necessitats i prefer\u00e8ncies. El link d&#8217;aquest formulari s&#8217;ha fet arribar via l&#8217;aplicaci\u00f3 de l&#8217;AFA i el grup de WhatsApp de delegades<strong> i cal respondre abans del 21 d&#8217;abril.<\/strong><\/p>\n\n\n\n<p>Si no el teniu, podeu enviar un correu electr\u00f2nic a l&#8217;AFA i us el passarem: afaprovencana@gmail.com<\/p>\n\n\n\n<p>Un cop ho tinguem, celebrarem una &#8220;<strong>Festa de les extraescolars<\/strong>&#8221; on els nens\/es podran fer un tastet i aix\u00ed poder tancar les inscripcions, per aconseguir tenir organitzat el curs vinent i l&#8217;estiu nom\u00e9s sigui per gaudir.<\/p>\n\n\n\n<p>Aqui us deixem la proposta d&#8217;activitats que tenim per ara:<\/p>\n\n\n\n<div class=\"wp-block-getwid-images-slider has-arrows-inside has-dots-inside has-images-center has-cropped-images\"><div class=\"wp-block-getwid-images-slider__wrapper\" data-effect=\"slide\" data-slides-show=\"1\" data-slides-show-laptop=\"1\" data-slides-show-tablet=\"1\" data-slides-show-mobile=\"1\" data-slides-scroll=\"1\" data-autoplay=\"false\" data-pause-hover=\"false\" data-autoplay-speed=\"6000\" data-infinite=\"true\" data-animation-speed=\"800\" data-center-mode=\"false\" data-variable-width=\"false\" data-arrows=\"inside\" data-dots=\"inside\" data-spacing=\"none\"><div class=\"wp-block-getwid-images-slider__item\"><figure><img loading=\"lazy\" decoding=\"async\" width=\"1755\" height=\"1241\" src=\"https:\/\/agora.xtec.cat\/escolaprovencana\/wp-content\/uploads\/usu2442\/2025\/04\/01-Triptic-extraescolars-Escola-Provencana-2025-2026_.jpg\" data-id=\"4706\" data-link=\"https:\/\/agora.xtec.cat\/escolaprovencana\/afa\/recollim-propostes-per-les-extraescolars-25-26\/attachment\/01-triptic-extraescolars-escola-provencana-2025-2026_\/\" data-original-link=\"https:\/\/agora.xtec.cat\/escolaprovencana\/wp-content\/uploads\/usu2442\/2025\/04\/01-Triptic-extraescolars-Escola-Provencana-2025-2026_.jpg\" class=\"wp-block-getwid-images-slider__image wp-image-4706\" srcset=\"https:\/\/agora.xtec.cat\/escolaprovencana\/wp-content\/uploads\/usu2442\/2025\/04\/01-Triptic-extraescolars-Escola-Provencana-2025-2026_.jpg 1755w, https:\/\/agora.xtec.cat\/escolaprovencana\/wp-content\/uploads\/usu2442\/2025\/04\/01-Triptic-extraescolars-Escola-Provencana-2025-2026_-300x212.jpg 300w, https:\/\/agora.xtec.cat\/escolaprovencana\/wp-content\/uploads\/usu2442\/2025\/04\/01-Triptic-extraescolars-Escola-Provencana-2025-2026_-1024x724.jpg 1024w, https:\/\/agora.xtec.cat\/escolaprovencana\/wp-content\/uploads\/usu2442\/2025\/04\/01-Triptic-extraescolars-Escola-Provencana-2025-2026_-768x543.jpg 768w, https:\/\/agora.xtec.cat\/escolaprovencana\/wp-content\/uploads\/usu2442\/2025\/04\/01-Triptic-extraescolars-Escola-Provencana-2025-2026_-1536x1086.jpg 1536w\" sizes=\"auto, (max-width: 1755px) 100vw, 1755px\" \/><\/figure><\/div><div class=\"wp-block-getwid-images-slider__item\"><figure><img loading=\"lazy\" decoding=\"async\" width=\"1755\" height=\"1241\" src=\"https:\/\/agora.xtec.cat\/escolaprovencana\/wp-content\/uploads\/usu2442\/2025\/04\/02-Triptic-extraescolars-Escola-Provencana-2025-2026.jpg\" data-id=\"4707\" data-link=\"https:\/\/agora.xtec.cat\/escolaprovencana\/afa\/recollim-propostes-per-les-extraescolars-25-26\/attachment\/02-triptic-extraescolars-escola-provencana-2025-2026\/\" data-original-link=\"https:\/\/agora.xtec.cat\/escolaprovencana\/wp-content\/uploads\/usu2442\/2025\/04\/02-Triptic-extraescolars-Escola-Provencana-2025-2026.jpg\" class=\"wp-block-getwid-images-slider__image wp-image-4707\" srcset=\"https:\/\/agora.xtec.cat\/escolaprovencana\/wp-content\/uploads\/usu2442\/2025\/04\/02-Triptic-extraescolars-Escola-Provencana-2025-2026.jpg 1755w, https:\/\/agora.xtec.cat\/escolaprovencana\/wp-content\/uploads\/usu2442\/2025\/04\/02-Triptic-extraescolars-Escola-Provencana-2025-2026-300x212.jpg 300w, https:\/\/agora.xtec.cat\/escolaprovencana\/wp-content\/uploads\/usu2442\/2025\/04\/02-Triptic-extraescolars-Escola-Provencana-2025-2026-1024x724.jpg 1024w, https:\/\/agora.xtec.cat\/escolaprovencana\/wp-content\/uploads\/usu2442\/2025\/04\/02-Triptic-extraescolars-Escola-Provencana-2025-2026-768x543.jpg 768w, https:\/\/agora.xtec.cat\/escolaprovencana\/wp-content\/uploads\/usu2442\/2025\/04\/02-Triptic-extraescolars-Escola-Provencana-2025-2026-1536x1086.jpg 1536w\" sizes=\"auto, (max-width: 1755px) 100vw, 1755px\" \/><\/figure><\/div><div class=\"wp-block-getwid-images-slider__item\"><figure><img loading=\"lazy\" decoding=\"async\" width=\"2560\" height=\"1440\" src=\"https:\/\/agora.xtec.cat\/escolaprovencana\/wp-content\/uploads\/usu2442\/2025\/04\/03-Preus-Ludoteca-Provencana-scaled.jpg\" data-id=\"4708\" data-link=\"https:\/\/agora.xtec.cat\/escolaprovencana\/afa\/recollim-propostes-per-les-extraescolars-25-26\/attachment\/03-preus-ludoteca-provencana\/\" data-original-link=\"https:\/\/agora.xtec.cat\/escolaprovencana\/wp-content\/uploads\/usu2442\/2025\/04\/03-Preus-Ludoteca-Provencana-scaled.jpg\" class=\"wp-block-getwid-images-slider__image wp-image-4708\" srcset=\"https:\/\/agora.xtec.cat\/escolaprovencana\/wp-content\/uploads\/usu2442\/2025\/04\/03-Preus-Ludoteca-Provencana-scaled.jpg 2560w, https:\/\/agora.xtec.cat\/escolaprovencana\/wp-content\/uploads\/usu2442\/2025\/04\/03-Preus-Ludoteca-Provencana-300x169.jpg 300w, https:\/\/agora.xtec.cat\/escolaprovencana\/wp-content\/uploads\/usu2442\/2025\/04\/03-Preus-Ludoteca-Provencana-1024x576.jpg 1024w, https:\/\/agora.xtec.cat\/escolaprovencana\/wp-content\/uploads\/usu2442\/2025\/04\/03-Preus-Ludoteca-Provencana-768x432.jpg 768w, https:\/\/agora.xtec.cat\/escolaprovencana\/wp-content\/uploads\/usu2442\/2025\/04\/03-Preus-Ludoteca-Provencana-1536x864.jpg 1536w, https:\/\/agora.xtec.cat\/escolaprovencana\/wp-content\/uploads\/usu2442\/2025\/04\/03-Preus-Ludoteca-Provencana-2048x1152.jpg 2048w\" sizes=\"auto, (max-width: 2560px) 100vw, 2560px\" \/><\/figure><\/div><\/div><\/div>\n","protected":false},"excerpt":{"rendered":"<p>Benvolgudes fam\u00edlies,<\/p>\n<p>Estem comen\u00e7ant a planificar les activitats extraescolars per al proper curs escolar i ens agradaria saber quins infants estarien interessats\/des a participar-hi.<\/p>\n<p>Per aquest motiu, des de Dacor s&#8217;ha fet arribar un formulari perqu\u00e8 pugueu indicar les extraescolars que us agradaria que ofer\u00edssim i aix\u00ed&hellip;  <a href=\"https:\/\/agora.xtec.cat\/escolaprovencana\/afa\/recollim-propostes-per-les-extraescolars-25-26\/\" title=\"Read Recollim propostes per les extraescolars 2025\/26\">Llegeix m\u00e9s\u00bb<\/a><\/p>\n","protected":false},"author":50,"featured_media":4703,"comment_status":"closed","ping_status":"closed","sticky":false,"template":"","format":"standard","meta":{"_bbp_topic_count":0,"_bbp_reply_count":0,"_bbp_total_topic_count":0,"_bbp_total_reply_count":0,"_bbp_voice_count":0,"_bbp_anonymous_reply_count":0,"_bbp_topic_count_hidden":0,"_bbp_reply_count_hidden":0,"_bbp_forum_subforum_count":0,"footnotes":""},"categories":[7],"tags":[130],"class_list":["post-4700","post","type-post","status-publish","format-standard","has-post-thumbnail","hentry","category-afa","tag-afa"],"post_mailing_queue_ids":[],"_links":{"self":[{"href":"https:\/\/agora.xtec.cat\/escolaprovencana\/wp-json\/wp\/v2\/posts\/4700","targetHints":{"allow":["GET"]}}],"collection":[{"href":"https:\/\/agora.xtec.cat\/escolaprovencana\/wp-json\/wp\/v2\/posts"}],"about":[{"href":"https:\/\/agora.xtec.cat\/escolaprovencana\/wp-json\/wp\/v2\/types\/post"}],"author":[{"embeddable":true,"href":"https:\/\/agora.xtec.cat\/escolaprovencana\/wp-json\/wp\/v2\/users\/50"}],"replies":[{"embeddable":true,"href":"https:\/\/agora.xtec.cat\/escolaprovencana\/wp-json\/wp\/v2\/comments?post=4700"}],"version-history":[{"count":4,"href":"https:\/\/agora.xtec.cat\/escolaprovencana\/wp-json\/wp\/v2\/posts\/4700\/revisions"}],"predecessor-version":[{"id":4711,"href":"https:\/\/agora.xtec.cat\/escolaprovencana\/wp-json\/wp\/v2\/posts\/4700\/revisions\/4711"}],"wp:featuredmedia":[{"embeddable":true,"href":"https:\/\/agora.xtec.cat\/escolaprovencana\/wp-json\/wp\/v2\/media\/4703"}],"wp:attachment":[{"href":"https:\/\/agora.xtec.cat\/escolaprovencana\/wp-json\/wp\/v2\/media?parent=4700"}],"wp:term":[{"taxonomy":"category","embeddable":true,"href":"https:\/\/agora.xtec.cat\/escolaprovencana\/wp-json\/wp\/v2\/categories?post=4700"},{"taxonomy":"post_tag","embeddable":true,"href":"https:\/\/agora.xtec.cat\/escolaprovencana\/wp-json\/wp\/v2\/tags?post=4700"}],"curies":[{"name":"wp","href":"https:\/\/api.w.org\/{rel}","templated":true}]}}