{"id":4693,"date":"2025-04-02T13:29:57","date_gmt":"2025-04-02T11:29:57","guid":{"rendered":"https:\/\/agora.xtec.cat\/escolaprovencana\/?p=4693"},"modified":"2025-04-02T13:29:58","modified_gmt":"2025-04-02T11:29:58","slug":"sortida-a-les-mines-de-gava","status":"publish","type":"post","link":"https:\/\/agora.xtec.cat\/escolaprovencana\/general\/sortida-a-les-mines-de-gava\/","title":{"rendered":"Sortida a les Mines de Gav\u00e0"},"content":{"rendered":"\n<p>El passat 20 de mar\u00e7 l&#8217;alumnat de Cicle Mitj\u00e0 va visitar les Mines de Gav\u00e0. All\u00e0 vam con\u00e8ixer com vivien els nostres avantpassats del neol\u00edtic ara fa 6000 anys. Quins costums tenien, com vestien, com es guanyaven la vida, quines creences tenien&#8230; Vam poder veure i tocar algunes eines de s\u00edlex que feien servir per treballar la pedra o les pells dels animals. Tamb\u00e9 ens vam submergir dins la foscor de les mines. D&#8217;all\u00ed n&#8217;extreien la Varicita. Que qu\u00e8 \u00e9s la varicita? Doncs una pedra d&#8217;un color turquesa molt preuada en aquells temps, i amb la que es feien joies. I el m\u00e9s important, n&#8217;extreien tanta que els permetia intercanviar-la amb d&#8217;altres poblats per productes que necessitaven. <\/p>\n\n\n\n<p>En sortir de les mines ens vam posar en la pell dels neol\u00edtics i vam crear el nostre propi penjoll fent servir les eines dels nostres avantpassats (la ballarina i la polidora).<\/p>\n\n\n\n<p>Tot i que ens va ploure, vam gaudir molt de la sortida i de la conviv\u00e8ncia entre nosaltres.<\/p>\n\n\n\n<figure class=\"wp-block-video\"><video controls src=\"https:\/\/agora.xtec.cat\/escolaprovencana\/wp-content\/uploads\/usu2442\/2025\/04\/WhatsApp-Video-2025-04-01-at-17-1.mp4\"><\/video><\/figure>\n","protected":false},"excerpt":{"rendered":"<p>El passat 20 de mar\u00e7 l&#8217;alumnat de Cicle Mitj\u00e0 va visitar les Mines de Gav\u00e0. All\u00e0 vam con\u00e8ixer com vivien els nostres avantpassats del neol\u00edtic ara fa 6000 anys. Quins costums tenien, com vestien, com es guanyaven la vida, quines creences tenien&#8230; Vam poder veure&hellip;  <a href=\"https:\/\/agora.xtec.cat\/escolaprovencana\/general\/sortida-a-les-mines-de-gava\/\" title=\"Read Sortida a les Mines de Gav\u00e0\">Llegeix m\u00e9s\u00bb<\/a><\/p>\n","protected":false},"author":15,"featured_media":0,"comment_status":"closed","ping_status":"closed","sticky":false,"template":"","format":"standard","meta":{"_bbp_topic_count":0,"_bbp_reply_count":0,"_bbp_total_topic_count":0,"_bbp_total_reply_count":0,"_bbp_voice_count":0,"_bbp_anonymous_reply_count":0,"_bbp_topic_count_hidden":0,"_bbp_reply_count_hidden":0,"_bbp_forum_subforum_count":0,"footnotes":""},"categories":[12,13,1],"tags":[],"class_list":["post-4693","post","type-post","status-publish","format-standard","hentry","category-3r","category-4t","category-general"],"post_mailing_queue_ids":[],"_links":{"self":[{"href":"https:\/\/agora.xtec.cat\/escolaprovencana\/wp-json\/wp\/v2\/posts\/4693","targetHints":{"allow":["GET"]}}],"collection":[{"href":"https:\/\/agora.xtec.cat\/escolaprovencana\/wp-json\/wp\/v2\/posts"}],"about":[{"href":"https:\/\/agora.xtec.cat\/escolaprovencana\/wp-json\/wp\/v2\/types\/post"}],"author":[{"embeddable":true,"href":"https:\/\/agora.xtec.cat\/escolaprovencana\/wp-json\/wp\/v2\/users\/15"}],"replies":[{"embeddable":true,"href":"https:\/\/agora.xtec.cat\/escolaprovencana\/wp-json\/wp\/v2\/comments?post=4693"}],"version-history":[{"count":2,"href":"https:\/\/agora.xtec.cat\/escolaprovencana\/wp-json\/wp\/v2\/posts\/4693\/revisions"}],"predecessor-version":[{"id":4697,"href":"https:\/\/agora.xtec.cat\/escolaprovencana\/wp-json\/wp\/v2\/posts\/4693\/revisions\/4697"}],"wp:attachment":[{"href":"https:\/\/agora.xtec.cat\/escolaprovencana\/wp-json\/wp\/v2\/media?parent=4693"}],"wp:term":[{"taxonomy":"category","embeddable":true,"href":"https:\/\/agora.xtec.cat\/escolaprovencana\/wp-json\/wp\/v2\/categories?post=4693"},{"taxonomy":"post_tag","embeddable":true,"href":"https:\/\/agora.xtec.cat\/escolaprovencana\/wp-json\/wp\/v2\/tags?post=4693"}],"curies":[{"name":"wp","href":"https:\/\/api.w.org\/{rel}","templated":true}]}}