{"id":4669,"date":"2025-03-31T23:01:22","date_gmt":"2025-03-31T21:01:22","guid":{"rendered":"https:\/\/agora.xtec.cat\/escolaprovencana\/?p=4669"},"modified":"2025-04-03T09:56:42","modified_gmt":"2025-04-03T07:56:42","slug":"descobrint-els-oficis-a-3r","status":"publish","type":"post","link":"https:\/\/agora.xtec.cat\/escolaprovencana\/general\/descobrint-els-oficis-a-3r\/","title":{"rendered":"Descobrint els oficis a 3r!"},"content":{"rendered":"\n<p>A finals del primer trimestre, els alumnes de 3r van comen\u00e7ar a fer les presentacions del projecte d&#8217;aquest curs: <em>Els oficis.<\/em> Aquesta activitat ha estat una experi\u00e8ncia enriquidora, on cadascun dels nens i nenes ha pogut aprofundir en una professi\u00f3, ja sigui antiga o actual, i compartir els seus descobriments amb la resta de la classe.<\/p>\n\n\n\n<p>Cada alumne va escollir un ofici i va explicar en qu\u00e8 consistia, quins estudis es necessiten per arribar-hi, quines habilitats s\u00f3n imprescindibles i altres aspectes clau d&#8217;aquella professi\u00f3. Les presentacions van ser molt interessants i ens van permetre con\u00e8ixer millor oficis que potser no hav\u00edem sentit mai abans, aix\u00ed com entendre la import\u00e0ncia de cadascun dins la societat.<\/p>\n\n\n\n<p>Despr\u00e9s d&#8217;un gran esfor\u00e7 i treball, durant aquest segon trimestre han finalitzat totes les presentacions. A m\u00e9s d\u2019aprendre sobre el seu propi ofici, els i les alumnes han pogut escoltar i descobrir moltes altres professions gr\u00e0cies a les exposicions dels seus companys\/es. Ha estat una activitat molt positiva, que no nom\u00e9s ha fomentat la recerca i l&#8217;expressi\u00f3 oral, sin\u00f3 que tamb\u00e9 ha ajudat als alumnes a guanyar confian\u00e7a per poder parlar en p\u00fablic i a valorar la diversitat de professions que fan funcionar el nostre dia a dia.<\/p>\n\n\n\n<p>Felicitats a tots i totes per la gran feina feta!<\/p>\n\n\n\n<figure class=\"wp-block-image size-large\"><a href=\"https:\/\/agora.xtec.cat\/escolaprovencana\/wp-content\/uploads\/usu2442\/2025\/03\/Captura-de-pantalla-2025-03-31-a-las-22.53.21.png\"><img loading=\"lazy\" decoding=\"async\" width=\"1024\" height=\"725\" src=\"https:\/\/agora.xtec.cat\/escolaprovencana\/wp-content\/uploads\/usu2442\/2025\/03\/Captura-de-pantalla-2025-03-31-a-las-22.53.21-1024x725.png\" alt=\"\" class=\"wp-image-4684\" srcset=\"https:\/\/agora.xtec.cat\/escolaprovencana\/wp-content\/uploads\/usu2442\/2025\/03\/Captura-de-pantalla-2025-03-31-a-las-22.53.21-1024x725.png 1024w, https:\/\/agora.xtec.cat\/escolaprovencana\/wp-content\/uploads\/usu2442\/2025\/03\/Captura-de-pantalla-2025-03-31-a-las-22.53.21-300x212.png 300w, https:\/\/agora.xtec.cat\/escolaprovencana\/wp-content\/uploads\/usu2442\/2025\/03\/Captura-de-pantalla-2025-03-31-a-las-22.53.21-768x544.png 768w, https:\/\/agora.xtec.cat\/escolaprovencana\/wp-content\/uploads\/usu2442\/2025\/03\/Captura-de-pantalla-2025-03-31-a-las-22.53.21-1536x1088.png 1536w, https:\/\/agora.xtec.cat\/escolaprovencana\/wp-content\/uploads\/usu2442\/2025\/03\/Captura-de-pantalla-2025-03-31-a-las-22.53.21.png 1576w\" sizes=\"auto, (max-width: 1024px) 100vw, 1024px\" \/><\/a><\/figure>\n\n\n\n<figure class=\"wp-block-image size-large\"><a href=\"https:\/\/agora.xtec.cat\/escolaprovencana\/wp-content\/uploads\/usu2442\/2025\/03\/Captura-de-pantalla-2025-03-31-a-las-22.53.32-1.png\"><img loading=\"lazy\" decoding=\"async\" width=\"1024\" height=\"725\" src=\"https:\/\/agora.xtec.cat\/escolaprovencana\/wp-content\/uploads\/usu2442\/2025\/03\/Captura-de-pantalla-2025-03-31-a-las-22.53.32-1-1024x725.png\" alt=\"\" class=\"wp-image-4686\" style=\"object-fit:cover\" srcset=\"https:\/\/agora.xtec.cat\/escolaprovencana\/wp-content\/uploads\/usu2442\/2025\/03\/Captura-de-pantalla-2025-03-31-a-las-22.53.32-1-1024x725.png 1024w, https:\/\/agora.xtec.cat\/escolaprovencana\/wp-content\/uploads\/usu2442\/2025\/03\/Captura-de-pantalla-2025-03-31-a-las-22.53.32-1-300x212.png 300w, https:\/\/agora.xtec.cat\/escolaprovencana\/wp-content\/uploads\/usu2442\/2025\/03\/Captura-de-pantalla-2025-03-31-a-las-22.53.32-1-768x544.png 768w, https:\/\/agora.xtec.cat\/escolaprovencana\/wp-content\/uploads\/usu2442\/2025\/03\/Captura-de-pantalla-2025-03-31-a-las-22.53.32-1-1536x1087.png 1536w, https:\/\/agora.xtec.cat\/escolaprovencana\/wp-content\/uploads\/usu2442\/2025\/03\/Captura-de-pantalla-2025-03-31-a-las-22.53.32-1.png 1582w\" sizes=\"auto, (max-width: 1024px) 100vw, 1024px\" \/><\/a><\/figure>\n\n\n\n<figure class=\"wp-block-image size-large\"><a href=\"https:\/\/agora.xtec.cat\/escolaprovencana\/wp-content\/uploads\/usu2442\/2025\/03\/Captura-de-pantalla-2025-03-31-a-las-22.36.27.png\"><img loading=\"lazy\" decoding=\"async\" width=\"1024\" height=\"724\" src=\"https:\/\/agora.xtec.cat\/escolaprovencana\/wp-content\/uploads\/usu2442\/2025\/03\/Captura-de-pantalla-2025-03-31-a-las-22.36.27-1024x724.png\" alt=\"\" class=\"wp-image-4674\" srcset=\"https:\/\/agora.xtec.cat\/escolaprovencana\/wp-content\/uploads\/usu2442\/2025\/03\/Captura-de-pantalla-2025-03-31-a-las-22.36.27-1024x724.png 1024w, https:\/\/agora.xtec.cat\/escolaprovencana\/wp-content\/uploads\/usu2442\/2025\/03\/Captura-de-pantalla-2025-03-31-a-las-22.36.27-300x212.png 300w, https:\/\/agora.xtec.cat\/escolaprovencana\/wp-content\/uploads\/usu2442\/2025\/03\/Captura-de-pantalla-2025-03-31-a-las-22.36.27-768x543.png 768w, https:\/\/agora.xtec.cat\/escolaprovencana\/wp-content\/uploads\/usu2442\/2025\/03\/Captura-de-pantalla-2025-03-31-a-las-22.36.27-1536x1085.png 1536w, https:\/\/agora.xtec.cat\/escolaprovencana\/wp-content\/uploads\/usu2442\/2025\/03\/Captura-de-pantalla-2025-03-31-a-las-22.36.27.png 1582w\" sizes=\"auto, (max-width: 1024px) 100vw, 1024px\" \/><\/a><\/figure>\n\n\n\n<figure class=\"wp-block-image size-large\"><a href=\"https:\/\/agora.xtec.cat\/escolaprovencana\/wp-content\/uploads\/usu2442\/2025\/03\/Captura-de-pantalla-2025-03-31-a-las-22.36.38.png\"><img loading=\"lazy\" decoding=\"async\" width=\"1024\" height=\"727\" src=\"https:\/\/agora.xtec.cat\/escolaprovencana\/wp-content\/uploads\/usu2442\/2025\/03\/Captura-de-pantalla-2025-03-31-a-las-22.36.38-1024x727.png\" alt=\"\" class=\"wp-image-4675\" srcset=\"https:\/\/agora.xtec.cat\/escolaprovencana\/wp-content\/uploads\/usu2442\/2025\/03\/Captura-de-pantalla-2025-03-31-a-las-22.36.38-1024x727.png 1024w, https:\/\/agora.xtec.cat\/escolaprovencana\/wp-content\/uploads\/usu2442\/2025\/03\/Captura-de-pantalla-2025-03-31-a-las-22.36.38-300x213.png 300w, https:\/\/agora.xtec.cat\/escolaprovencana\/wp-content\/uploads\/usu2442\/2025\/03\/Captura-de-pantalla-2025-03-31-a-las-22.36.38-768x546.png 768w, https:\/\/agora.xtec.cat\/escolaprovencana\/wp-content\/uploads\/usu2442\/2025\/03\/Captura-de-pantalla-2025-03-31-a-las-22.36.38-1536x1091.png 1536w, https:\/\/agora.xtec.cat\/escolaprovencana\/wp-content\/uploads\/usu2442\/2025\/03\/Captura-de-pantalla-2025-03-31-a-las-22.36.38.png 1588w\" sizes=\"auto, (max-width: 1024px) 100vw, 1024px\" \/><\/a><\/figure>\n\n\n\n<figure class=\"wp-block-image size-full is-resized\"><a href=\"https:\/\/agora.xtec.cat\/escolaprovencana\/wp-content\/uploads\/usu2442\/2025\/04\/Captura-1.png\"><img loading=\"lazy\" decoding=\"async\" width=\"631\" height=\"450\" src=\"https:\/\/agora.xtec.cat\/escolaprovencana\/wp-content\/uploads\/usu2442\/2025\/04\/Captura-1.png\" alt=\"\" class=\"wp-image-4698\" style=\"width:844px;height:auto\" srcset=\"https:\/\/agora.xtec.cat\/escolaprovencana\/wp-content\/uploads\/usu2442\/2025\/04\/Captura-1.png 631w, https:\/\/agora.xtec.cat\/escolaprovencana\/wp-content\/uploads\/usu2442\/2025\/04\/Captura-1-300x214.png 300w\" sizes=\"auto, (max-width: 631px) 100vw, 631px\" \/><\/a><\/figure>\n\n\n\n<figure class=\"wp-block-image size-large\"><a href=\"https:\/\/agora.xtec.cat\/escolaprovencana\/wp-content\/uploads\/usu2442\/2025\/03\/Captura-de-pantalla-2025-03-31-a-las-22.37.10.png\"><img loading=\"lazy\" decoding=\"async\" width=\"1024\" height=\"727\" src=\"https:\/\/agora.xtec.cat\/escolaprovencana\/wp-content\/uploads\/usu2442\/2025\/03\/Captura-de-pantalla-2025-03-31-a-las-22.37.10-1024x727.png\" alt=\"\" class=\"wp-image-4676\" srcset=\"https:\/\/agora.xtec.cat\/escolaprovencana\/wp-content\/uploads\/usu2442\/2025\/03\/Captura-de-pantalla-2025-03-31-a-las-22.37.10-1024x727.png 1024w, https:\/\/agora.xtec.cat\/escolaprovencana\/wp-content\/uploads\/usu2442\/2025\/03\/Captura-de-pantalla-2025-03-31-a-las-22.37.10-300x213.png 300w, https:\/\/agora.xtec.cat\/escolaprovencana\/wp-content\/uploads\/usu2442\/2025\/03\/Captura-de-pantalla-2025-03-31-a-las-22.37.10-768x545.png 768w, https:\/\/agora.xtec.cat\/escolaprovencana\/wp-content\/uploads\/usu2442\/2025\/03\/Captura-de-pantalla-2025-03-31-a-las-22.37.10-1536x1090.png 1536w, https:\/\/agora.xtec.cat\/escolaprovencana\/wp-content\/uploads\/usu2442\/2025\/03\/Captura-de-pantalla-2025-03-31-a-las-22.37.10.png 1584w\" sizes=\"auto, (max-width: 1024px) 100vw, 1024px\" \/><\/a><\/figure>\n\n\n\n<p><\/p>\n\n\n\n\n\n\n\n\n","protected":false},"excerpt":{"rendered":"<p>A finals del primer trimestre, els alumnes de 3r van comen\u00e7ar a fer les presentacions del projecte d&#8217;aquest curs: Els oficis. Aquesta activitat ha estat una experi\u00e8ncia enriquidora, on cadascun dels nens i nenes ha pogut aprofundir en una professi\u00f3, ja sigui antiga o actual,&hellip;  <a href=\"https:\/\/agora.xtec.cat\/escolaprovencana\/general\/descobrint-els-oficis-a-3r\/\" title=\"Read Descobrint els oficis a 3r!\">Llegeix m\u00e9s\u00bb<\/a><\/p>\n","protected":false},"author":44,"featured_media":0,"comment_status":"closed","ping_status":"closed","sticky":false,"template":"","format":"standard","meta":{"_bbp_topic_count":0,"_bbp_reply_count":0,"_bbp_total_topic_count":0,"_bbp_total_reply_count":0,"_bbp_voice_count":0,"_bbp_anonymous_reply_count":0,"_bbp_topic_count_hidden":0,"_bbp_reply_count_hidden":0,"_bbp_forum_subforum_count":0,"footnotes":""},"categories":[12,1],"tags":[],"class_list":["post-4669","post","type-post","status-publish","format-standard","hentry","category-3r","category-general"],"post_mailing_queue_ids":[],"_links":{"self":[{"href":"https:\/\/agora.xtec.cat\/escolaprovencana\/wp-json\/wp\/v2\/posts\/4669","targetHints":{"allow":["GET"]}}],"collection":[{"href":"https:\/\/agora.xtec.cat\/escolaprovencana\/wp-json\/wp\/v2\/posts"}],"about":[{"href":"https:\/\/agora.xtec.cat\/escolaprovencana\/wp-json\/wp\/v2\/types\/post"}],"author":[{"embeddable":true,"href":"https:\/\/agora.xtec.cat\/escolaprovencana\/wp-json\/wp\/v2\/users\/44"}],"replies":[{"embeddable":true,"href":"https:\/\/agora.xtec.cat\/escolaprovencana\/wp-json\/wp\/v2\/comments?post=4669"}],"version-history":[{"count":5,"href":"https:\/\/agora.xtec.cat\/escolaprovencana\/wp-json\/wp\/v2\/posts\/4669\/revisions"}],"predecessor-version":[{"id":4699,"href":"https:\/\/agora.xtec.cat\/escolaprovencana\/wp-json\/wp\/v2\/posts\/4669\/revisions\/4699"}],"wp:attachment":[{"href":"https:\/\/agora.xtec.cat\/escolaprovencana\/wp-json\/wp\/v2\/media?parent=4669"}],"wp:term":[{"taxonomy":"category","embeddable":true,"href":"https:\/\/agora.xtec.cat\/escolaprovencana\/wp-json\/wp\/v2\/categories?post=4669"},{"taxonomy":"post_tag","embeddable":true,"href":"https:\/\/agora.xtec.cat\/escolaprovencana\/wp-json\/wp\/v2\/tags?post=4669"}],"curies":[{"name":"wp","href":"https:\/\/api.w.org\/{rel}","templated":true}]}}