{"id":4663,"date":"2025-03-31T17:56:44","date_gmt":"2025-03-31T15:56:44","guid":{"rendered":"https:\/\/agora.xtec.cat\/escolaprovencana\/?p=4663"},"modified":"2025-05-06T12:22:01","modified_gmt":"2025-05-06T10:22:01","slug":"assemblea-general-de-lafa","status":"publish","type":"post","link":"https:\/\/agora.xtec.cat\/escolaprovencana\/afa\/assemblea-general-de-lafa\/","title":{"rendered":"Assemblea General de l&#8217;AFA"},"content":{"rendered":"\n<p>El proper 7 de maig a les 16:45h es convoca l&#8217;assemblea general de l&#8217;AFA. Per qu\u00e8 ho fem?<\/p>\n\n\n\n<ul class=\"wp-block-list\">\n<li>\u00c9s una obligaci\u00f3. Estatut\u00e0riament s&#8217;ha de celebrar anualment aquesta reuni\u00f3 convocant a tots els socis i s\u00f2cies.<\/li>\n\n\n\n<li>\u00c9s un espai on es prenen decissions importants<\/li>\n\n\n\n<li>Per la transpar\u00e8ncia i rendiment de comptes<\/li>\n\n\n\n<li>Per fomentar la col\u00b7laboraci\u00f3 i la unitat entre els membres.<\/li>\n<\/ul>\n\n\n\n<p>Tots aquests motius s\u00f3n prou important per assistir-hi. No t&#8217;ho perdis! Us recordem que hi haur\u00e0 servei d&#8217;acollida gratu\u00eft.<\/p>\n\n\n\n<p>I si encara no ets soci\/s\u00f2cia de l&#8217;AFA&#8230; envian&#8217;s un correu a: afaprovencana@gmail.com per preguntar com inscriure&#8217;t i poder participar d&#8217;aquest projecte.<\/p>\n","protected":false},"excerpt":{"rendered":"<p>El proper 7 de maig a les 16:45h es convoca l&#8217;assemblea general de l&#8217;AFA. Per qu\u00e8 ho fem?<\/p>\n<ul class=\"wp-block-list\">\n<li>\u00c9s una obligaci\u00f3. Estatut\u00e0riament s&#8217;ha de celebrar anualment aquesta reuni\u00f3 convocant a tots els socis i s\u00f2cies.<\/li>\n<li>\u00c9s un espai on es prenen decissions importants<\/li>\n<li>Per la transpar\u00e8ncia i&hellip;  <a href=\"https:\/\/agora.xtec.cat\/escolaprovencana\/afa\/assemblea-general-de-lafa\/\" title=\"Read Assemblea General de l&#8217;AFA\">Llegeix m\u00e9s\u00bb<\/a><br \/>\n","protected":false},"author":50,"featured_media":4665,"comment_status":"closed","ping_status":"closed","sticky":false,"template":"","format":"standard","meta":{"_bbp_topic_count":0,"_bbp_reply_count":0,"_bbp_total_topic_count":0,"_bbp_total_reply_count":0,"_bbp_voice_count":0,"_bbp_anonymous_reply_count":0,"_bbp_topic_count_hidden":0,"_bbp_reply_count_hidden":0,"_bbp_forum_subforum_count":0,"footnotes":""},"categories":[7],"tags":[],"class_list":["post-4663","post","type-post","status-publish","format-standard","has-post-thumbnail","hentry","category-afa"],"post_mailing_queue_ids":[],"_links":{"self":[{"href":"https:\/\/agora.xtec.cat\/escolaprovencana\/wp-json\/wp\/v2\/posts\/4663","targetHints":{"allow":["GET"]}}],"collection":[{"href":"https:\/\/agora.xtec.cat\/escolaprovencana\/wp-json\/wp\/v2\/posts"}],"about":[{"href":"https:\/\/agora.xtec.cat\/escolaprovencana\/wp-json\/wp\/v2\/types\/post"}],"author":[{"embeddable":true,"href":"https:\/\/agora.xtec.cat\/escolaprovencana\/wp-json\/wp\/v2\/users\/50"}],"replies":[{"embeddable":true,"href":"https:\/\/agora.xtec.cat\/escolaprovencana\/wp-json\/wp\/v2\/comments?post=4663"}],"version-history":[{"count":4,"href":"https:\/\/agora.xtec.cat\/escolaprovencana\/wp-json\/wp\/v2\/posts\/4663\/revisions"}],"predecessor-version":[{"id":4792,"href":"https:\/\/agora.xtec.cat\/escolaprovencana\/wp-json\/wp\/v2\/posts\/4663\/revisions\/4792"}],"wp:featuredmedia":[{"embeddable":true,"href":"https:\/\/agora.xtec.cat\/escolaprovencana\/wp-json\/wp\/v2\/media\/4665"}],"wp:attachment":[{"href":"https:\/\/agora.xtec.cat\/escolaprovencana\/wp-json\/wp\/v2\/media?parent=4663"}],"wp:term":[{"taxonomy":"category","embeddable":true,"href":"https:\/\/agora.xtec.cat\/escolaprovencana\/wp-json\/wp\/v2\/categories?post=4663"},{"taxonomy":"post_tag","embeddable":true,"href":"https:\/\/agora.xtec.cat\/escolaprovencana\/wp-json\/wp\/v2\/tags?post=4663"}],"curies":[{"name":"wp","href":"https:\/\/api.w.org\/{rel}","templated":true}]}}