{"id":4643,"date":"2025-03-31T16:13:22","date_gmt":"2025-03-31T14:13:22","guid":{"rendered":"https:\/\/agora.xtec.cat\/escolaprovencana\/?p=4643"},"modified":"2025-03-31T17:29:05","modified_gmt":"2025-03-31T15:29:05","slug":"casal-destiu-2025-amb-peti-ki-peti","status":"publish","type":"post","link":"https:\/\/agora.xtec.cat\/escolaprovencana\/afa\/casal-destiu-2025-amb-peti-ki-peti\/","title":{"rendered":"Casal d&#8217;estiu 2025 amb Peti ki Peti"},"content":{"rendered":"\n<p>El proper 24 d&#8217;abril s&#8217;organitzar\u00e0 una reuni\u00f3 informativa de cara al casal d&#8217;estiu d&#8217;aquest any. L&#8217;organitzador i responsable d&#8217;aquest casal, \u00e9s l&#8217;associaci\u00f3 Peti ki Peti. Des de l&#8217;AFA hem cercat la informaci\u00f3 i ens coordinem amb l&#8217;entitat per a que pugui arribar als pares i mares de la nostra escola que tinguin necessitat d&#8217;aquest tipus d&#8217;activitat.<\/p>\n\n\n\n<p>En breu ens confirmaran l&#8217;hora de la reuni\u00f3, per\u00f2 podeu anar reservant entre les 17h i 17:30h ja que es mouran per aquesta franja. Peti ki Peti organitzaran acollida per als m\u00e9s petits.<\/p>\n\n\n\n<p>Seguidament us adjuntem el projecte del casal amb preus\/horaris i centre d&#8217;inter\u00e8s. La seg\u00fcent imatge \u00e9s la fitxa d&#8217;inscripci\u00f3. Si alg\u00fa t\u00e9 problemes, podeu enviar un mail a l&#8217;AFA i us enviarem l&#8217;arxiu en pdf: afaprovencana@gmail.com<\/p>\n\n\n\n<p><\/p>\n\n\n\n<div class=\"wp-block-getwid-images-slider has-arrows-inside has-dots-inside has-images-center has-cropped-images\"><div class=\"wp-block-getwid-images-slider__wrapper\" data-effect=\"slide\" data-slides-show=\"1\" data-slides-show-laptop=\"1\" data-slides-show-tablet=\"1\" data-slides-show-mobile=\"1\" data-slides-scroll=\"1\" data-autoplay=\"false\" data-pause-hover=\"false\" data-autoplay-speed=\"6000\" data-infinite=\"true\" data-animation-speed=\"800\" data-center-mode=\"false\" data-variable-width=\"false\" data-arrows=\"inside\" data-dots=\"inside\" data-spacing=\"none\"><div class=\"wp-block-getwid-images-slider__item\"><figure><img loading=\"lazy\" decoding=\"async\" width=\"1241\" height=\"1755\" src=\"https:\/\/agora.xtec.cat\/escolaprovencana\/wp-content\/uploads\/usu2442\/2025\/03\/PROJECTE-CASALS-ESTIU-2025-PROVENCANA-BERNATDESCLOT-MILAGROSCONSARNAU_page-0001.jpg\" data-id=\"4644\" data-link=\"https:\/\/agora.xtec.cat\/escolaprovencana\/?attachment_id=4644\" data-original-link=\"https:\/\/agora.xtec.cat\/escolaprovencana\/wp-content\/uploads\/usu2442\/2025\/03\/PROJECTE-CASALS-ESTIU-2025-PROVENCANA-BERNATDESCLOT-MILAGROSCONSARNAU_page-0001.jpg\" class=\"wp-block-getwid-images-slider__image wp-image-4644\" srcset=\"https:\/\/agora.xtec.cat\/escolaprovencana\/wp-content\/uploads\/usu2442\/2025\/03\/PROJECTE-CASALS-ESTIU-2025-PROVENCANA-BERNATDESCLOT-MILAGROSCONSARNAU_page-0001.jpg 1241w, https:\/\/agora.xtec.cat\/escolaprovencana\/wp-content\/uploads\/usu2442\/2025\/03\/PROJECTE-CASALS-ESTIU-2025-PROVENCANA-BERNATDESCLOT-MILAGROSCONSARNAU_page-0001-212x300.jpg 212w, https:\/\/agora.xtec.cat\/escolaprovencana\/wp-content\/uploads\/usu2442\/2025\/03\/PROJECTE-CASALS-ESTIU-2025-PROVENCANA-BERNATDESCLOT-MILAGROSCONSARNAU_page-0001-724x1024.jpg 724w, https:\/\/agora.xtec.cat\/escolaprovencana\/wp-content\/uploads\/usu2442\/2025\/03\/PROJECTE-CASALS-ESTIU-2025-PROVENCANA-BERNATDESCLOT-MILAGROSCONSARNAU_page-0001-768x1086.jpg 768w, https:\/\/agora.xtec.cat\/escolaprovencana\/wp-content\/uploads\/usu2442\/2025\/03\/PROJECTE-CASALS-ESTIU-2025-PROVENCANA-BERNATDESCLOT-MILAGROSCONSARNAU_page-0001-1086x1536.jpg 1086w\" sizes=\"auto, (max-width: 1241px) 100vw, 1241px\" \/><\/figure><\/div><div class=\"wp-block-getwid-images-slider__item\"><figure><img loading=\"lazy\" decoding=\"async\" width=\"1241\" height=\"1755\" src=\"https:\/\/agora.xtec.cat\/escolaprovencana\/wp-content\/uploads\/usu2442\/2025\/03\/PROJECTE-CASALS-ESTIU-2025-PROVENCANA-BERNATDESCLOT-MILAGROSCONSARNAU_page-0002.jpg\" data-id=\"4645\" data-link=\"https:\/\/agora.xtec.cat\/escolaprovencana\/?attachment_id=4645\" data-original-link=\"https:\/\/agora.xtec.cat\/escolaprovencana\/wp-content\/uploads\/usu2442\/2025\/03\/PROJECTE-CASALS-ESTIU-2025-PROVENCANA-BERNATDESCLOT-MILAGROSCONSARNAU_page-0002.jpg\" class=\"wp-block-getwid-images-slider__image wp-image-4645\" srcset=\"https:\/\/agora.xtec.cat\/escolaprovencana\/wp-content\/uploads\/usu2442\/2025\/03\/PROJECTE-CASALS-ESTIU-2025-PROVENCANA-BERNATDESCLOT-MILAGROSCONSARNAU_page-0002.jpg 1241w, https:\/\/agora.xtec.cat\/escolaprovencana\/wp-content\/uploads\/usu2442\/2025\/03\/PROJECTE-CASALS-ESTIU-2025-PROVENCANA-BERNATDESCLOT-MILAGROSCONSARNAU_page-0002-212x300.jpg 212w, https:\/\/agora.xtec.cat\/escolaprovencana\/wp-content\/uploads\/usu2442\/2025\/03\/PROJECTE-CASALS-ESTIU-2025-PROVENCANA-BERNATDESCLOT-MILAGROSCONSARNAU_page-0002-724x1024.jpg 724w, https:\/\/agora.xtec.cat\/escolaprovencana\/wp-content\/uploads\/usu2442\/2025\/03\/PROJECTE-CASALS-ESTIU-2025-PROVENCANA-BERNATDESCLOT-MILAGROSCONSARNAU_page-0002-768x1086.jpg 768w, https:\/\/agora.xtec.cat\/escolaprovencana\/wp-content\/uploads\/usu2442\/2025\/03\/PROJECTE-CASALS-ESTIU-2025-PROVENCANA-BERNATDESCLOT-MILAGROSCONSARNAU_page-0002-1086x1536.jpg 1086w\" sizes=\"auto, (max-width: 1241px) 100vw, 1241px\" \/><\/figure><\/div><div class=\"wp-block-getwid-images-slider__item\"><figure><img loading=\"lazy\" decoding=\"async\" width=\"1241\" height=\"1755\" src=\"https:\/\/agora.xtec.cat\/escolaprovencana\/wp-content\/uploads\/usu2442\/2025\/03\/PROJECTE-CASALS-ESTIU-2025-PROVENCANA-BERNATDESCLOT-MILAGROSCONSARNAU_page-0003.jpg\" data-id=\"4646\" data-link=\"https:\/\/agora.xtec.cat\/escolaprovencana\/?attachment_id=4646\" data-original-link=\"https:\/\/agora.xtec.cat\/escolaprovencana\/wp-content\/uploads\/usu2442\/2025\/03\/PROJECTE-CASALS-ESTIU-2025-PROVENCANA-BERNATDESCLOT-MILAGROSCONSARNAU_page-0003.jpg\" class=\"wp-block-getwid-images-slider__image wp-image-4646\" srcset=\"https:\/\/agora.xtec.cat\/escolaprovencana\/wp-content\/uploads\/usu2442\/2025\/03\/PROJECTE-CASALS-ESTIU-2025-PROVENCANA-BERNATDESCLOT-MILAGROSCONSARNAU_page-0003.jpg 1241w, https:\/\/agora.xtec.cat\/escolaprovencana\/wp-content\/uploads\/usu2442\/2025\/03\/PROJECTE-CASALS-ESTIU-2025-PROVENCANA-BERNATDESCLOT-MILAGROSCONSARNAU_page-0003-212x300.jpg 212w, https:\/\/agora.xtec.cat\/escolaprovencana\/wp-content\/uploads\/usu2442\/2025\/03\/PROJECTE-CASALS-ESTIU-2025-PROVENCANA-BERNATDESCLOT-MILAGROSCONSARNAU_page-0003-724x1024.jpg 724w, https:\/\/agora.xtec.cat\/escolaprovencana\/wp-content\/uploads\/usu2442\/2025\/03\/PROJECTE-CASALS-ESTIU-2025-PROVENCANA-BERNATDESCLOT-MILAGROSCONSARNAU_page-0003-768x1086.jpg 768w, https:\/\/agora.xtec.cat\/escolaprovencana\/wp-content\/uploads\/usu2442\/2025\/03\/PROJECTE-CASALS-ESTIU-2025-PROVENCANA-BERNATDESCLOT-MILAGROSCONSARNAU_page-0003-1086x1536.jpg 1086w\" sizes=\"auto, (max-width: 1241px) 100vw, 1241px\" \/><\/figure><\/div><div class=\"wp-block-getwid-images-slider__item\"><figure><img loading=\"lazy\" decoding=\"async\" width=\"1241\" height=\"1755\" src=\"https:\/\/agora.xtec.cat\/escolaprovencana\/wp-content\/uploads\/usu2442\/2025\/03\/PROJECTE-CASALS-ESTIU-2025-PROVENCANA-BERNATDESCLOT-MILAGROSCONSARNAU_page-0004.jpg\" data-id=\"4647\" data-link=\"https:\/\/agora.xtec.cat\/escolaprovencana\/?attachment_id=4647\" data-original-link=\"https:\/\/agora.xtec.cat\/escolaprovencana\/wp-content\/uploads\/usu2442\/2025\/03\/PROJECTE-CASALS-ESTIU-2025-PROVENCANA-BERNATDESCLOT-MILAGROSCONSARNAU_page-0004.jpg\" class=\"wp-block-getwid-images-slider__image wp-image-4647\" srcset=\"https:\/\/agora.xtec.cat\/escolaprovencana\/wp-content\/uploads\/usu2442\/2025\/03\/PROJECTE-CASALS-ESTIU-2025-PROVENCANA-BERNATDESCLOT-MILAGROSCONSARNAU_page-0004.jpg 1241w, https:\/\/agora.xtec.cat\/escolaprovencana\/wp-content\/uploads\/usu2442\/2025\/03\/PROJECTE-CASALS-ESTIU-2025-PROVENCANA-BERNATDESCLOT-MILAGROSCONSARNAU_page-0004-212x300.jpg 212w, https:\/\/agora.xtec.cat\/escolaprovencana\/wp-content\/uploads\/usu2442\/2025\/03\/PROJECTE-CASALS-ESTIU-2025-PROVENCANA-BERNATDESCLOT-MILAGROSCONSARNAU_page-0004-724x1024.jpg 724w, https:\/\/agora.xtec.cat\/escolaprovencana\/wp-content\/uploads\/usu2442\/2025\/03\/PROJECTE-CASALS-ESTIU-2025-PROVENCANA-BERNATDESCLOT-MILAGROSCONSARNAU_page-0004-768x1086.jpg 768w, https:\/\/agora.xtec.cat\/escolaprovencana\/wp-content\/uploads\/usu2442\/2025\/03\/PROJECTE-CASALS-ESTIU-2025-PROVENCANA-BERNATDESCLOT-MILAGROSCONSARNAU_page-0004-1086x1536.jpg 1086w\" sizes=\"auto, (max-width: 1241px) 100vw, 1241px\" \/><\/figure><\/div><div class=\"wp-block-getwid-images-slider__item\"><figure><img loading=\"lazy\" decoding=\"async\" width=\"1241\" height=\"1755\" src=\"https:\/\/agora.xtec.cat\/escolaprovencana\/wp-content\/uploads\/usu2442\/2025\/03\/PROJECTE-CASALS-ESTIU-2025-PROVENCANA-BERNATDESCLOT-MILAGROSCONSARNAU_page-0005.jpg\" data-id=\"4648\" data-link=\"https:\/\/agora.xtec.cat\/escolaprovencana\/?attachment_id=4648\" data-original-link=\"https:\/\/agora.xtec.cat\/escolaprovencana\/wp-content\/uploads\/usu2442\/2025\/03\/PROJECTE-CASALS-ESTIU-2025-PROVENCANA-BERNATDESCLOT-MILAGROSCONSARNAU_page-0005.jpg\" class=\"wp-block-getwid-images-slider__image wp-image-4648\" srcset=\"https:\/\/agora.xtec.cat\/escolaprovencana\/wp-content\/uploads\/usu2442\/2025\/03\/PROJECTE-CASALS-ESTIU-2025-PROVENCANA-BERNATDESCLOT-MILAGROSCONSARNAU_page-0005.jpg 1241w, https:\/\/agora.xtec.cat\/escolaprovencana\/wp-content\/uploads\/usu2442\/2025\/03\/PROJECTE-CASALS-ESTIU-2025-PROVENCANA-BERNATDESCLOT-MILAGROSCONSARNAU_page-0005-212x300.jpg 212w, https:\/\/agora.xtec.cat\/escolaprovencana\/wp-content\/uploads\/usu2442\/2025\/03\/PROJECTE-CASALS-ESTIU-2025-PROVENCANA-BERNATDESCLOT-MILAGROSCONSARNAU_page-0005-724x1024.jpg 724w, https:\/\/agora.xtec.cat\/escolaprovencana\/wp-content\/uploads\/usu2442\/2025\/03\/PROJECTE-CASALS-ESTIU-2025-PROVENCANA-BERNATDESCLOT-MILAGROSCONSARNAU_page-0005-768x1086.jpg 768w, https:\/\/agora.xtec.cat\/escolaprovencana\/wp-content\/uploads\/usu2442\/2025\/03\/PROJECTE-CASALS-ESTIU-2025-PROVENCANA-BERNATDESCLOT-MILAGROSCONSARNAU_page-0005-1086x1536.jpg 1086w\" sizes=\"auto, (max-width: 1241px) 100vw, 1241px\" \/><\/figure><\/div><div class=\"wp-block-getwid-images-slider__item\"><figure><img loading=\"lazy\" decoding=\"async\" width=\"1241\" height=\"1755\" src=\"https:\/\/agora.xtec.cat\/escolaprovencana\/wp-content\/uploads\/usu2442\/2025\/03\/PROJECTE-CASALS-ESTIU-2025-PROVENCANA-BERNATDESCLOT-MILAGROSCONSARNAU_page-0006.jpg\" data-id=\"4649\" data-link=\"https:\/\/agora.xtec.cat\/escolaprovencana\/?attachment_id=4649\" data-original-link=\"https:\/\/agora.xtec.cat\/escolaprovencana\/wp-content\/uploads\/usu2442\/2025\/03\/PROJECTE-CASALS-ESTIU-2025-PROVENCANA-BERNATDESCLOT-MILAGROSCONSARNAU_page-0006.jpg\" class=\"wp-block-getwid-images-slider__image wp-image-4649\" srcset=\"https:\/\/agora.xtec.cat\/escolaprovencana\/wp-content\/uploads\/usu2442\/2025\/03\/PROJECTE-CASALS-ESTIU-2025-PROVENCANA-BERNATDESCLOT-MILAGROSCONSARNAU_page-0006.jpg 1241w, https:\/\/agora.xtec.cat\/escolaprovencana\/wp-content\/uploads\/usu2442\/2025\/03\/PROJECTE-CASALS-ESTIU-2025-PROVENCANA-BERNATDESCLOT-MILAGROSCONSARNAU_page-0006-212x300.jpg 212w, https:\/\/agora.xtec.cat\/escolaprovencana\/wp-content\/uploads\/usu2442\/2025\/03\/PROJECTE-CASALS-ESTIU-2025-PROVENCANA-BERNATDESCLOT-MILAGROSCONSARNAU_page-0006-724x1024.jpg 724w, https:\/\/agora.xtec.cat\/escolaprovencana\/wp-content\/uploads\/usu2442\/2025\/03\/PROJECTE-CASALS-ESTIU-2025-PROVENCANA-BERNATDESCLOT-MILAGROSCONSARNAU_page-0006-768x1086.jpg 768w, https:\/\/agora.xtec.cat\/escolaprovencana\/wp-content\/uploads\/usu2442\/2025\/03\/PROJECTE-CASALS-ESTIU-2025-PROVENCANA-BERNATDESCLOT-MILAGROSCONSARNAU_page-0006-1086x1536.jpg 1086w\" sizes=\"auto, (max-width: 1241px) 100vw, 1241px\" \/><\/figure><\/div><div class=\"wp-block-getwid-images-slider__item\"><figure><img loading=\"lazy\" decoding=\"async\" width=\"1241\" height=\"1755\" src=\"https:\/\/agora.xtec.cat\/escolaprovencana\/wp-content\/uploads\/usu2442\/2025\/03\/PROJECTE-CASALS-ESTIU-2025-PROVENCANA-BERNATDESCLOT-MILAGROSCONSARNAU_page-0007.jpg\" data-id=\"4650\" data-link=\"https:\/\/agora.xtec.cat\/escolaprovencana\/?attachment_id=4650\" data-original-link=\"https:\/\/agora.xtec.cat\/escolaprovencana\/wp-content\/uploads\/usu2442\/2025\/03\/PROJECTE-CASALS-ESTIU-2025-PROVENCANA-BERNATDESCLOT-MILAGROSCONSARNAU_page-0007.jpg\" class=\"wp-block-getwid-images-slider__image wp-image-4650\" srcset=\"https:\/\/agora.xtec.cat\/escolaprovencana\/wp-content\/uploads\/usu2442\/2025\/03\/PROJECTE-CASALS-ESTIU-2025-PROVENCANA-BERNATDESCLOT-MILAGROSCONSARNAU_page-0007.jpg 1241w, https:\/\/agora.xtec.cat\/escolaprovencana\/wp-content\/uploads\/usu2442\/2025\/03\/PROJECTE-CASALS-ESTIU-2025-PROVENCANA-BERNATDESCLOT-MILAGROSCONSARNAU_page-0007-212x300.jpg 212w, https:\/\/agora.xtec.cat\/escolaprovencana\/wp-content\/uploads\/usu2442\/2025\/03\/PROJECTE-CASALS-ESTIU-2025-PROVENCANA-BERNATDESCLOT-MILAGROSCONSARNAU_page-0007-724x1024.jpg 724w, https:\/\/agora.xtec.cat\/escolaprovencana\/wp-content\/uploads\/usu2442\/2025\/03\/PROJECTE-CASALS-ESTIU-2025-PROVENCANA-BERNATDESCLOT-MILAGROSCONSARNAU_page-0007-768x1086.jpg 768w, https:\/\/agora.xtec.cat\/escolaprovencana\/wp-content\/uploads\/usu2442\/2025\/03\/PROJECTE-CASALS-ESTIU-2025-PROVENCANA-BERNATDESCLOT-MILAGROSCONSARNAU_page-0007-1086x1536.jpg 1086w\" sizes=\"auto, (max-width: 1241px) 100vw, 1241px\" \/><\/figure><\/div><div class=\"wp-block-getwid-images-slider__item\"><figure><img loading=\"lazy\" decoding=\"async\" width=\"1241\" height=\"1755\" src=\"https:\/\/agora.xtec.cat\/escolaprovencana\/wp-content\/uploads\/usu2442\/2025\/03\/PROJECTE-CASALS-ESTIU-2025-PROVENCANA-BERNATDESCLOT-MILAGROSCONSARNAU_page-0008.jpg\" data-id=\"4651\" data-link=\"https:\/\/agora.xtec.cat\/escolaprovencana\/?attachment_id=4651\" data-original-link=\"https:\/\/agora.xtec.cat\/escolaprovencana\/wp-content\/uploads\/usu2442\/2025\/03\/PROJECTE-CASALS-ESTIU-2025-PROVENCANA-BERNATDESCLOT-MILAGROSCONSARNAU_page-0008.jpg\" class=\"wp-block-getwid-images-slider__image wp-image-4651\" srcset=\"https:\/\/agora.xtec.cat\/escolaprovencana\/wp-content\/uploads\/usu2442\/2025\/03\/PROJECTE-CASALS-ESTIU-2025-PROVENCANA-BERNATDESCLOT-MILAGROSCONSARNAU_page-0008.jpg 1241w, https:\/\/agora.xtec.cat\/escolaprovencana\/wp-content\/uploads\/usu2442\/2025\/03\/PROJECTE-CASALS-ESTIU-2025-PROVENCANA-BERNATDESCLOT-MILAGROSCONSARNAU_page-0008-212x300.jpg 212w, https:\/\/agora.xtec.cat\/escolaprovencana\/wp-content\/uploads\/usu2442\/2025\/03\/PROJECTE-CASALS-ESTIU-2025-PROVENCANA-BERNATDESCLOT-MILAGROSCONSARNAU_page-0008-724x1024.jpg 724w, https:\/\/agora.xtec.cat\/escolaprovencana\/wp-content\/uploads\/usu2442\/2025\/03\/PROJECTE-CASALS-ESTIU-2025-PROVENCANA-BERNATDESCLOT-MILAGROSCONSARNAU_page-0008-768x1086.jpg 768w, https:\/\/agora.xtec.cat\/escolaprovencana\/wp-content\/uploads\/usu2442\/2025\/03\/PROJECTE-CASALS-ESTIU-2025-PROVENCANA-BERNATDESCLOT-MILAGROSCONSARNAU_page-0008-1086x1536.jpg 1086w\" sizes=\"auto, (max-width: 1241px) 100vw, 1241px\" \/><\/figure><\/div><div class=\"wp-block-getwid-images-slider__item\"><figure><img loading=\"lazy\" decoding=\"async\" width=\"1241\" height=\"1755\" src=\"https:\/\/agora.xtec.cat\/escolaprovencana\/wp-content\/uploads\/usu2442\/2025\/03\/PROJECTE-CASALS-ESTIU-2025-PROVENCANA-BERNATDESCLOT-MILAGROSCONSARNAU_page-0009.jpg\" data-id=\"4652\" data-link=\"https:\/\/agora.xtec.cat\/escolaprovencana\/?attachment_id=4652\" data-original-link=\"https:\/\/agora.xtec.cat\/escolaprovencana\/wp-content\/uploads\/usu2442\/2025\/03\/PROJECTE-CASALS-ESTIU-2025-PROVENCANA-BERNATDESCLOT-MILAGROSCONSARNAU_page-0009.jpg\" class=\"wp-block-getwid-images-slider__image wp-image-4652\" srcset=\"https:\/\/agora.xtec.cat\/escolaprovencana\/wp-content\/uploads\/usu2442\/2025\/03\/PROJECTE-CASALS-ESTIU-2025-PROVENCANA-BERNATDESCLOT-MILAGROSCONSARNAU_page-0009.jpg 1241w, https:\/\/agora.xtec.cat\/escolaprovencana\/wp-content\/uploads\/usu2442\/2025\/03\/PROJECTE-CASALS-ESTIU-2025-PROVENCANA-BERNATDESCLOT-MILAGROSCONSARNAU_page-0009-212x300.jpg 212w, https:\/\/agora.xtec.cat\/escolaprovencana\/wp-content\/uploads\/usu2442\/2025\/03\/PROJECTE-CASALS-ESTIU-2025-PROVENCANA-BERNATDESCLOT-MILAGROSCONSARNAU_page-0009-724x1024.jpg 724w, https:\/\/agora.xtec.cat\/escolaprovencana\/wp-content\/uploads\/usu2442\/2025\/03\/PROJECTE-CASALS-ESTIU-2025-PROVENCANA-BERNATDESCLOT-MILAGROSCONSARNAU_page-0009-768x1086.jpg 768w, https:\/\/agora.xtec.cat\/escolaprovencana\/wp-content\/uploads\/usu2442\/2025\/03\/PROJECTE-CASALS-ESTIU-2025-PROVENCANA-BERNATDESCLOT-MILAGROSCONSARNAU_page-0009-1086x1536.jpg 1086w\" sizes=\"auto, (max-width: 1241px) 100vw, 1241px\" \/><\/figure><\/div><div class=\"wp-block-getwid-images-slider__item\"><figure><img loading=\"lazy\" decoding=\"async\" width=\"1241\" height=\"1755\" src=\"https:\/\/agora.xtec.cat\/escolaprovencana\/wp-content\/uploads\/usu2442\/2025\/03\/PROJECTE-CASALS-ESTIU-2025-PROVENCANA-BERNATDESCLOT-MILAGROSCONSARNAU_page-0010.jpg\" data-id=\"4653\" data-link=\"https:\/\/agora.xtec.cat\/escolaprovencana\/?attachment_id=4653\" data-original-link=\"https:\/\/agora.xtec.cat\/escolaprovencana\/wp-content\/uploads\/usu2442\/2025\/03\/PROJECTE-CASALS-ESTIU-2025-PROVENCANA-BERNATDESCLOT-MILAGROSCONSARNAU_page-0010.jpg\" class=\"wp-block-getwid-images-slider__image wp-image-4653\" srcset=\"https:\/\/agora.xtec.cat\/escolaprovencana\/wp-content\/uploads\/usu2442\/2025\/03\/PROJECTE-CASALS-ESTIU-2025-PROVENCANA-BERNATDESCLOT-MILAGROSCONSARNAU_page-0010.jpg 1241w, https:\/\/agora.xtec.cat\/escolaprovencana\/wp-content\/uploads\/usu2442\/2025\/03\/PROJECTE-CASALS-ESTIU-2025-PROVENCANA-BERNATDESCLOT-MILAGROSCONSARNAU_page-0010-212x300.jpg 212w, https:\/\/agora.xtec.cat\/escolaprovencana\/wp-content\/uploads\/usu2442\/2025\/03\/PROJECTE-CASALS-ESTIU-2025-PROVENCANA-BERNATDESCLOT-MILAGROSCONSARNAU_page-0010-724x1024.jpg 724w, https:\/\/agora.xtec.cat\/escolaprovencana\/wp-content\/uploads\/usu2442\/2025\/03\/PROJECTE-CASALS-ESTIU-2025-PROVENCANA-BERNATDESCLOT-MILAGROSCONSARNAU_page-0010-768x1086.jpg 768w, https:\/\/agora.xtec.cat\/escolaprovencana\/wp-content\/uploads\/usu2442\/2025\/03\/PROJECTE-CASALS-ESTIU-2025-PROVENCANA-BERNATDESCLOT-MILAGROSCONSARNAU_page-0010-1086x1536.jpg 1086w\" sizes=\"auto, (max-width: 1241px) 100vw, 1241px\" \/><\/figure><\/div><div class=\"wp-block-getwid-images-slider__item\"><figure><img loading=\"lazy\" decoding=\"async\" width=\"1241\" height=\"1755\" src=\"https:\/\/agora.xtec.cat\/escolaprovencana\/wp-content\/uploads\/usu2442\/2025\/03\/PROJECTE-CASALS-ESTIU-2025-PROVENCANA-BERNATDESCLOT-MILAGROSCONSARNAU_page-0011.jpg\" data-id=\"4654\" data-link=\"https:\/\/agora.xtec.cat\/escolaprovencana\/?attachment_id=4654\" data-original-link=\"https:\/\/agora.xtec.cat\/escolaprovencana\/wp-content\/uploads\/usu2442\/2025\/03\/PROJECTE-CASALS-ESTIU-2025-PROVENCANA-BERNATDESCLOT-MILAGROSCONSARNAU_page-0011.jpg\" class=\"wp-block-getwid-images-slider__image wp-image-4654\" srcset=\"https:\/\/agora.xtec.cat\/escolaprovencana\/wp-content\/uploads\/usu2442\/2025\/03\/PROJECTE-CASALS-ESTIU-2025-PROVENCANA-BERNATDESCLOT-MILAGROSCONSARNAU_page-0011.jpg 1241w, https:\/\/agora.xtec.cat\/escolaprovencana\/wp-content\/uploads\/usu2442\/2025\/03\/PROJECTE-CASALS-ESTIU-2025-PROVENCANA-BERNATDESCLOT-MILAGROSCONSARNAU_page-0011-212x300.jpg 212w, https:\/\/agora.xtec.cat\/escolaprovencana\/wp-content\/uploads\/usu2442\/2025\/03\/PROJECTE-CASALS-ESTIU-2025-PROVENCANA-BERNATDESCLOT-MILAGROSCONSARNAU_page-0011-724x1024.jpg 724w, https:\/\/agora.xtec.cat\/escolaprovencana\/wp-content\/uploads\/usu2442\/2025\/03\/PROJECTE-CASALS-ESTIU-2025-PROVENCANA-BERNATDESCLOT-MILAGROSCONSARNAU_page-0011-768x1086.jpg 768w, https:\/\/agora.xtec.cat\/escolaprovencana\/wp-content\/uploads\/usu2442\/2025\/03\/PROJECTE-CASALS-ESTIU-2025-PROVENCANA-BERNATDESCLOT-MILAGROSCONSARNAU_page-0011-1086x1536.jpg 1086w\" sizes=\"auto, (max-width: 1241px) 100vw, 1241px\" \/><\/figure><\/div><div class=\"wp-block-getwid-images-slider__item\"><figure><img loading=\"lazy\" decoding=\"async\" width=\"1241\" height=\"1755\" src=\"https:\/\/agora.xtec.cat\/escolaprovencana\/wp-content\/uploads\/usu2442\/2025\/03\/PROJECTE-CASALS-ESTIU-2025-PROVENCANA-BERNATDESCLOT-MILAGROSCONSARNAU_page-0012.jpg\" data-id=\"4655\" data-link=\"https:\/\/agora.xtec.cat\/escolaprovencana\/?attachment_id=4655\" data-original-link=\"https:\/\/agora.xtec.cat\/escolaprovencana\/wp-content\/uploads\/usu2442\/2025\/03\/PROJECTE-CASALS-ESTIU-2025-PROVENCANA-BERNATDESCLOT-MILAGROSCONSARNAU_page-0012.jpg\" class=\"wp-block-getwid-images-slider__image wp-image-4655\" srcset=\"https:\/\/agora.xtec.cat\/escolaprovencana\/wp-content\/uploads\/usu2442\/2025\/03\/PROJECTE-CASALS-ESTIU-2025-PROVENCANA-BERNATDESCLOT-MILAGROSCONSARNAU_page-0012.jpg 1241w, https:\/\/agora.xtec.cat\/escolaprovencana\/wp-content\/uploads\/usu2442\/2025\/03\/PROJECTE-CASALS-ESTIU-2025-PROVENCANA-BERNATDESCLOT-MILAGROSCONSARNAU_page-0012-212x300.jpg 212w, https:\/\/agora.xtec.cat\/escolaprovencana\/wp-content\/uploads\/usu2442\/2025\/03\/PROJECTE-CASALS-ESTIU-2025-PROVENCANA-BERNATDESCLOT-MILAGROSCONSARNAU_page-0012-724x1024.jpg 724w, https:\/\/agora.xtec.cat\/escolaprovencana\/wp-content\/uploads\/usu2442\/2025\/03\/PROJECTE-CASALS-ESTIU-2025-PROVENCANA-BERNATDESCLOT-MILAGROSCONSARNAU_page-0012-768x1086.jpg 768w, https:\/\/agora.xtec.cat\/escolaprovencana\/wp-content\/uploads\/usu2442\/2025\/03\/PROJECTE-CASALS-ESTIU-2025-PROVENCANA-BERNATDESCLOT-MILAGROSCONSARNAU_page-0012-1086x1536.jpg 1086w\" sizes=\"auto, (max-width: 1241px) 100vw, 1241px\" \/><\/figure><\/div><div class=\"wp-block-getwid-images-slider__item\"><figure><img loading=\"lazy\" decoding=\"async\" width=\"1241\" height=\"1755\" src=\"https:\/\/agora.xtec.cat\/escolaprovencana\/wp-content\/uploads\/usu2442\/2025\/03\/PROJECTE-CASALS-ESTIU-2025-PROVENCANA-BERNATDESCLOT-MILAGROSCONSARNAU_page-0013.jpg\" data-id=\"4656\" data-link=\"https:\/\/agora.xtec.cat\/escolaprovencana\/?attachment_id=4656\" data-original-link=\"https:\/\/agora.xtec.cat\/escolaprovencana\/wp-content\/uploads\/usu2442\/2025\/03\/PROJECTE-CASALS-ESTIU-2025-PROVENCANA-BERNATDESCLOT-MILAGROSCONSARNAU_page-0013.jpg\" class=\"wp-block-getwid-images-slider__image wp-image-4656\" srcset=\"https:\/\/agora.xtec.cat\/escolaprovencana\/wp-content\/uploads\/usu2442\/2025\/03\/PROJECTE-CASALS-ESTIU-2025-PROVENCANA-BERNATDESCLOT-MILAGROSCONSARNAU_page-0013.jpg 1241w, https:\/\/agora.xtec.cat\/escolaprovencana\/wp-content\/uploads\/usu2442\/2025\/03\/PROJECTE-CASALS-ESTIU-2025-PROVENCANA-BERNATDESCLOT-MILAGROSCONSARNAU_page-0013-212x300.jpg 212w, https:\/\/agora.xtec.cat\/escolaprovencana\/wp-content\/uploads\/usu2442\/2025\/03\/PROJECTE-CASALS-ESTIU-2025-PROVENCANA-BERNATDESCLOT-MILAGROSCONSARNAU_page-0013-724x1024.jpg 724w, https:\/\/agora.xtec.cat\/escolaprovencana\/wp-content\/uploads\/usu2442\/2025\/03\/PROJECTE-CASALS-ESTIU-2025-PROVENCANA-BERNATDESCLOT-MILAGROSCONSARNAU_page-0013-768x1086.jpg 768w, https:\/\/agora.xtec.cat\/escolaprovencana\/wp-content\/uploads\/usu2442\/2025\/03\/PROJECTE-CASALS-ESTIU-2025-PROVENCANA-BERNATDESCLOT-MILAGROSCONSARNAU_page-0013-1086x1536.jpg 1086w\" sizes=\"auto, (max-width: 1241px) 100vw, 1241px\" \/><\/figure><\/div><\/div><\/div>\n\n\n\n<div class=\"wp-block-getwid-images-slider has-arrows-inside has-dots-inside has-images-center has-cropped-images\"><div class=\"wp-block-getwid-images-slider__wrapper\" data-effect=\"slide\" data-slides-show=\"1\" data-slides-show-laptop=\"1\" data-slides-show-tablet=\"1\" data-slides-show-mobile=\"1\" data-slides-scroll=\"1\" data-autoplay=\"false\" data-pause-hover=\"false\" data-autoplay-speed=\"6000\" data-infinite=\"true\" data-animation-speed=\"800\" data-center-mode=\"false\" data-variable-width=\"false\" data-arrows=\"inside\" data-dots=\"inside\" data-spacing=\"none\"><div class=\"wp-block-getwid-images-slider__item\"><figure><img loading=\"lazy\" decoding=\"async\" width=\"1240\" height=\"1756\" src=\"https:\/\/agora.xtec.cat\/escolaprovencana\/wp-content\/uploads\/usu2442\/2025\/03\/INSCRIPCIO-CASALS-DESTIU-PKP-2025-1_page-0001.jpg\" data-id=\"4659\" data-link=\"https:\/\/agora.xtec.cat\/escolaprovencana\/afa\/casal-destiu-2025-amb-peti-ki-peti\/attachment\/inscripcio-casals-destiu-pkp-2025-1_page-0001\/\" data-original-link=\"https:\/\/agora.xtec.cat\/escolaprovencana\/wp-content\/uploads\/usu2442\/2025\/03\/INSCRIPCIO-CASALS-DESTIU-PKP-2025-1_page-0001.jpg\" class=\"wp-block-getwid-images-slider__image wp-image-4659\" srcset=\"https:\/\/agora.xtec.cat\/escolaprovencana\/wp-content\/uploads\/usu2442\/2025\/03\/INSCRIPCIO-CASALS-DESTIU-PKP-2025-1_page-0001.jpg 1240w, https:\/\/agora.xtec.cat\/escolaprovencana\/wp-content\/uploads\/usu2442\/2025\/03\/INSCRIPCIO-CASALS-DESTIU-PKP-2025-1_page-0001-212x300.jpg 212w, https:\/\/agora.xtec.cat\/escolaprovencana\/wp-content\/uploads\/usu2442\/2025\/03\/INSCRIPCIO-CASALS-DESTIU-PKP-2025-1_page-0001-723x1024.jpg 723w, https:\/\/agora.xtec.cat\/escolaprovencana\/wp-content\/uploads\/usu2442\/2025\/03\/INSCRIPCIO-CASALS-DESTIU-PKP-2025-1_page-0001-768x1088.jpg 768w, https:\/\/agora.xtec.cat\/escolaprovencana\/wp-content\/uploads\/usu2442\/2025\/03\/INSCRIPCIO-CASALS-DESTIU-PKP-2025-1_page-0001-1085x1536.jpg 1085w\" sizes=\"auto, (max-width: 1240px) 100vw, 1240px\" \/><\/figure><\/div><div class=\"wp-block-getwid-images-slider__item\"><figure><img loading=\"lazy\" decoding=\"async\" width=\"1240\" height=\"1756\" src=\"https:\/\/agora.xtec.cat\/escolaprovencana\/wp-content\/uploads\/usu2442\/2025\/03\/INSCRIPCIO-CASALS-DESTIU-PKP-2025-1_page-0002.jpg\" data-id=\"4660\" data-link=\"https:\/\/agora.xtec.cat\/escolaprovencana\/afa\/casal-destiu-2025-amb-peti-ki-peti\/attachment\/inscripcio-casals-destiu-pkp-2025-1_page-0002\/\" data-original-link=\"https:\/\/agora.xtec.cat\/escolaprovencana\/wp-content\/uploads\/usu2442\/2025\/03\/INSCRIPCIO-CASALS-DESTIU-PKP-2025-1_page-0002.jpg\" class=\"wp-block-getwid-images-slider__image wp-image-4660\" srcset=\"https:\/\/agora.xtec.cat\/escolaprovencana\/wp-content\/uploads\/usu2442\/2025\/03\/INSCRIPCIO-CASALS-DESTIU-PKP-2025-1_page-0002.jpg 1240w, https:\/\/agora.xtec.cat\/escolaprovencana\/wp-content\/uploads\/usu2442\/2025\/03\/INSCRIPCIO-CASALS-DESTIU-PKP-2025-1_page-0002-212x300.jpg 212w, https:\/\/agora.xtec.cat\/escolaprovencana\/wp-content\/uploads\/usu2442\/2025\/03\/INSCRIPCIO-CASALS-DESTIU-PKP-2025-1_page-0002-723x1024.jpg 723w, https:\/\/agora.xtec.cat\/escolaprovencana\/wp-content\/uploads\/usu2442\/2025\/03\/INSCRIPCIO-CASALS-DESTIU-PKP-2025-1_page-0002-768x1088.jpg 768w, https:\/\/agora.xtec.cat\/escolaprovencana\/wp-content\/uploads\/usu2442\/2025\/03\/INSCRIPCIO-CASALS-DESTIU-PKP-2025-1_page-0002-1085x1536.jpg 1085w\" sizes=\"auto, (max-width: 1240px) 100vw, 1240px\" \/><\/figure><\/div><div class=\"wp-block-getwid-images-slider__item\"><figure><img loading=\"lazy\" decoding=\"async\" width=\"1240\" height=\"1756\" src=\"https:\/\/agora.xtec.cat\/escolaprovencana\/wp-content\/uploads\/usu2442\/2025\/03\/INSCRIPCIO-CASALS-DESTIU-PKP-2025-1_page-0003.jpg\" data-id=\"4661\" data-link=\"https:\/\/agora.xtec.cat\/escolaprovencana\/afa\/casal-destiu-2025-amb-peti-ki-peti\/attachment\/inscripcio-casals-destiu-pkp-2025-1_page-0003\/\" data-original-link=\"https:\/\/agora.xtec.cat\/escolaprovencana\/wp-content\/uploads\/usu2442\/2025\/03\/INSCRIPCIO-CASALS-DESTIU-PKP-2025-1_page-0003.jpg\" class=\"wp-block-getwid-images-slider__image wp-image-4661\" srcset=\"https:\/\/agora.xtec.cat\/escolaprovencana\/wp-content\/uploads\/usu2442\/2025\/03\/INSCRIPCIO-CASALS-DESTIU-PKP-2025-1_page-0003.jpg 1240w, https:\/\/agora.xtec.cat\/escolaprovencana\/wp-content\/uploads\/usu2442\/2025\/03\/INSCRIPCIO-CASALS-DESTIU-PKP-2025-1_page-0003-212x300.jpg 212w, https:\/\/agora.xtec.cat\/escolaprovencana\/wp-content\/uploads\/usu2442\/2025\/03\/INSCRIPCIO-CASALS-DESTIU-PKP-2025-1_page-0003-723x1024.jpg 723w, https:\/\/agora.xtec.cat\/escolaprovencana\/wp-content\/uploads\/usu2442\/2025\/03\/INSCRIPCIO-CASALS-DESTIU-PKP-2025-1_page-0003-768x1088.jpg 768w, https:\/\/agora.xtec.cat\/escolaprovencana\/wp-content\/uploads\/usu2442\/2025\/03\/INSCRIPCIO-CASALS-DESTIU-PKP-2025-1_page-0003-1085x1536.jpg 1085w\" sizes=\"auto, (max-width: 1240px) 100vw, 1240px\" \/><\/figure><\/div><\/div><\/div>\n","protected":false},"excerpt":{"rendered":"<p>El proper 24 d&#8217;abril s&#8217;organitzar\u00e0 una reuni\u00f3 informativa de cara al casal d&#8217;estiu d&#8217;aquest any. L&#8217;organitzador i responsable d&#8217;aquest casal, \u00e9s l&#8217;associaci\u00f3 Peti ki Peti. Des de l&#8217;AFA hem cercat la informaci\u00f3 i ens coordinem amb l&#8217;entitat per a que pugui arribar als pares i&hellip;  <a href=\"https:\/\/agora.xtec.cat\/escolaprovencana\/afa\/casal-destiu-2025-amb-peti-ki-peti\/\" title=\"Read Casal d&#8217;estiu 2025 amb Peti ki Peti\">Llegeix m\u00e9s\u00bb<\/a><\/p>\n","protected":false},"author":50,"featured_media":0,"comment_status":"closed","ping_status":"closed","sticky":false,"template":"","format":"standard","meta":{"_bbp_topic_count":0,"_bbp_reply_count":0,"_bbp_total_topic_count":0,"_bbp_total_reply_count":0,"_bbp_voice_count":0,"_bbp_anonymous_reply_count":0,"_bbp_topic_count_hidden":0,"_bbp_reply_count_hidden":0,"_bbp_forum_subforum_count":0,"footnotes":""},"categories":[7],"tags":[130],"class_list":["post-4643","post","type-post","status-publish","format-standard","hentry","category-afa","tag-afa"],"post_mailing_queue_ids":[],"_links":{"self":[{"href":"https:\/\/agora.xtec.cat\/escolaprovencana\/wp-json\/wp\/v2\/posts\/4643","targetHints":{"allow":["GET"]}}],"collection":[{"href":"https:\/\/agora.xtec.cat\/escolaprovencana\/wp-json\/wp\/v2\/posts"}],"about":[{"href":"https:\/\/agora.xtec.cat\/escolaprovencana\/wp-json\/wp\/v2\/types\/post"}],"author":[{"embeddable":true,"href":"https:\/\/agora.xtec.cat\/escolaprovencana\/wp-json\/wp\/v2\/users\/50"}],"replies":[{"embeddable":true,"href":"https:\/\/agora.xtec.cat\/escolaprovencana\/wp-json\/wp\/v2\/comments?post=4643"}],"version-history":[{"count":3,"href":"https:\/\/agora.xtec.cat\/escolaprovencana\/wp-json\/wp\/v2\/posts\/4643\/revisions"}],"predecessor-version":[{"id":4662,"href":"https:\/\/agora.xtec.cat\/escolaprovencana\/wp-json\/wp\/v2\/posts\/4643\/revisions\/4662"}],"wp:attachment":[{"href":"https:\/\/agora.xtec.cat\/escolaprovencana\/wp-json\/wp\/v2\/media?parent=4643"}],"wp:term":[{"taxonomy":"category","embeddable":true,"href":"https:\/\/agora.xtec.cat\/escolaprovencana\/wp-json\/wp\/v2\/categories?post=4643"},{"taxonomy":"post_tag","embeddable":true,"href":"https:\/\/agora.xtec.cat\/escolaprovencana\/wp-json\/wp\/v2\/tags?post=4643"}],"curies":[{"name":"wp","href":"https:\/\/api.w.org\/{rel}","templated":true}]}}