{"id":4638,"date":"2025-03-27T14:28:43","date_gmt":"2025-03-27T13:28:43","guid":{"rendered":"https:\/\/agora.xtec.cat\/escolaprovencana\/?p=4638"},"modified":"2025-03-27T14:36:13","modified_gmt":"2025-03-27T13:36:13","slug":"sortida-mas-fabrera-cicle-inicial","status":"publish","type":"post","link":"https:\/\/agora.xtec.cat\/escolaprovencana\/general\/sortida-mas-fabrera-cicle-inicial\/","title":{"rendered":"Sortida Mas Fabrera Cicle Inicial"},"content":{"rendered":"\n<p class=\"has-text-align-left\">Aquesta setmana els nens i nenes de cicle inicial vam gaudir d&#8217;una enriquidora excursi\u00f3 a l&#8217;aula Rural de Mas Fabrera, on van aprendre de manera pr\u00e0ctica la import\u00e0ncia del reciclatge del vidre. Els infants van descobrir tot el proc\u00e9s de reciclatge, des de la recollida selectiva fins a la transformaci\u00f3 del vidre en nous objectes.<\/p>\n\n\n\n<p class=\"has-text-align-left\">A m\u00e9s a m\u00e9s, van tenir l&#8217;oportunitat de posar en pr\u00e0ctica la seva creativitat realitzant una manualitat molt especial: una rosa de vidre.  Vam crear unes roses \u00faniques i originals, donant una segona vida al vidre i aprenent a valorar la import\u00e0ncia de cuidar el medi ambient.<\/p>\n\n\n\n<p>Hem creat un v\u00eddeo amb les fotos d&#8217;aquell dia tan especial! Mireu-lo per veure com ens ho vam passar de b\u00e9!<\/p>\n\n\n\n<div class=\"wp-block-file\"><a href=\"https:\/\/drive.google.com\/file\/d\/1BBbyHidcdsnZ1C2wUo5RRajI-2iXPivD\/view?usp=drive_link\">Video Mas Fabrera<\/a><a href=\"https:\/\/drive.google.com\/file\/d\/1BBbyHidcdsnZ1C2wUo5RRajI-2iXPivD\/view?usp=drive_link\" class=\"wp-block-file__button wp-element-button\" download>cliqueu per veure el v\u00eddeo<\/a><\/div>\n\n\n\n<figure class=\"wp-block-image size-large\"><a href=\"https:\/\/agora.xtec.cat\/escolaprovencana\/wp-content\/uploads\/usu2442\/2025\/03\/IMG_6951-1-1-scaled.jpg\"><img loading=\"lazy\" decoding=\"async\" width=\"1024\" height=\"768\" src=\"https:\/\/agora.xtec.cat\/escolaprovencana\/wp-content\/uploads\/usu2442\/2025\/03\/IMG_6951-1-1-1024x768.jpg\" alt=\"\" class=\"wp-image-4641\" srcset=\"https:\/\/agora.xtec.cat\/escolaprovencana\/wp-content\/uploads\/usu2442\/2025\/03\/IMG_6951-1-1-1024x768.jpg 1024w, https:\/\/agora.xtec.cat\/escolaprovencana\/wp-content\/uploads\/usu2442\/2025\/03\/IMG_6951-1-1-300x225.jpg 300w, https:\/\/agora.xtec.cat\/escolaprovencana\/wp-content\/uploads\/usu2442\/2025\/03\/IMG_6951-1-1-768x576.jpg 768w, https:\/\/agora.xtec.cat\/escolaprovencana\/wp-content\/uploads\/usu2442\/2025\/03\/IMG_6951-1-1-1536x1152.jpg 1536w, https:\/\/agora.xtec.cat\/escolaprovencana\/wp-content\/uploads\/usu2442\/2025\/03\/IMG_6951-1-1-2048x1536.jpg 2048w, https:\/\/agora.xtec.cat\/escolaprovencana\/wp-content\/uploads\/usu2442\/2025\/03\/IMG_6951-1-1-200x150.jpg 200w\" sizes=\"auto, (max-width: 1024px) 100vw, 1024px\" \/><\/a><\/figure>\n\n\n\n<p>Tutores de Cicle Inicial<\/p>\n","protected":false},"excerpt":{"rendered":"<p>Aquesta setmana els nens i nenes de cicle inicial vam gaudir d&#8217;una enriquidora excursi\u00f3 a l&#8217;aula Rural de Mas Fabrera, on van aprendre de manera pr\u00e0ctica la import\u00e0ncia del reciclatge del vidre. Els infants van descobrir tot el proc\u00e9s de reciclatge, des de la recollida&hellip;  <a href=\"https:\/\/agora.xtec.cat\/escolaprovencana\/general\/sortida-mas-fabrera-cicle-inicial\/\" title=\"Read Sortida Mas Fabrera Cicle Inicial\">Llegeix m\u00e9s\u00bb<\/a><\/p>\n","protected":false},"author":42,"featured_media":0,"comment_status":"closed","ping_status":"closed","sticky":false,"template":"","format":"standard","meta":{"_bbp_topic_count":0,"_bbp_reply_count":0,"_bbp_total_topic_count":0,"_bbp_total_reply_count":0,"_bbp_voice_count":0,"_bbp_anonymous_reply_count":0,"_bbp_topic_count_hidden":0,"_bbp_reply_count_hidden":0,"_bbp_forum_subforum_count":0,"footnotes":""},"categories":[10,11,1],"tags":[],"class_list":["post-4638","post","type-post","status-publish","format-standard","hentry","category-1r","category-2n","category-general"],"post_mailing_queue_ids":[],"_links":{"self":[{"href":"https:\/\/agora.xtec.cat\/escolaprovencana\/wp-json\/wp\/v2\/posts\/4638","targetHints":{"allow":["GET"]}}],"collection":[{"href":"https:\/\/agora.xtec.cat\/escolaprovencana\/wp-json\/wp\/v2\/posts"}],"about":[{"href":"https:\/\/agora.xtec.cat\/escolaprovencana\/wp-json\/wp\/v2\/types\/post"}],"author":[{"embeddable":true,"href":"https:\/\/agora.xtec.cat\/escolaprovencana\/wp-json\/wp\/v2\/users\/42"}],"replies":[{"embeddable":true,"href":"https:\/\/agora.xtec.cat\/escolaprovencana\/wp-json\/wp\/v2\/comments?post=4638"}],"version-history":[{"count":2,"href":"https:\/\/agora.xtec.cat\/escolaprovencana\/wp-json\/wp\/v2\/posts\/4638\/revisions"}],"predecessor-version":[{"id":4642,"href":"https:\/\/agora.xtec.cat\/escolaprovencana\/wp-json\/wp\/v2\/posts\/4638\/revisions\/4642"}],"wp:attachment":[{"href":"https:\/\/agora.xtec.cat\/escolaprovencana\/wp-json\/wp\/v2\/media?parent=4638"}],"wp:term":[{"taxonomy":"category","embeddable":true,"href":"https:\/\/agora.xtec.cat\/escolaprovencana\/wp-json\/wp\/v2\/categories?post=4638"},{"taxonomy":"post_tag","embeddable":true,"href":"https:\/\/agora.xtec.cat\/escolaprovencana\/wp-json\/wp\/v2\/tags?post=4638"}],"curies":[{"name":"wp","href":"https:\/\/api.w.org\/{rel}","templated":true}]}}