{"id":4584,"date":"2025-03-02T14:16:14","date_gmt":"2025-03-02T13:16:14","guid":{"rendered":"https:\/\/agora.xtec.cat\/escolaprovencana\/?p=4584"},"modified":"2025-03-31T18:04:25","modified_gmt":"2025-03-31T16:04:25","slug":"carnaval-2025-guanyem-el-2n-premi","status":"publish","type":"post","link":"https:\/\/agora.xtec.cat\/escolaprovencana\/afa\/carnaval-2025-guanyem-el-2n-premi\/","title":{"rendered":"Carnaval 2025. Guanyem el 2n premi!"},"content":{"rendered":"\n<p>Potser no era la disfressa m\u00e9s elaborada, potser no ten\u00edem una coreografia assajada, i ben segur que era la veritat&#8230; per\u00f2 les ganes de passar-ho b\u00e9 i fer gresca \u00e9s el que ens defineix, i per aix\u00f2 ens v\u00e0rem endur un 2n premi. L&#8217;any que li puguem dedicar m\u00e9s temps&#8230; arrasarem! \ud83d\ude42<\/p>\n\n\n\n<figure class=\"wp-block-image size-large\"><a href=\"https:\/\/agora.xtec.cat\/escolaprovencana\/wp-content\/uploads\/usu2442\/2025\/03\/Rua-del-Proven.jpg\"><img loading=\"lazy\" decoding=\"async\" width=\"1024\" height=\"429\" src=\"https:\/\/agora.xtec.cat\/escolaprovencana\/wp-content\/uploads\/usu2442\/2025\/03\/Rua-del-Proven-1024x429.jpg\" alt=\"\" class=\"wp-image-4585\" srcset=\"https:\/\/agora.xtec.cat\/escolaprovencana\/wp-content\/uploads\/usu2442\/2025\/03\/Rua-del-Proven-1024x429.jpg 1024w, https:\/\/agora.xtec.cat\/escolaprovencana\/wp-content\/uploads\/usu2442\/2025\/03\/Rua-del-Proven-300x126.jpg 300w, https:\/\/agora.xtec.cat\/escolaprovencana\/wp-content\/uploads\/usu2442\/2025\/03\/Rua-del-Proven-768x322.jpg 768w, https:\/\/agora.xtec.cat\/escolaprovencana\/wp-content\/uploads\/usu2442\/2025\/03\/Rua-del-Proven-1536x643.jpg 1536w, https:\/\/agora.xtec.cat\/escolaprovencana\/wp-content\/uploads\/usu2442\/2025\/03\/Rua-del-Proven.jpg 1600w\" sizes=\"auto, (max-width: 1024px) 100vw, 1024px\" \/><\/a><\/figure>\n","protected":false},"excerpt":{"rendered":"<p>Potser no era la disfressa m\u00e9s elaborada, potser no ten\u00edem una coreografia assajada, i ben segur que era la veritat&#8230; per\u00f2 les ganes de passar-ho b\u00e9 i fer gresca \u00e9s el que ens defineix, i per aix\u00f2 ens v\u00e0rem endur un 2n premi. L&#8217;any que&hellip;  <a href=\"https:\/\/agora.xtec.cat\/escolaprovencana\/afa\/carnaval-2025-guanyem-el-2n-premi\/\" title=\"Read Carnaval 2025. Guanyem el 2n premi!\">Llegeix m\u00e9s\u00bb<\/a><\/p>\n","protected":false},"author":50,"featured_media":4585,"comment_status":"closed","ping_status":"closed","sticky":false,"template":"","format":"standard","meta":{"_bbp_topic_count":0,"_bbp_reply_count":0,"_bbp_total_topic_count":0,"_bbp_total_reply_count":0,"_bbp_voice_count":0,"_bbp_anonymous_reply_count":0,"_bbp_topic_count_hidden":0,"_bbp_reply_count_hidden":0,"_bbp_forum_subforum_count":0,"footnotes":""},"categories":[7],"tags":[],"class_list":["post-4584","post","type-post","status-publish","format-standard","has-post-thumbnail","hentry","category-afa"],"post_mailing_queue_ids":[],"_links":{"self":[{"href":"https:\/\/agora.xtec.cat\/escolaprovencana\/wp-json\/wp\/v2\/posts\/4584","targetHints":{"allow":["GET"]}}],"collection":[{"href":"https:\/\/agora.xtec.cat\/escolaprovencana\/wp-json\/wp\/v2\/posts"}],"about":[{"href":"https:\/\/agora.xtec.cat\/escolaprovencana\/wp-json\/wp\/v2\/types\/post"}],"author":[{"embeddable":true,"href":"https:\/\/agora.xtec.cat\/escolaprovencana\/wp-json\/wp\/v2\/users\/50"}],"replies":[{"embeddable":true,"href":"https:\/\/agora.xtec.cat\/escolaprovencana\/wp-json\/wp\/v2\/comments?post=4584"}],"version-history":[{"count":2,"href":"https:\/\/agora.xtec.cat\/escolaprovencana\/wp-json\/wp\/v2\/posts\/4584\/revisions"}],"predecessor-version":[{"id":4587,"href":"https:\/\/agora.xtec.cat\/escolaprovencana\/wp-json\/wp\/v2\/posts\/4584\/revisions\/4587"}],"wp:featuredmedia":[{"embeddable":true,"href":"https:\/\/agora.xtec.cat\/escolaprovencana\/wp-json\/wp\/v2\/media\/4585"}],"wp:attachment":[{"href":"https:\/\/agora.xtec.cat\/escolaprovencana\/wp-json\/wp\/v2\/media?parent=4584"}],"wp:term":[{"taxonomy":"category","embeddable":true,"href":"https:\/\/agora.xtec.cat\/escolaprovencana\/wp-json\/wp\/v2\/categories?post=4584"},{"taxonomy":"post_tag","embeddable":true,"href":"https:\/\/agora.xtec.cat\/escolaprovencana\/wp-json\/wp\/v2\/tags?post=4584"}],"curies":[{"name":"wp","href":"https:\/\/api.w.org\/{rel}","templated":true}]}}