{"id":4566,"date":"2025-02-12T13:07:25","date_gmt":"2025-02-12T12:07:25","guid":{"rendered":"https:\/\/agora.xtec.cat\/escolaprovencana\/?p=4566"},"modified":"2025-02-12T13:24:47","modified_gmt":"2025-02-12T12:24:47","slug":"jornada-desports-adaptats","status":"publish","type":"post","link":"https:\/\/agora.xtec.cat\/escolaprovencana\/general\/jornada-desports-adaptats\/","title":{"rendered":"Jornada d&#8217;esports adaptats."},"content":{"rendered":"\n<h3 class=\"wp-block-heading\"><strong>Jornades d&#8217;Esports Adaptats a l&#8217;Escola Proven\u00e7ana<\/strong><\/h3>\n\n\n\n<p>L&#8217;alumnat de 6\u00e8 de l&#8217;Escola Proven\u00e7ana ha viscut una experi\u00e8ncia \u00fanica gr\u00e0cies a les <strong>Jornades d&#8217;Esports Adaptats<\/strong>, on han pogut con\u00e8ixer de primera m\u00e0 la import\u00e0ncia de l&#8217;esport inclusiu. L&#8217;activitat ha comptat amb la participaci\u00f3 especial de tres jugadors de <strong>b\u00e0squet en cadira de rodes del CLUB BCR CEM L\u2019H<\/strong>, que han compartit amb nosaltres la seva experi\u00e8ncia i passi\u00f3 per l&#8217;esport.<\/p>\n\n\n\n<p>Al llarg de la jornada, els infants han tingut l\u2019oportunitat de practicar tres disciplines adaptades:<\/p>\n\n\n\n<p>\ud83c\udfc0 <strong>B\u00e0squet en cadira de rodes<\/strong> \u2013 Han apr\u00e8s a despla\u00e7ar-se i a llan\u00e7ar a cistella asseguts en cadira de rodes, descobrint aix\u00ed la t\u00e8cnica i l\u2019esfor\u00e7 que requereix aquest esport.<\/p>\n\n\n\n<p>\ud83c\udfd0 <strong>Voleibol adaptat<\/strong> \u2013 Han jugat asseguts a terra, treballant la coordinaci\u00f3 i el treball en equip d\u2019una manera diferent.<\/p>\n\n\n\n<p>\ud83c\udfaf <strong>Bocha<\/strong> \u2013 Un esport de precisi\u00f3 semblant a la petanca, que ha posat a prova la seva estrat\u00e8gia i punteria.<\/p>\n\n\n\n<p>Aquesta jornada ha estat una experi\u00e8ncia enriquidora que ha ajudat a entendre millor les capacitats diverses i el valor de l\u2019esport com a eina d\u2019inclusi\u00f3. Sens dubte, una activitat per recordar!<\/p>\n","protected":false},"excerpt":{"rendered":"<p>Jornades d&#8217;Esports Adaptats a l&#8217;Escola Proven\u00e7ana<\/p>\n<p>L&#8217;alumnat de 6\u00e8 de l&#8217;Escola Proven\u00e7ana ha viscut una experi\u00e8ncia \u00fanica gr\u00e0cies a les Jornades d&#8217;Esports Adaptats, on han pogut con\u00e8ixer de primera m\u00e0 la import\u00e0ncia de l&#8217;esport inclusiu. L&#8217;activitat ha comptat amb la participaci\u00f3 especial de tres jugadors de&hellip;  <a href=\"https:\/\/agora.xtec.cat\/escolaprovencana\/general\/jornada-desports-adaptats\/\" title=\"Read Jornada d&#8217;esports adaptats.\">Llegeix m\u00e9s\u00bb<\/a><\/p>\n","protected":false},"author":10,"featured_media":4567,"comment_status":"open","ping_status":"open","sticky":false,"template":"","format":"standard","meta":{"_bbp_topic_count":0,"_bbp_reply_count":0,"_bbp_total_topic_count":0,"_bbp_total_reply_count":0,"_bbp_voice_count":0,"_bbp_anonymous_reply_count":0,"_bbp_topic_count_hidden":0,"_bbp_reply_count_hidden":0,"_bbp_forum_subforum_count":0,"footnotes":""},"categories":[15,1],"tags":[],"class_list":["post-4566","post","type-post","status-publish","format-standard","has-post-thumbnail","hentry","category-6e","category-general"],"post_mailing_queue_ids":[],"_links":{"self":[{"href":"https:\/\/agora.xtec.cat\/escolaprovencana\/wp-json\/wp\/v2\/posts\/4566","targetHints":{"allow":["GET"]}}],"collection":[{"href":"https:\/\/agora.xtec.cat\/escolaprovencana\/wp-json\/wp\/v2\/posts"}],"about":[{"href":"https:\/\/agora.xtec.cat\/escolaprovencana\/wp-json\/wp\/v2\/types\/post"}],"author":[{"embeddable":true,"href":"https:\/\/agora.xtec.cat\/escolaprovencana\/wp-json\/wp\/v2\/users\/10"}],"replies":[{"embeddable":true,"href":"https:\/\/agora.xtec.cat\/escolaprovencana\/wp-json\/wp\/v2\/comments?post=4566"}],"version-history":[{"count":2,"href":"https:\/\/agora.xtec.cat\/escolaprovencana\/wp-json\/wp\/v2\/posts\/4566\/revisions"}],"predecessor-version":[{"id":4569,"href":"https:\/\/agora.xtec.cat\/escolaprovencana\/wp-json\/wp\/v2\/posts\/4566\/revisions\/4569"}],"wp:featuredmedia":[{"embeddable":true,"href":"https:\/\/agora.xtec.cat\/escolaprovencana\/wp-json\/wp\/v2\/media\/4567"}],"wp:attachment":[{"href":"https:\/\/agora.xtec.cat\/escolaprovencana\/wp-json\/wp\/v2\/media?parent=4566"}],"wp:term":[{"taxonomy":"category","embeddable":true,"href":"https:\/\/agora.xtec.cat\/escolaprovencana\/wp-json\/wp\/v2\/categories?post=4566"},{"taxonomy":"post_tag","embeddable":true,"href":"https:\/\/agora.xtec.cat\/escolaprovencana\/wp-json\/wp\/v2\/tags?post=4566"}],"curies":[{"name":"wp","href":"https:\/\/api.w.org\/{rel}","templated":true}]}}