{"id":4537,"date":"2025-02-05T16:27:05","date_gmt":"2025-02-05T15:27:05","guid":{"rendered":"https:\/\/agora.xtec.cat\/escolaprovencana\/?p=4537"},"modified":"2025-02-06T13:04:14","modified_gmt":"2025-02-06T12:04:14","slug":"5-de-febrer-dia-internacional-de-la-lectura-en-veu-alta","status":"publish","type":"post","link":"https:\/\/agora.xtec.cat\/escolaprovencana\/general\/5-de-febrer-dia-internacional-de-la-lectura-en-veu-alta\/","title":{"rendered":"5 de FEBRER: DIA INTERNACIONAL DE LA LECTURA EN VEU ALTA"},"content":{"rendered":"\n<p>El Dia Internacional de la Lectura en Veu Alta \u00e9s una jornada que celebra la m\u00e0gia de les paraules i el poder transformador de la lectura compartida. A la nostra escola, volem que aquesta celebraci\u00f3 adquireix una import\u00e0ncia especial i des de Cicle Inicial convidem a les fam\u00edlies a venir i explicar un conte.<\/p>\n\n\n\n<p>Considerem que \u00e9s molt important fomentar l&#8217;h\u00e0bit lector entre l&#8217;alumnat i crear un vincle emocional amb els textos.<\/p>\n\n\n\n<p>Els nostres objectius amb aquestes trobades entre fam\u00edlies i escola s\u00f3n: fomentar l&#8217;h\u00e0bit lector, millorar la comprensi\u00f3 dels textos, desenvolupar habilitats de comunicaci\u00f3, crear un ambient de comunitat i potenciar la imaginaci\u00f3 i la creativitat dels alumnes. <\/p>\n\n\n\n<p>Aquest dia no nom\u00e9s celebra la lectura, sin\u00f3 que tamb\u00e9 actua com una eina poderosa per cultivar l&#8217;amor pels llibres i construir una comunitat m\u00e9s unida i emp\u00e0tica. <\/p>\n\n\n\n<p>Durant els mesos de febrer i mar\u00e7 celebrarem el Dia Internacional de la Lectura en Veu Alta a l&#8217;escola amb la participaci\u00f3 volunt\u00e0ria de les fam\u00edlies de Primer i Segon.<\/p>\n\n\n\n<figure class=\"wp-block-image size-large\"><a href=\"https:\/\/agora.xtec.cat\/escolaprovencana\/wp-content\/uploads\/usu2442\/2025\/02\/IMG_6316-scaled.jpg\"><img loading=\"lazy\" decoding=\"async\" width=\"1024\" height=\"768\" src=\"https:\/\/agora.xtec.cat\/escolaprovencana\/wp-content\/uploads\/usu2442\/2025\/02\/IMG_6316-1024x768.jpg\" alt=\"\" class=\"wp-image-4538\" srcset=\"https:\/\/agora.xtec.cat\/escolaprovencana\/wp-content\/uploads\/usu2442\/2025\/02\/IMG_6316-1024x768.jpg 1024w, https:\/\/agora.xtec.cat\/escolaprovencana\/wp-content\/uploads\/usu2442\/2025\/02\/IMG_6316-300x225.jpg 300w, https:\/\/agora.xtec.cat\/escolaprovencana\/wp-content\/uploads\/usu2442\/2025\/02\/IMG_6316-768x576.jpg 768w, https:\/\/agora.xtec.cat\/escolaprovencana\/wp-content\/uploads\/usu2442\/2025\/02\/IMG_6316-1536x1152.jpg 1536w, https:\/\/agora.xtec.cat\/escolaprovencana\/wp-content\/uploads\/usu2442\/2025\/02\/IMG_6316-2048x1536.jpg 2048w, https:\/\/agora.xtec.cat\/escolaprovencana\/wp-content\/uploads\/usu2442\/2025\/02\/IMG_6316-200x150.jpg 200w\" sizes=\"auto, (max-width: 1024px) 100vw, 1024px\" \/><\/a><\/figure>\n\n\n\n<figure class=\"wp-block-image size-large\"><a href=\"https:\/\/agora.xtec.cat\/escolaprovencana\/wp-content\/uploads\/usu2442\/2025\/02\/IMG_6318-scaled.jpg\"><img loading=\"lazy\" decoding=\"async\" width=\"1024\" height=\"768\" src=\"https:\/\/agora.xtec.cat\/escolaprovencana\/wp-content\/uploads\/usu2442\/2025\/02\/IMG_6318-1024x768.jpg\" alt=\"\" class=\"wp-image-4539\" srcset=\"https:\/\/agora.xtec.cat\/escolaprovencana\/wp-content\/uploads\/usu2442\/2025\/02\/IMG_6318-1024x768.jpg 1024w, https:\/\/agora.xtec.cat\/escolaprovencana\/wp-content\/uploads\/usu2442\/2025\/02\/IMG_6318-300x225.jpg 300w, https:\/\/agora.xtec.cat\/escolaprovencana\/wp-content\/uploads\/usu2442\/2025\/02\/IMG_6318-768x576.jpg 768w, https:\/\/agora.xtec.cat\/escolaprovencana\/wp-content\/uploads\/usu2442\/2025\/02\/IMG_6318-1536x1152.jpg 1536w, https:\/\/agora.xtec.cat\/escolaprovencana\/wp-content\/uploads\/usu2442\/2025\/02\/IMG_6318-2048x1536.jpg 2048w, https:\/\/agora.xtec.cat\/escolaprovencana\/wp-content\/uploads\/usu2442\/2025\/02\/IMG_6318-200x150.jpg 200w\" sizes=\"auto, (max-width: 1024px) 100vw, 1024px\" \/><\/a><\/figure>\n\n\n\n<p>Una altra activitat que hem fet per celebrar la Lectura en Veu Alta \u00e9s que els companys i companyes de 6\u00e8B han vingut a la classe a explicar diferents contes cl\u00e0ssics, fer-nos preguntes i explicar-nos la moralitat dels contes.<\/p>\n\n\n\n<p>Els alumnes de 6\u00e8 han demostrat un gran esfor\u00e7 i dedicaci\u00f3 en la preparaci\u00f3 de les titelles i l&#8217;expressi\u00f3 oral dels contes. Amb paci\u00e8ncia i creativitat, han confeccionat les titelles, donant vida als personatges amb detalls i colors vius. A m\u00e9s, han treballat dur en perfeccionar la seva expressi\u00f3 oral, practicant el to de la veu, la projecci\u00f3 i les pauses per captivar l&#8217;atenci\u00f3 del p\u00fablic. <\/p>\n\n\n\n<p>Aquesta experi\u00e8ncia no nom\u00e9s ha enriquit les seves habilitats art\u00edstiques i comunicatives, sin\u00f3 que tamb\u00e9 ha fomentat la col\u00b7laboraci\u00f3 i el treball en equip entre els alumnes. El resultat final ha estat una representaci\u00f3 memorable que ha deixat una empremta positiva en la comunitat escolar.<\/p>\n\n\n\n<figure class=\"wp-block-image size-large\"><a href=\"https:\/\/agora.xtec.cat\/escolaprovencana\/wp-content\/uploads\/usu2442\/2025\/02\/IMG_6301-scaled.jpg\"><img loading=\"lazy\" decoding=\"async\" width=\"1024\" height=\"768\" src=\"https:\/\/agora.xtec.cat\/escolaprovencana\/wp-content\/uploads\/usu2442\/2025\/02\/IMG_6301-1024x768.jpg\" alt=\"\" class=\"wp-image-4540\" srcset=\"https:\/\/agora.xtec.cat\/escolaprovencana\/wp-content\/uploads\/usu2442\/2025\/02\/IMG_6301-1024x768.jpg 1024w, https:\/\/agora.xtec.cat\/escolaprovencana\/wp-content\/uploads\/usu2442\/2025\/02\/IMG_6301-300x225.jpg 300w, https:\/\/agora.xtec.cat\/escolaprovencana\/wp-content\/uploads\/usu2442\/2025\/02\/IMG_6301-768x576.jpg 768w, https:\/\/agora.xtec.cat\/escolaprovencana\/wp-content\/uploads\/usu2442\/2025\/02\/IMG_6301-1536x1152.jpg 1536w, https:\/\/agora.xtec.cat\/escolaprovencana\/wp-content\/uploads\/usu2442\/2025\/02\/IMG_6301-2048x1536.jpg 2048w, https:\/\/agora.xtec.cat\/escolaprovencana\/wp-content\/uploads\/usu2442\/2025\/02\/IMG_6301-200x150.jpg 200w\" sizes=\"auto, (max-width: 1024px) 100vw, 1024px\" \/><\/a><\/figure>\n\n\n\n<figure class=\"wp-block-image size-large\"><a href=\"https:\/\/agora.xtec.cat\/escolaprovencana\/wp-content\/uploads\/usu2442\/2025\/02\/IMG_6303-scaled.jpg\"><img loading=\"lazy\" decoding=\"async\" width=\"1024\" height=\"768\" src=\"https:\/\/agora.xtec.cat\/escolaprovencana\/wp-content\/uploads\/usu2442\/2025\/02\/IMG_6303-1024x768.jpg\" alt=\"\" class=\"wp-image-4541\" srcset=\"https:\/\/agora.xtec.cat\/escolaprovencana\/wp-content\/uploads\/usu2442\/2025\/02\/IMG_6303-1024x768.jpg 1024w, https:\/\/agora.xtec.cat\/escolaprovencana\/wp-content\/uploads\/usu2442\/2025\/02\/IMG_6303-300x225.jpg 300w, https:\/\/agora.xtec.cat\/escolaprovencana\/wp-content\/uploads\/usu2442\/2025\/02\/IMG_6303-768x576.jpg 768w, https:\/\/agora.xtec.cat\/escolaprovencana\/wp-content\/uploads\/usu2442\/2025\/02\/IMG_6303-1536x1152.jpg 1536w, https:\/\/agora.xtec.cat\/escolaprovencana\/wp-content\/uploads\/usu2442\/2025\/02\/IMG_6303-2048x1536.jpg 2048w, https:\/\/agora.xtec.cat\/escolaprovencana\/wp-content\/uploads\/usu2442\/2025\/02\/IMG_6303-200x150.jpg 200w\" sizes=\"auto, (max-width: 1024px) 100vw, 1024px\" \/><\/a><\/figure>\n\n\n\n<figure class=\"wp-block-image size-large\"><a href=\"https:\/\/agora.xtec.cat\/escolaprovencana\/wp-content\/uploads\/usu2442\/2025\/02\/IMG_6306-scaled.jpg\"><img loading=\"lazy\" decoding=\"async\" width=\"1024\" height=\"768\" src=\"https:\/\/agora.xtec.cat\/escolaprovencana\/wp-content\/uploads\/usu2442\/2025\/02\/IMG_6306-1024x768.jpg\" alt=\"\" class=\"wp-image-4542\" srcset=\"https:\/\/agora.xtec.cat\/escolaprovencana\/wp-content\/uploads\/usu2442\/2025\/02\/IMG_6306-1024x768.jpg 1024w, https:\/\/agora.xtec.cat\/escolaprovencana\/wp-content\/uploads\/usu2442\/2025\/02\/IMG_6306-300x225.jpg 300w, https:\/\/agora.xtec.cat\/escolaprovencana\/wp-content\/uploads\/usu2442\/2025\/02\/IMG_6306-768x576.jpg 768w, https:\/\/agora.xtec.cat\/escolaprovencana\/wp-content\/uploads\/usu2442\/2025\/02\/IMG_6306-1536x1152.jpg 1536w, https:\/\/agora.xtec.cat\/escolaprovencana\/wp-content\/uploads\/usu2442\/2025\/02\/IMG_6306-2048x1536.jpg 2048w, https:\/\/agora.xtec.cat\/escolaprovencana\/wp-content\/uploads\/usu2442\/2025\/02\/IMG_6306-200x150.jpg 200w\" sizes=\"auto, (max-width: 1024px) 100vw, 1024px\" \/><\/a><\/figure>\n\n\n\n<figure class=\"wp-block-image size-large\"><a href=\"https:\/\/agora.xtec.cat\/escolaprovencana\/wp-content\/uploads\/usu2442\/2025\/02\/IMG_6308-scaled.jpg\"><img loading=\"lazy\" decoding=\"async\" width=\"1024\" height=\"768\" src=\"https:\/\/agora.xtec.cat\/escolaprovencana\/wp-content\/uploads\/usu2442\/2025\/02\/IMG_6308-1024x768.jpg\" alt=\"\" class=\"wp-image-4543\" srcset=\"https:\/\/agora.xtec.cat\/escolaprovencana\/wp-content\/uploads\/usu2442\/2025\/02\/IMG_6308-1024x768.jpg 1024w, https:\/\/agora.xtec.cat\/escolaprovencana\/wp-content\/uploads\/usu2442\/2025\/02\/IMG_6308-300x225.jpg 300w, https:\/\/agora.xtec.cat\/escolaprovencana\/wp-content\/uploads\/usu2442\/2025\/02\/IMG_6308-768x576.jpg 768w, https:\/\/agora.xtec.cat\/escolaprovencana\/wp-content\/uploads\/usu2442\/2025\/02\/IMG_6308-1536x1152.jpg 1536w, https:\/\/agora.xtec.cat\/escolaprovencana\/wp-content\/uploads\/usu2442\/2025\/02\/IMG_6308-2048x1536.jpg 2048w, https:\/\/agora.xtec.cat\/escolaprovencana\/wp-content\/uploads\/usu2442\/2025\/02\/IMG_6308-200x150.jpg 200w\" sizes=\"auto, (max-width: 1024px) 100vw, 1024px\" \/><\/a><\/figure>\n\n\n\n<figure class=\"wp-block-image size-large\"><a href=\"https:\/\/agora.xtec.cat\/escolaprovencana\/wp-content\/uploads\/usu2442\/2025\/02\/IMG_6310-scaled.jpg\"><img loading=\"lazy\" decoding=\"async\" width=\"1024\" height=\"768\" src=\"https:\/\/agora.xtec.cat\/escolaprovencana\/wp-content\/uploads\/usu2442\/2025\/02\/IMG_6310-1024x768.jpg\" alt=\"\" class=\"wp-image-4544\" srcset=\"https:\/\/agora.xtec.cat\/escolaprovencana\/wp-content\/uploads\/usu2442\/2025\/02\/IMG_6310-1024x768.jpg 1024w, https:\/\/agora.xtec.cat\/escolaprovencana\/wp-content\/uploads\/usu2442\/2025\/02\/IMG_6310-300x225.jpg 300w, https:\/\/agora.xtec.cat\/escolaprovencana\/wp-content\/uploads\/usu2442\/2025\/02\/IMG_6310-768x576.jpg 768w, https:\/\/agora.xtec.cat\/escolaprovencana\/wp-content\/uploads\/usu2442\/2025\/02\/IMG_6310-1536x1152.jpg 1536w, https:\/\/agora.xtec.cat\/escolaprovencana\/wp-content\/uploads\/usu2442\/2025\/02\/IMG_6310-2048x1536.jpg 2048w, https:\/\/agora.xtec.cat\/escolaprovencana\/wp-content\/uploads\/usu2442\/2025\/02\/IMG_6310-200x150.jpg 200w\" sizes=\"auto, (max-width: 1024px) 100vw, 1024px\" \/><\/a><\/figure>\n\n\n\n<p>Gr\u00e0cies per la vostra col\u00b7laboraci\u00f3!<\/p>\n\n\n\n<p>Cicle Inicial.<\/p>\n","protected":false},"excerpt":{"rendered":"<p>El Dia Internacional de la Lectura en Veu Alta \u00e9s una jornada que celebra la m\u00e0gia de les paraules i el poder transformador de la lectura compartida. A la nostra escola, volem que aquesta celebraci\u00f3 adquireix una import\u00e0ncia especial i des de Cicle Inicial convidem&hellip;  <a href=\"https:\/\/agora.xtec.cat\/escolaprovencana\/general\/5-de-febrer-dia-internacional-de-la-lectura-en-veu-alta\/\" title=\"Read 5 de FEBRER: DIA INTERNACIONAL DE LA LECTURA EN VEU ALTA\">Llegeix m\u00e9s\u00bb<\/a><\/p>\n","protected":false},"author":42,"featured_media":0,"comment_status":"closed","ping_status":"closed","sticky":false,"template":"","format":"standard","meta":{"_bbp_topic_count":0,"_bbp_reply_count":0,"_bbp_total_topic_count":0,"_bbp_total_reply_count":0,"_bbp_voice_count":0,"_bbp_anonymous_reply_count":0,"_bbp_topic_count_hidden":0,"_bbp_reply_count_hidden":0,"_bbp_forum_subforum_count":0,"footnotes":""},"categories":[10,11,15,1],"tags":[],"class_list":["post-4537","post","type-post","status-publish","format-standard","hentry","category-1r","category-2n","category-6e","category-general"],"post_mailing_queue_ids":[],"_links":{"self":[{"href":"https:\/\/agora.xtec.cat\/escolaprovencana\/wp-json\/wp\/v2\/posts\/4537","targetHints":{"allow":["GET"]}}],"collection":[{"href":"https:\/\/agora.xtec.cat\/escolaprovencana\/wp-json\/wp\/v2\/posts"}],"about":[{"href":"https:\/\/agora.xtec.cat\/escolaprovencana\/wp-json\/wp\/v2\/types\/post"}],"author":[{"embeddable":true,"href":"https:\/\/agora.xtec.cat\/escolaprovencana\/wp-json\/wp\/v2\/users\/42"}],"replies":[{"embeddable":true,"href":"https:\/\/agora.xtec.cat\/escolaprovencana\/wp-json\/wp\/v2\/comments?post=4537"}],"version-history":[{"count":1,"href":"https:\/\/agora.xtec.cat\/escolaprovencana\/wp-json\/wp\/v2\/posts\/4537\/revisions"}],"predecessor-version":[{"id":4545,"href":"https:\/\/agora.xtec.cat\/escolaprovencana\/wp-json\/wp\/v2\/posts\/4537\/revisions\/4545"}],"wp:attachment":[{"href":"https:\/\/agora.xtec.cat\/escolaprovencana\/wp-json\/wp\/v2\/media?parent=4537"}],"wp:term":[{"taxonomy":"category","embeddable":true,"href":"https:\/\/agora.xtec.cat\/escolaprovencana\/wp-json\/wp\/v2\/categories?post=4537"},{"taxonomy":"post_tag","embeddable":true,"href":"https:\/\/agora.xtec.cat\/escolaprovencana\/wp-json\/wp\/v2\/tags?post=4537"}],"curies":[{"name":"wp","href":"https:\/\/api.w.org\/{rel}","templated":true}]}}