{"id":4524,"date":"2025-02-03T11:12:13","date_gmt":"2025-02-03T10:12:13","guid":{"rendered":"https:\/\/agora.xtec.cat\/escolaprovencana\/?p=4524"},"modified":"2025-02-03T11:14:58","modified_gmt":"2025-02-03T10:14:58","slug":"compte-enrere-cap-al-carnaval","status":"publish","type":"post","link":"https:\/\/agora.xtec.cat\/escolaprovencana\/afa\/compte-enrere-cap-al-carnaval\/","title":{"rendered":"Compte enrere cap al Carnaval!"},"content":{"rendered":"\n<p>Hola families! Aquest any per la rua de Carnestoltes la disfressa ser\u00e0 de Pac-Man! A trav\u00e8s del grup de delegades hem enviat un enlla\u00e7 del xat creat a WhatsApp on trobareu les instrucci\u00f3ns per confeccionar les disfresses. En breu, en aquest grup, us informarem de les dates per recollir la tela.<\/p>\n\n\n\n<figure class=\"wp-block-image size-medium is-style-default\"><a href=\"https:\/\/agora.xtec.cat\/escolaprovencana\/wp-content\/uploads\/usu2442\/2025\/02\/1fce7a31-02f8-4840-8f96-e56b9cddc601.jpg\"><img loading=\"lazy\" decoding=\"async\" width=\"300\" height=\"288\" src=\"https:\/\/agora.xtec.cat\/escolaprovencana\/wp-content\/uploads\/usu2442\/2025\/02\/1fce7a31-02f8-4840-8f96-e56b9cddc601-300x288.jpg\" alt=\"\" class=\"wp-image-4525\" srcset=\"https:\/\/agora.xtec.cat\/escolaprovencana\/wp-content\/uploads\/usu2442\/2025\/02\/1fce7a31-02f8-4840-8f96-e56b9cddc601-300x288.jpg 300w, https:\/\/agora.xtec.cat\/escolaprovencana\/wp-content\/uploads\/usu2442\/2025\/02\/1fce7a31-02f8-4840-8f96-e56b9cddc601.jpg 631w\" sizes=\"auto, (max-width: 300px) 100vw, 300px\" \/><\/a><\/figure>\n","protected":false},"excerpt":{"rendered":"<p>Hola families! Aquest any per la rua de Carnestoltes la disfressa ser\u00e0 de Pac-Man! A trav\u00e8s del grup de delegades hem enviat un enlla\u00e7 del xat creat a WhatsApp on trobareu les instrucci\u00f3ns per confeccionar les disfresses. En breu, en aquest grup, us informarem de&hellip;  <a href=\"https:\/\/agora.xtec.cat\/escolaprovencana\/afa\/compte-enrere-cap-al-carnaval\/\" title=\"Read Compte enrere cap al Carnaval!\">Llegeix m\u00e9s\u00bb<\/a><\/p>\n","protected":false},"author":50,"featured_media":0,"comment_status":"closed","ping_status":"closed","sticky":false,"template":"","format":"standard","meta":{"_bbp_topic_count":0,"_bbp_reply_count":0,"_bbp_total_topic_count":0,"_bbp_total_reply_count":0,"_bbp_voice_count":0,"_bbp_anonymous_reply_count":0,"_bbp_topic_count_hidden":0,"_bbp_reply_count_hidden":0,"_bbp_forum_subforum_count":0,"footnotes":""},"categories":[7],"tags":[130,131],"class_list":["post-4524","post","type-post","status-publish","format-standard","hentry","category-afa","tag-afa","tag-carnaval"],"post_mailing_queue_ids":[],"_links":{"self":[{"href":"https:\/\/agora.xtec.cat\/escolaprovencana\/wp-json\/wp\/v2\/posts\/4524","targetHints":{"allow":["GET"]}}],"collection":[{"href":"https:\/\/agora.xtec.cat\/escolaprovencana\/wp-json\/wp\/v2\/posts"}],"about":[{"href":"https:\/\/agora.xtec.cat\/escolaprovencana\/wp-json\/wp\/v2\/types\/post"}],"author":[{"embeddable":true,"href":"https:\/\/agora.xtec.cat\/escolaprovencana\/wp-json\/wp\/v2\/users\/50"}],"replies":[{"embeddable":true,"href":"https:\/\/agora.xtec.cat\/escolaprovencana\/wp-json\/wp\/v2\/comments?post=4524"}],"version-history":[{"count":2,"href":"https:\/\/agora.xtec.cat\/escolaprovencana\/wp-json\/wp\/v2\/posts\/4524\/revisions"}],"predecessor-version":[{"id":4527,"href":"https:\/\/agora.xtec.cat\/escolaprovencana\/wp-json\/wp\/v2\/posts\/4524\/revisions\/4527"}],"wp:attachment":[{"href":"https:\/\/agora.xtec.cat\/escolaprovencana\/wp-json\/wp\/v2\/media?parent=4524"}],"wp:term":[{"taxonomy":"category","embeddable":true,"href":"https:\/\/agora.xtec.cat\/escolaprovencana\/wp-json\/wp\/v2\/categories?post=4524"},{"taxonomy":"post_tag","embeddable":true,"href":"https:\/\/agora.xtec.cat\/escolaprovencana\/wp-json\/wp\/v2\/tags?post=4524"}],"curies":[{"name":"wp","href":"https:\/\/api.w.org\/{rel}","templated":true}]}}