{"id":4520,"date":"2025-01-31T16:23:54","date_gmt":"2025-01-31T15:23:54","guid":{"rendered":"https:\/\/agora.xtec.cat\/escolaprovencana\/?p=4520"},"modified":"2025-01-31T16:23:54","modified_gmt":"2025-01-31T15:23:54","slug":"30-de-gener-dia-de-la-pau-i-la-no-violencia","status":"publish","type":"post","link":"https:\/\/agora.xtec.cat\/escolaprovencana\/general\/30-de-gener-dia-de-la-pau-i-la-no-violencia\/","title":{"rendered":"30 de GENER: Dia de la Pau i la No Viol\u00e8ncia"},"content":{"rendered":"\n<p>Els infants de Cicle Inicial vam aprofitar el Dia de la Pau i la No Viol\u00e8ncia per reflexionar sobre com podr\u00edem contribuir a fer un m\u00f3n m\u00e9s just i m\u00e9s pac\u00edfic. Tamb\u00e9 ens va convidar a reflexionar sobre com podem construir un futur on les difer\u00e8ncies ens facin m\u00e9s forts i no ens separin.<\/p>\n\n\n\n<p>El nostre objectiu \u00e9s promoure el respecte, la solidaritat i la conviv\u00e8ncia a l&#8217;aula per poder fer un entorn m\u00e9s acollidor.<\/p>\n\n\n\n<p>Entre tots i totes vam dir quines accions, per petites que siguin, tenen un impacte en el nostre dia a dia. Com a individus tenim la clau per ser agents del canvi per combatre la viol\u00e8ncia i construir una societat millor.<\/p>\n\n\n\n<p>Esperem que us agradi com han quedat les nostres aules.<\/p>\n\n\n\n<p><\/p>\n\n\n\n<p>Cicle Inicial<\/p>\n\n\n\n<p> <\/p>\n\n\n\n<figure class=\"wp-block-image size-large\"><a href=\"https:\/\/agora.xtec.cat\/escolaprovencana\/wp-content\/uploads\/usu2442\/2025\/01\/IMG_6477-2-scaled.jpg\"><img loading=\"lazy\" decoding=\"async\" width=\"1024\" height=\"768\" src=\"https:\/\/agora.xtec.cat\/escolaprovencana\/wp-content\/uploads\/usu2442\/2025\/01\/IMG_6477-2-1024x768.jpg\" alt=\"\" class=\"wp-image-4522\" srcset=\"https:\/\/agora.xtec.cat\/escolaprovencana\/wp-content\/uploads\/usu2442\/2025\/01\/IMG_6477-2-1024x768.jpg 1024w, https:\/\/agora.xtec.cat\/escolaprovencana\/wp-content\/uploads\/usu2442\/2025\/01\/IMG_6477-2-300x225.jpg 300w, https:\/\/agora.xtec.cat\/escolaprovencana\/wp-content\/uploads\/usu2442\/2025\/01\/IMG_6477-2-768x576.jpg 768w, https:\/\/agora.xtec.cat\/escolaprovencana\/wp-content\/uploads\/usu2442\/2025\/01\/IMG_6477-2-1536x1152.jpg 1536w, https:\/\/agora.xtec.cat\/escolaprovencana\/wp-content\/uploads\/usu2442\/2025\/01\/IMG_6477-2-2048x1536.jpg 2048w, https:\/\/agora.xtec.cat\/escolaprovencana\/wp-content\/uploads\/usu2442\/2025\/01\/IMG_6477-2-200x150.jpg 200w\" sizes=\"auto, (max-width: 1024px) 100vw, 1024px\" \/><\/a><\/figure>\n\n\n\n<figure class=\"wp-block-image size-large\"><a href=\"https:\/\/agora.xtec.cat\/escolaprovencana\/wp-content\/uploads\/usu2442\/2025\/01\/IMG_6263-1-scaled.jpg\"><img loading=\"lazy\" decoding=\"async\" width=\"1024\" height=\"607\" src=\"https:\/\/agora.xtec.cat\/escolaprovencana\/wp-content\/uploads\/usu2442\/2025\/01\/IMG_6263-1-1024x607.jpg\" alt=\"\" class=\"wp-image-4521\" srcset=\"https:\/\/agora.xtec.cat\/escolaprovencana\/wp-content\/uploads\/usu2442\/2025\/01\/IMG_6263-1-1024x607.jpg 1024w, https:\/\/agora.xtec.cat\/escolaprovencana\/wp-content\/uploads\/usu2442\/2025\/01\/IMG_6263-1-300x178.jpg 300w, https:\/\/agora.xtec.cat\/escolaprovencana\/wp-content\/uploads\/usu2442\/2025\/01\/IMG_6263-1-768x455.jpg 768w, https:\/\/agora.xtec.cat\/escolaprovencana\/wp-content\/uploads\/usu2442\/2025\/01\/IMG_6263-1-1536x910.jpg 1536w, https:\/\/agora.xtec.cat\/escolaprovencana\/wp-content\/uploads\/usu2442\/2025\/01\/IMG_6263-1-2048x1213.jpg 2048w\" sizes=\"auto, (max-width: 1024px) 100vw, 1024px\" \/><\/a><\/figure>\n\n\n","protected":false},"excerpt":{"rendered":"<p>Els infants de Cicle Inicial vam aprofitar el Dia de la Pau i la No Viol\u00e8ncia per reflexionar sobre com podr\u00edem contribuir a fer un m\u00f3n m\u00e9s just i m\u00e9s pac\u00edfic. Tamb\u00e9 ens va convidar a reflexionar sobre com podem construir un futur on les&hellip;  <a href=\"https:\/\/agora.xtec.cat\/escolaprovencana\/general\/30-de-gener-dia-de-la-pau-i-la-no-violencia\/\" title=\"Read 30 de GENER: Dia de la Pau i la No Viol\u00e8ncia\">Llegeix m\u00e9s\u00bb<\/a><\/p>\n","protected":false},"author":42,"featured_media":0,"comment_status":"closed","ping_status":"closed","sticky":false,"template":"","format":"standard","meta":{"_bbp_topic_count":0,"_bbp_reply_count":0,"_bbp_total_topic_count":0,"_bbp_total_reply_count":0,"_bbp_voice_count":0,"_bbp_anonymous_reply_count":0,"_bbp_topic_count_hidden":0,"_bbp_reply_count_hidden":0,"_bbp_forum_subforum_count":0,"footnotes":""},"categories":[10,11,1],"tags":[],"class_list":["post-4520","post","type-post","status-publish","format-standard","hentry","category-1r","category-2n","category-general"],"post_mailing_queue_ids":[],"_links":{"self":[{"href":"https:\/\/agora.xtec.cat\/escolaprovencana\/wp-json\/wp\/v2\/posts\/4520","targetHints":{"allow":["GET"]}}],"collection":[{"href":"https:\/\/agora.xtec.cat\/escolaprovencana\/wp-json\/wp\/v2\/posts"}],"about":[{"href":"https:\/\/agora.xtec.cat\/escolaprovencana\/wp-json\/wp\/v2\/types\/post"}],"author":[{"embeddable":true,"href":"https:\/\/agora.xtec.cat\/escolaprovencana\/wp-json\/wp\/v2\/users\/42"}],"replies":[{"embeddable":true,"href":"https:\/\/agora.xtec.cat\/escolaprovencana\/wp-json\/wp\/v2\/comments?post=4520"}],"version-history":[{"count":1,"href":"https:\/\/agora.xtec.cat\/escolaprovencana\/wp-json\/wp\/v2\/posts\/4520\/revisions"}],"predecessor-version":[{"id":4523,"href":"https:\/\/agora.xtec.cat\/escolaprovencana\/wp-json\/wp\/v2\/posts\/4520\/revisions\/4523"}],"wp:attachment":[{"href":"https:\/\/agora.xtec.cat\/escolaprovencana\/wp-json\/wp\/v2\/media?parent=4520"}],"wp:term":[{"taxonomy":"category","embeddable":true,"href":"https:\/\/agora.xtec.cat\/escolaprovencana\/wp-json\/wp\/v2\/categories?post=4520"},{"taxonomy":"post_tag","embeddable":true,"href":"https:\/\/agora.xtec.cat\/escolaprovencana\/wp-json\/wp\/v2\/tags?post=4520"}],"curies":[{"name":"wp","href":"https:\/\/api.w.org\/{rel}","templated":true}]}}