{"id":4511,"date":"2025-01-30T21:56:55","date_gmt":"2025-01-30T20:56:55","guid":{"rendered":"https:\/\/agora.xtec.cat\/escolaprovencana\/?p=4511"},"modified":"2025-01-30T21:56:55","modified_gmt":"2025-01-30T20:56:55","slug":"dia-de-la-pau-i-la-no-violencia","status":"publish","type":"post","link":"https:\/\/agora.xtec.cat\/escolaprovencana\/general\/dia-de-la-pau-i-la-no-violencia\/","title":{"rendered":"DIA DE LA PAU I LA NO VIOL\u00c8NCIA"},"content":{"rendered":"\n<p>Els i les alumnes de 3r i 4t pel dia de la Pau, hem creat un penjoll de la pau i l\u2019amistat. Hem reflexionat sobre qu\u00e8 fem cada dia per tenir cura de la pau dins de la nostra fam\u00edlia, entre les nostres amistats i amb nosaltres mateixos\/es.&nbsp;<\/p>\n\n\n\n<p>Les grans guerres, que actualment tenim al nostre m\u00f3n, malauradament no les podem arreglar nosaltres des d\u2019aqu\u00ed. Per\u00f2, s\u00ed que podem crear al nostre voltant un clima que afavoreixi la pau i la conviv\u00e8ncia. Hem deixat const\u00e0ncia de les nostres reflexions en aquest penjoll per anar-ho recordant i treballant dia a dia.\u00a0<\/p>\n\n\n\n<p>Com podeu veure, ens han quedat uns penjolls molt bonics i decorats.<\/p>\n\n\n\n<figure class=\"wp-block-image size-large\"><a href=\"https:\/\/agora.xtec.cat\/escolaprovencana\/wp-content\/uploads\/usu2442\/2025\/01\/3B22D106-96B7-422E-85F1-BB86868E33F2-scaled.jpeg\"><img loading=\"lazy\" decoding=\"async\" width=\"1024\" height=\"768\" src=\"https:\/\/agora.xtec.cat\/escolaprovencana\/wp-content\/uploads\/usu2442\/2025\/01\/3B22D106-96B7-422E-85F1-BB86868E33F2-1024x768.jpeg\" alt=\"\" class=\"wp-image-4514\" srcset=\"https:\/\/agora.xtec.cat\/escolaprovencana\/wp-content\/uploads\/usu2442\/2025\/01\/3B22D106-96B7-422E-85F1-BB86868E33F2-1024x768.jpeg 1024w, https:\/\/agora.xtec.cat\/escolaprovencana\/wp-content\/uploads\/usu2442\/2025\/01\/3B22D106-96B7-422E-85F1-BB86868E33F2-300x225.jpeg 300w, https:\/\/agora.xtec.cat\/escolaprovencana\/wp-content\/uploads\/usu2442\/2025\/01\/3B22D106-96B7-422E-85F1-BB86868E33F2-768x576.jpeg 768w, https:\/\/agora.xtec.cat\/escolaprovencana\/wp-content\/uploads\/usu2442\/2025\/01\/3B22D106-96B7-422E-85F1-BB86868E33F2-1536x1152.jpeg 1536w, https:\/\/agora.xtec.cat\/escolaprovencana\/wp-content\/uploads\/usu2442\/2025\/01\/3B22D106-96B7-422E-85F1-BB86868E33F2-2048x1536.jpeg 2048w, https:\/\/agora.xtec.cat\/escolaprovencana\/wp-content\/uploads\/usu2442\/2025\/01\/3B22D106-96B7-422E-85F1-BB86868E33F2-200x150.jpeg 200w\" sizes=\"auto, (max-width: 1024px) 100vw, 1024px\" \/><\/a><\/figure>\n\n\n\n<figure class=\"wp-block-image size-large\"><a href=\"https:\/\/agora.xtec.cat\/escolaprovencana\/wp-content\/uploads\/usu2442\/2025\/01\/83E20CCA-9488-44BF-BFCC-54F5E0AA41B7-scaled.jpeg\"><img loading=\"lazy\" decoding=\"async\" width=\"1024\" height=\"768\" src=\"https:\/\/agora.xtec.cat\/escolaprovencana\/wp-content\/uploads\/usu2442\/2025\/01\/83E20CCA-9488-44BF-BFCC-54F5E0AA41B7-1024x768.jpeg\" alt=\"\" class=\"wp-image-4515\" srcset=\"https:\/\/agora.xtec.cat\/escolaprovencana\/wp-content\/uploads\/usu2442\/2025\/01\/83E20CCA-9488-44BF-BFCC-54F5E0AA41B7-1024x768.jpeg 1024w, https:\/\/agora.xtec.cat\/escolaprovencana\/wp-content\/uploads\/usu2442\/2025\/01\/83E20CCA-9488-44BF-BFCC-54F5E0AA41B7-300x225.jpeg 300w, https:\/\/agora.xtec.cat\/escolaprovencana\/wp-content\/uploads\/usu2442\/2025\/01\/83E20CCA-9488-44BF-BFCC-54F5E0AA41B7-768x576.jpeg 768w, https:\/\/agora.xtec.cat\/escolaprovencana\/wp-content\/uploads\/usu2442\/2025\/01\/83E20CCA-9488-44BF-BFCC-54F5E0AA41B7-1536x1152.jpeg 1536w, https:\/\/agora.xtec.cat\/escolaprovencana\/wp-content\/uploads\/usu2442\/2025\/01\/83E20CCA-9488-44BF-BFCC-54F5E0AA41B7-2048x1536.jpeg 2048w, https:\/\/agora.xtec.cat\/escolaprovencana\/wp-content\/uploads\/usu2442\/2025\/01\/83E20CCA-9488-44BF-BFCC-54F5E0AA41B7-200x150.jpeg 200w\" sizes=\"auto, (max-width: 1024px) 100vw, 1024px\" \/><\/a><\/figure>\n\n\n\n<figure class=\"wp-block-image size-large\"><a href=\"https:\/\/agora.xtec.cat\/escolaprovencana\/wp-content\/uploads\/usu2442\/2025\/01\/B429634D-649C-47DA-9C2C-AFC5B151E3C6-scaled.jpeg\"><img loading=\"lazy\" decoding=\"async\" width=\"1024\" height=\"768\" src=\"https:\/\/agora.xtec.cat\/escolaprovencana\/wp-content\/uploads\/usu2442\/2025\/01\/B429634D-649C-47DA-9C2C-AFC5B151E3C6-1024x768.jpeg\" alt=\"\" class=\"wp-image-4516\" srcset=\"https:\/\/agora.xtec.cat\/escolaprovencana\/wp-content\/uploads\/usu2442\/2025\/01\/B429634D-649C-47DA-9C2C-AFC5B151E3C6-1024x768.jpeg 1024w, https:\/\/agora.xtec.cat\/escolaprovencana\/wp-content\/uploads\/usu2442\/2025\/01\/B429634D-649C-47DA-9C2C-AFC5B151E3C6-300x225.jpeg 300w, https:\/\/agora.xtec.cat\/escolaprovencana\/wp-content\/uploads\/usu2442\/2025\/01\/B429634D-649C-47DA-9C2C-AFC5B151E3C6-768x576.jpeg 768w, https:\/\/agora.xtec.cat\/escolaprovencana\/wp-content\/uploads\/usu2442\/2025\/01\/B429634D-649C-47DA-9C2C-AFC5B151E3C6-1536x1152.jpeg 1536w, https:\/\/agora.xtec.cat\/escolaprovencana\/wp-content\/uploads\/usu2442\/2025\/01\/B429634D-649C-47DA-9C2C-AFC5B151E3C6-2048x1536.jpeg 2048w, https:\/\/agora.xtec.cat\/escolaprovencana\/wp-content\/uploads\/usu2442\/2025\/01\/B429634D-649C-47DA-9C2C-AFC5B151E3C6-200x150.jpeg 200w\" sizes=\"auto, (max-width: 1024px) 100vw, 1024px\" \/><\/a><\/figure>\n\n\n\n<figure class=\"wp-block-image size-large\"><a href=\"https:\/\/agora.xtec.cat\/escolaprovencana\/wp-content\/uploads\/usu2442\/2025\/01\/WhatsApp-Image-2025-01-30-at-21.19.20.jpeg\"><img loading=\"lazy\" decoding=\"async\" width=\"1024\" height=\"768\" src=\"https:\/\/agora.xtec.cat\/escolaprovencana\/wp-content\/uploads\/usu2442\/2025\/01\/WhatsApp-Image-2025-01-30-at-21.19.20-1024x768.jpeg\" alt=\"\" class=\"wp-image-4513\" srcset=\"https:\/\/agora.xtec.cat\/escolaprovencana\/wp-content\/uploads\/usu2442\/2025\/01\/WhatsApp-Image-2025-01-30-at-21.19.20-1024x768.jpeg 1024w, https:\/\/agora.xtec.cat\/escolaprovencana\/wp-content\/uploads\/usu2442\/2025\/01\/WhatsApp-Image-2025-01-30-at-21.19.20-300x225.jpeg 300w, https:\/\/agora.xtec.cat\/escolaprovencana\/wp-content\/uploads\/usu2442\/2025\/01\/WhatsApp-Image-2025-01-30-at-21.19.20-768x576.jpeg 768w, https:\/\/agora.xtec.cat\/escolaprovencana\/wp-content\/uploads\/usu2442\/2025\/01\/WhatsApp-Image-2025-01-30-at-21.19.20-1536x1152.jpeg 1536w, https:\/\/agora.xtec.cat\/escolaprovencana\/wp-content\/uploads\/usu2442\/2025\/01\/WhatsApp-Image-2025-01-30-at-21.19.20-200x150.jpeg 200w, https:\/\/agora.xtec.cat\/escolaprovencana\/wp-content\/uploads\/usu2442\/2025\/01\/WhatsApp-Image-2025-01-30-at-21.19.20.jpeg 1600w\" sizes=\"auto, (max-width: 1024px) 100vw, 1024px\" \/><\/a><\/figure>\n\n\n\n<figure class=\"wp-block-image size-large\"><a href=\"https:\/\/agora.xtec.cat\/escolaprovencana\/wp-content\/uploads\/usu2442\/2025\/01\/WhatsApp-Image-2025-01-30-at-21.18.05.jpeg\"><img loading=\"lazy\" decoding=\"async\" width=\"1024\" height=\"768\" src=\"https:\/\/agora.xtec.cat\/escolaprovencana\/wp-content\/uploads\/usu2442\/2025\/01\/WhatsApp-Image-2025-01-30-at-21.18.05-1024x768.jpeg\" alt=\"\" class=\"wp-image-4512\" srcset=\"https:\/\/agora.xtec.cat\/escolaprovencana\/wp-content\/uploads\/usu2442\/2025\/01\/WhatsApp-Image-2025-01-30-at-21.18.05-1024x768.jpeg 1024w, https:\/\/agora.xtec.cat\/escolaprovencana\/wp-content\/uploads\/usu2442\/2025\/01\/WhatsApp-Image-2025-01-30-at-21.18.05-300x225.jpeg 300w, https:\/\/agora.xtec.cat\/escolaprovencana\/wp-content\/uploads\/usu2442\/2025\/01\/WhatsApp-Image-2025-01-30-at-21.18.05-768x576.jpeg 768w, https:\/\/agora.xtec.cat\/escolaprovencana\/wp-content\/uploads\/usu2442\/2025\/01\/WhatsApp-Image-2025-01-30-at-21.18.05-1536x1152.jpeg 1536w, https:\/\/agora.xtec.cat\/escolaprovencana\/wp-content\/uploads\/usu2442\/2025\/01\/WhatsApp-Image-2025-01-30-at-21.18.05-200x150.jpeg 200w, https:\/\/agora.xtec.cat\/escolaprovencana\/wp-content\/uploads\/usu2442\/2025\/01\/WhatsApp-Image-2025-01-30-at-21.18.05.jpeg 1600w\" sizes=\"auto, (max-width: 1024px) 100vw, 1024px\" \/><\/a><\/figure>\n","protected":false},"excerpt":{"rendered":"<p>Els i les alumnes de 3r i 4t pel dia de la Pau, hem creat un penjoll de la pau i l\u2019amistat. Hem reflexionat sobre qu\u00e8 fem cada dia per tenir cura de la pau dins de la nostra fam\u00edlia, entre les nostres amistats i&hellip;  <a href=\"https:\/\/agora.xtec.cat\/escolaprovencana\/general\/dia-de-la-pau-i-la-no-violencia\/\" title=\"Read DIA DE LA PAU I LA NO VIOL\u00c8NCIA\">Llegeix m\u00e9s\u00bb<\/a><\/p>\n","protected":false},"author":44,"featured_media":0,"comment_status":"closed","ping_status":"closed","sticky":false,"template":"","format":"standard","meta":{"_bbp_topic_count":0,"_bbp_reply_count":0,"_bbp_total_topic_count":0,"_bbp_total_reply_count":0,"_bbp_voice_count":0,"_bbp_anonymous_reply_count":0,"_bbp_topic_count_hidden":0,"_bbp_reply_count_hidden":0,"_bbp_forum_subforum_count":0,"footnotes":""},"categories":[12,13,1],"tags":[],"class_list":["post-4511","post","type-post","status-publish","format-standard","hentry","category-3r","category-4t","category-general"],"post_mailing_queue_ids":[],"_links":{"self":[{"href":"https:\/\/agora.xtec.cat\/escolaprovencana\/wp-json\/wp\/v2\/posts\/4511","targetHints":{"allow":["GET"]}}],"collection":[{"href":"https:\/\/agora.xtec.cat\/escolaprovencana\/wp-json\/wp\/v2\/posts"}],"about":[{"href":"https:\/\/agora.xtec.cat\/escolaprovencana\/wp-json\/wp\/v2\/types\/post"}],"author":[{"embeddable":true,"href":"https:\/\/agora.xtec.cat\/escolaprovencana\/wp-json\/wp\/v2\/users\/44"}],"replies":[{"embeddable":true,"href":"https:\/\/agora.xtec.cat\/escolaprovencana\/wp-json\/wp\/v2\/comments?post=4511"}],"version-history":[{"count":1,"href":"https:\/\/agora.xtec.cat\/escolaprovencana\/wp-json\/wp\/v2\/posts\/4511\/revisions"}],"predecessor-version":[{"id":4517,"href":"https:\/\/agora.xtec.cat\/escolaprovencana\/wp-json\/wp\/v2\/posts\/4511\/revisions\/4517"}],"wp:attachment":[{"href":"https:\/\/agora.xtec.cat\/escolaprovencana\/wp-json\/wp\/v2\/media?parent=4511"}],"wp:term":[{"taxonomy":"category","embeddable":true,"href":"https:\/\/agora.xtec.cat\/escolaprovencana\/wp-json\/wp\/v2\/categories?post=4511"},{"taxonomy":"post_tag","embeddable":true,"href":"https:\/\/agora.xtec.cat\/escolaprovencana\/wp-json\/wp\/v2\/tags?post=4511"}],"curies":[{"name":"wp","href":"https:\/\/api.w.org\/{rel}","templated":true}]}}