{"id":4504,"date":"2025-01-30T21:24:30","date_gmt":"2025-01-30T20:24:30","guid":{"rendered":"https:\/\/agora.xtec.cat\/escolaprovencana\/?p=4504"},"modified":"2025-01-30T21:24:31","modified_gmt":"2025-01-30T20:24:31","slug":"ser-civic-es-guai","status":"publish","type":"post","link":"https:\/\/agora.xtec.cat\/escolaprovencana\/general\/ser-civic-es-guai\/","title":{"rendered":"Ser c\u00edvic \u00e9s guai!"},"content":{"rendered":"\n<p>El dilluns 27 de gener, els alumnes de 3r van participar en el taller &#8220;Ser c\u00edvic \u00e9s guai!!&#8221;. Van rebre la visita de dos agents c\u00edvics, que els van ensenyar com ser uns bons ciutadadans i tenir una bona conducta. A trav\u00e9s d&#8217;una xerrada i un divertit joc de preguntes per grups, van aprendre la import\u00e0ncia de respectar les normes, cuidar l&#8217;entorn i conviure amb els altres de manera responsable.<\/p>\n\n\n\n<figure class=\"wp-block-image size-large\"><a href=\"https:\/\/agora.xtec.cat\/escolaprovencana\/wp-content\/uploads\/usu2442\/2025\/01\/DDCED53C-01C5-4D90-A748-AC1EE617B51B-1-scaled.jpeg\"><img loading=\"lazy\" decoding=\"async\" width=\"1024\" height=\"768\" src=\"https:\/\/agora.xtec.cat\/escolaprovencana\/wp-content\/uploads\/usu2442\/2025\/01\/DDCED53C-01C5-4D90-A748-AC1EE617B51B-1-1024x768.jpeg\" alt=\"\" class=\"wp-image-4505\" srcset=\"https:\/\/agora.xtec.cat\/escolaprovencana\/wp-content\/uploads\/usu2442\/2025\/01\/DDCED53C-01C5-4D90-A748-AC1EE617B51B-1-1024x768.jpeg 1024w, https:\/\/agora.xtec.cat\/escolaprovencana\/wp-content\/uploads\/usu2442\/2025\/01\/DDCED53C-01C5-4D90-A748-AC1EE617B51B-1-300x225.jpeg 300w, https:\/\/agora.xtec.cat\/escolaprovencana\/wp-content\/uploads\/usu2442\/2025\/01\/DDCED53C-01C5-4D90-A748-AC1EE617B51B-1-768x576.jpeg 768w, https:\/\/agora.xtec.cat\/escolaprovencana\/wp-content\/uploads\/usu2442\/2025\/01\/DDCED53C-01C5-4D90-A748-AC1EE617B51B-1-1536x1152.jpeg 1536w, https:\/\/agora.xtec.cat\/escolaprovencana\/wp-content\/uploads\/usu2442\/2025\/01\/DDCED53C-01C5-4D90-A748-AC1EE617B51B-1-2048x1536.jpeg 2048w, https:\/\/agora.xtec.cat\/escolaprovencana\/wp-content\/uploads\/usu2442\/2025\/01\/DDCED53C-01C5-4D90-A748-AC1EE617B51B-1-200x150.jpeg 200w\" sizes=\"auto, (max-width: 1024px) 100vw, 1024px\" \/><\/a><\/figure>\n\n\n\n<figure class=\"wp-block-image size-large\"><a href=\"https:\/\/agora.xtec.cat\/escolaprovencana\/wp-content\/uploads\/usu2442\/2025\/01\/A9370726-B7B5-46A4-91B0-E8D48B6648A0-1-1-scaled.jpeg\"><img loading=\"lazy\" decoding=\"async\" width=\"1024\" height=\"768\" src=\"https:\/\/agora.xtec.cat\/escolaprovencana\/wp-content\/uploads\/usu2442\/2025\/01\/A9370726-B7B5-46A4-91B0-E8D48B6648A0-1-1-1024x768.jpeg\" alt=\"\" class=\"wp-image-4506\" srcset=\"https:\/\/agora.xtec.cat\/escolaprovencana\/wp-content\/uploads\/usu2442\/2025\/01\/A9370726-B7B5-46A4-91B0-E8D48B6648A0-1-1-1024x768.jpeg 1024w, https:\/\/agora.xtec.cat\/escolaprovencana\/wp-content\/uploads\/usu2442\/2025\/01\/A9370726-B7B5-46A4-91B0-E8D48B6648A0-1-1-300x225.jpeg 300w, https:\/\/agora.xtec.cat\/escolaprovencana\/wp-content\/uploads\/usu2442\/2025\/01\/A9370726-B7B5-46A4-91B0-E8D48B6648A0-1-1-768x576.jpeg 768w, https:\/\/agora.xtec.cat\/escolaprovencana\/wp-content\/uploads\/usu2442\/2025\/01\/A9370726-B7B5-46A4-91B0-E8D48B6648A0-1-1-1536x1152.jpeg 1536w, https:\/\/agora.xtec.cat\/escolaprovencana\/wp-content\/uploads\/usu2442\/2025\/01\/A9370726-B7B5-46A4-91B0-E8D48B6648A0-1-1-2048x1536.jpeg 2048w, https:\/\/agora.xtec.cat\/escolaprovencana\/wp-content\/uploads\/usu2442\/2025\/01\/A9370726-B7B5-46A4-91B0-E8D48B6648A0-1-1-200x150.jpeg 200w\" sizes=\"auto, (max-width: 1024px) 100vw, 1024px\" \/><\/a><\/figure>\n\n\n\n<figure class=\"wp-block-image size-large\"><a href=\"https:\/\/agora.xtec.cat\/escolaprovencana\/wp-content\/uploads\/usu2442\/2025\/01\/534DFA57-4ABB-4BA0-9F0B-DE7BBCFFF7F7-scaled.jpeg\"><img loading=\"lazy\" decoding=\"async\" width=\"1024\" height=\"768\" src=\"https:\/\/agora.xtec.cat\/escolaprovencana\/wp-content\/uploads\/usu2442\/2025\/01\/534DFA57-4ABB-4BA0-9F0B-DE7BBCFFF7F7-1024x768.jpeg\" alt=\"\" class=\"wp-image-4507\" srcset=\"https:\/\/agora.xtec.cat\/escolaprovencana\/wp-content\/uploads\/usu2442\/2025\/01\/534DFA57-4ABB-4BA0-9F0B-DE7BBCFFF7F7-1024x768.jpeg 1024w, https:\/\/agora.xtec.cat\/escolaprovencana\/wp-content\/uploads\/usu2442\/2025\/01\/534DFA57-4ABB-4BA0-9F0B-DE7BBCFFF7F7-300x225.jpeg 300w, https:\/\/agora.xtec.cat\/escolaprovencana\/wp-content\/uploads\/usu2442\/2025\/01\/534DFA57-4ABB-4BA0-9F0B-DE7BBCFFF7F7-768x576.jpeg 768w, https:\/\/agora.xtec.cat\/escolaprovencana\/wp-content\/uploads\/usu2442\/2025\/01\/534DFA57-4ABB-4BA0-9F0B-DE7BBCFFF7F7-1536x1152.jpeg 1536w, https:\/\/agora.xtec.cat\/escolaprovencana\/wp-content\/uploads\/usu2442\/2025\/01\/534DFA57-4ABB-4BA0-9F0B-DE7BBCFFF7F7-2048x1536.jpeg 2048w, https:\/\/agora.xtec.cat\/escolaprovencana\/wp-content\/uploads\/usu2442\/2025\/01\/534DFA57-4ABB-4BA0-9F0B-DE7BBCFFF7F7-200x150.jpeg 200w\" sizes=\"auto, (max-width: 1024px) 100vw, 1024px\" \/><\/a><\/figure>\n\n\n\n\n\n<figure class=\"wp-block-image size-large\"><a href=\"https:\/\/agora.xtec.cat\/escolaprovencana\/wp-content\/uploads\/usu2442\/2025\/01\/428AFDD3-F69C-45C0-981B-3AF07B55DF93-1-scaled.jpeg\"><img loading=\"lazy\" decoding=\"async\" width=\"768\" height=\"1024\" src=\"https:\/\/agora.xtec.cat\/escolaprovencana\/wp-content\/uploads\/usu2442\/2025\/01\/428AFDD3-F69C-45C0-981B-3AF07B55DF93-1-768x1024.jpeg\" alt=\"\" class=\"wp-image-4509\" srcset=\"https:\/\/agora.xtec.cat\/escolaprovencana\/wp-content\/uploads\/usu2442\/2025\/01\/428AFDD3-F69C-45C0-981B-3AF07B55DF93-1-768x1024.jpeg 768w, https:\/\/agora.xtec.cat\/escolaprovencana\/wp-content\/uploads\/usu2442\/2025\/01\/428AFDD3-F69C-45C0-981B-3AF07B55DF93-1-225x300.jpeg 225w, https:\/\/agora.xtec.cat\/escolaprovencana\/wp-content\/uploads\/usu2442\/2025\/01\/428AFDD3-F69C-45C0-981B-3AF07B55DF93-1-1152x1536.jpeg 1152w, https:\/\/agora.xtec.cat\/escolaprovencana\/wp-content\/uploads\/usu2442\/2025\/01\/428AFDD3-F69C-45C0-981B-3AF07B55DF93-1-1536x2048.jpeg 1536w, https:\/\/agora.xtec.cat\/escolaprovencana\/wp-content\/uploads\/usu2442\/2025\/01\/428AFDD3-F69C-45C0-981B-3AF07B55DF93-1-scaled.jpeg 1920w\" sizes=\"auto, (max-width: 768px) 100vw, 768px\" \/><\/a><\/figure>\n","protected":false},"excerpt":{"rendered":"<p>El dilluns 27 de gener, els alumnes de 3r van participar en el taller &#8220;Ser c\u00edvic \u00e9s guai!!&#8221;. Van rebre la visita de dos agents c\u00edvics, que els van ensenyar com ser uns bons ciutadadans i tenir una bona conducta. A trav\u00e9s d&#8217;una xerrada i&hellip;  <a href=\"https:\/\/agora.xtec.cat\/escolaprovencana\/general\/ser-civic-es-guai\/\" title=\"Read Ser c\u00edvic \u00e9s guai!\">Llegeix m\u00e9s\u00bb<\/a><\/p>\n","protected":false},"author":44,"featured_media":0,"comment_status":"closed","ping_status":"closed","sticky":false,"template":"","format":"standard","meta":{"_bbp_topic_count":0,"_bbp_reply_count":0,"_bbp_total_topic_count":0,"_bbp_total_reply_count":0,"_bbp_voice_count":0,"_bbp_anonymous_reply_count":0,"_bbp_topic_count_hidden":0,"_bbp_reply_count_hidden":0,"_bbp_forum_subforum_count":0,"footnotes":""},"categories":[12,1],"tags":[],"class_list":["post-4504","post","type-post","status-publish","format-standard","hentry","category-3r","category-general"],"post_mailing_queue_ids":[],"_links":{"self":[{"href":"https:\/\/agora.xtec.cat\/escolaprovencana\/wp-json\/wp\/v2\/posts\/4504","targetHints":{"allow":["GET"]}}],"collection":[{"href":"https:\/\/agora.xtec.cat\/escolaprovencana\/wp-json\/wp\/v2\/posts"}],"about":[{"href":"https:\/\/agora.xtec.cat\/escolaprovencana\/wp-json\/wp\/v2\/types\/post"}],"author":[{"embeddable":true,"href":"https:\/\/agora.xtec.cat\/escolaprovencana\/wp-json\/wp\/v2\/users\/44"}],"replies":[{"embeddable":true,"href":"https:\/\/agora.xtec.cat\/escolaprovencana\/wp-json\/wp\/v2\/comments?post=4504"}],"version-history":[{"count":1,"href":"https:\/\/agora.xtec.cat\/escolaprovencana\/wp-json\/wp\/v2\/posts\/4504\/revisions"}],"predecessor-version":[{"id":4510,"href":"https:\/\/agora.xtec.cat\/escolaprovencana\/wp-json\/wp\/v2\/posts\/4504\/revisions\/4510"}],"wp:attachment":[{"href":"https:\/\/agora.xtec.cat\/escolaprovencana\/wp-json\/wp\/v2\/media?parent=4504"}],"wp:term":[{"taxonomy":"category","embeddable":true,"href":"https:\/\/agora.xtec.cat\/escolaprovencana\/wp-json\/wp\/v2\/categories?post=4504"},{"taxonomy":"post_tag","embeddable":true,"href":"https:\/\/agora.xtec.cat\/escolaprovencana\/wp-json\/wp\/v2\/tags?post=4504"}],"curies":[{"name":"wp","href":"https:\/\/api.w.org\/{rel}","templated":true}]}}