{"id":4448,"date":"2025-01-15T21:07:38","date_gmt":"2025-01-15T20:07:38","guid":{"rendered":"https:\/\/agora.xtec.cat\/escolaprovencana\/?p=4448"},"modified":"2025-01-15T21:17:53","modified_gmt":"2025-01-15T20:17:53","slug":"rua-carnestoltes-2025","status":"publish","type":"post","link":"https:\/\/agora.xtec.cat\/escolaprovencana\/afa\/rua-carnestoltes-2025\/","title":{"rendered":"L&#8217;AFA Proven\u00e7ana tamb\u00e9 surt al barri"},"content":{"rendered":"\n<p class=\"has-vivid-red-color has-text-color has-link-color has-large-font-size wp-elements-16aae9fbe0fd0b7c347eb4e47b205977\"><strong>Rua Carnestoltes 2025<\/strong><\/p>\n\n\n\n<p>Hola families!<\/p>\n\n\n\n<p>S&#8217;acosta Carnestoltes, i com cada any sortirem a la rua del barri del dia 01\/03\/25. Per tal de preparar les disfresses necessitem saber la previsi\u00f3 de gent que participar\u00e0. Per aquest motiu, us animem a respondre l&#8217;enquesta que trobareu a l&#8217;app de l&#8217;AFA i aix\u00ed poder comen\u00e7ar a fer feina.<\/p>\n\n\n\n<p>Animeu-vos a venir i passar-ho b\u00e9!!<\/p>\n\n\n\n<figure class=\"wp-block-image size-full\"><a href=\"https:\/\/agora.xtec.cat\/escolaprovencana\/wp-content\/uploads\/usu2442\/2025\/01\/CARNESTOLTES-2025.jpg\"><img loading=\"lazy\" decoding=\"async\" width=\"756\" height=\"446\" src=\"https:\/\/agora.xtec.cat\/escolaprovencana\/wp-content\/uploads\/usu2442\/2025\/01\/CARNESTOLTES-2025.jpg\" alt=\"\" class=\"wp-image-4450\" srcset=\"https:\/\/agora.xtec.cat\/escolaprovencana\/wp-content\/uploads\/usu2442\/2025\/01\/CARNESTOLTES-2025.jpg 756w, https:\/\/agora.xtec.cat\/escolaprovencana\/wp-content\/uploads\/usu2442\/2025\/01\/CARNESTOLTES-2025-300x177.jpg 300w\" sizes=\"auto, (max-width: 756px) 100vw, 756px\" \/><\/a><\/figure>\n\n\n\n<p>I una mica d&#8217;hist\u00f2ria&#8230; <\/p>\n\n\n\n<p>El carnaval \u00e9s una de les festes m\u00e9s populars arreu del m\u00f3n. Cronol\u00f2gicament precedeix l&#8217;austeritat i la penit\u00e8ncia de la quaresma.&nbsp;Comen\u00e7a el dijous gras o llarder i acaba amb l&#8217;enterrament de la sardina o tamb\u00e9, com a molts pobles, amb la crema o enterrament del Carnestoltes, el dimarts de carnaval. El dia seg\u00fcent es dimecres de cendra, primer dia de quaresma (falten quaranta dies per Pasqua). El carnaval &#8220;carnem levare&#8221; o treure la carn, en refer\u00e8ncia al desdejuni, ja el celebraven egipcis, jueus, grecs, en les saturnals romanes.<\/p>\n\n\n\n<p>A les nostres comarques el carnaval s&#8217;anomena carnestoltes, que significa &#8220;carnes tollendas&#8221; o carns suprimides amb clara al\u00b7lusi\u00f3 a l&#8217;inici del dejuni.<\/p>\n","protected":false},"excerpt":{"rendered":"<p>Rua Carnestoltes 2025<\/p>\n<p>Hola families!<\/p>\n<p>S&#8217;acosta Carnestoltes, i com cada any sortirem a la rua del barri del dia 01\/03\/25. Per tal de preparar les disfresses necessitem saber la previsi\u00f3 de gent que participar\u00e0. Per aquest motiu, us animem a respondre l&#8217;enquesta que trobareu a l&#8217;app de&hellip;  <a href=\"https:\/\/agora.xtec.cat\/escolaprovencana\/afa\/rua-carnestoltes-2025\/\" title=\"Read L&#8217;AFA Proven\u00e7ana tamb\u00e9 surt al barri\">Llegeix m\u00e9s\u00bb<\/a><\/p>\n","protected":false},"author":50,"featured_media":0,"comment_status":"closed","ping_status":"closed","sticky":false,"template":"","format":"standard","meta":{"_bbp_topic_count":0,"_bbp_reply_count":0,"_bbp_total_topic_count":0,"_bbp_total_reply_count":0,"_bbp_voice_count":0,"_bbp_anonymous_reply_count":0,"_bbp_topic_count_hidden":0,"_bbp_reply_count_hidden":0,"_bbp_forum_subforum_count":0,"footnotes":""},"categories":[7],"tags":[],"class_list":["post-4448","post","type-post","status-publish","format-standard","hentry","category-afa"],"post_mailing_queue_ids":[],"_links":{"self":[{"href":"https:\/\/agora.xtec.cat\/escolaprovencana\/wp-json\/wp\/v2\/posts\/4448","targetHints":{"allow":["GET"]}}],"collection":[{"href":"https:\/\/agora.xtec.cat\/escolaprovencana\/wp-json\/wp\/v2\/posts"}],"about":[{"href":"https:\/\/agora.xtec.cat\/escolaprovencana\/wp-json\/wp\/v2\/types\/post"}],"author":[{"embeddable":true,"href":"https:\/\/agora.xtec.cat\/escolaprovencana\/wp-json\/wp\/v2\/users\/50"}],"replies":[{"embeddable":true,"href":"https:\/\/agora.xtec.cat\/escolaprovencana\/wp-json\/wp\/v2\/comments?post=4448"}],"version-history":[{"count":3,"href":"https:\/\/agora.xtec.cat\/escolaprovencana\/wp-json\/wp\/v2\/posts\/4448\/revisions"}],"predecessor-version":[{"id":4453,"href":"https:\/\/agora.xtec.cat\/escolaprovencana\/wp-json\/wp\/v2\/posts\/4448\/revisions\/4453"}],"wp:attachment":[{"href":"https:\/\/agora.xtec.cat\/escolaprovencana\/wp-json\/wp\/v2\/media?parent=4448"}],"wp:term":[{"taxonomy":"category","embeddable":true,"href":"https:\/\/agora.xtec.cat\/escolaprovencana\/wp-json\/wp\/v2\/categories?post=4448"},{"taxonomy":"post_tag","embeddable":true,"href":"https:\/\/agora.xtec.cat\/escolaprovencana\/wp-json\/wp\/v2\/tags?post=4448"}],"curies":[{"name":"wp","href":"https:\/\/api.w.org\/{rel}","templated":true}]}}