{"id":4399,"date":"2024-12-19T19:51:38","date_gmt":"2024-12-19T18:51:38","guid":{"rendered":"https:\/\/agora.xtec.cat\/escolaprovencana\/?p=4399"},"modified":"2025-01-30T21:00:11","modified_gmt":"2025-01-30T20:00:11","slug":"plaudite-teatre","status":"publish","type":"post","link":"https:\/\/agora.xtec.cat\/escolaprovencana\/general\/plaudite-teatre\/","title":{"rendered":"Pl\u00e0udite Teatre"},"content":{"rendered":"\n<p>Aquest trimestre, els alumnes de 3r han tingut l&#8217;oportunitat de gaudir d&#8217;unes sessions de teatre gr\u00e0cies a Pl\u00e0udite Teatre. Han treballat l&#8217;expressi\u00f3 corporal i la creativitat a trav\u00e9s de les emocions i el joc teatral, descobrint noves formes de comunicar-se i expressar-se. A m\u00e9s, han tingut la sort de poder comptar amb la participaci\u00f3 d&#8217;algunes persones grans, que han compartit la seva experi\u00e8ncia i han enriquit encara m\u00e9s aquesta activitat.<\/p>\n\n\n\n<figure class=\"wp-block-image size-large\"><a href=\"https:\/\/agora.xtec.cat\/escolaprovencana\/wp-content\/uploads\/usu2442\/2024\/12\/FOTO-PLAUDITE-TEATRE.jpg\"><img loading=\"lazy\" decoding=\"async\" width=\"1024\" height=\"724\" src=\"https:\/\/agora.xtec.cat\/escolaprovencana\/wp-content\/uploads\/usu2442\/2024\/12\/FOTO-PLAUDITE-TEATRE-1024x724.jpg\" alt=\"\" class=\"wp-image-4400\" srcset=\"https:\/\/agora.xtec.cat\/escolaprovencana\/wp-content\/uploads\/usu2442\/2024\/12\/FOTO-PLAUDITE-TEATRE-1024x724.jpg 1024w, https:\/\/agora.xtec.cat\/escolaprovencana\/wp-content\/uploads\/usu2442\/2024\/12\/FOTO-PLAUDITE-TEATRE-300x212.jpg 300w, https:\/\/agora.xtec.cat\/escolaprovencana\/wp-content\/uploads\/usu2442\/2024\/12\/FOTO-PLAUDITE-TEATRE-768x543.jpg 768w, https:\/\/agora.xtec.cat\/escolaprovencana\/wp-content\/uploads\/usu2442\/2024\/12\/FOTO-PLAUDITE-TEATRE-1536x1086.jpg 1536w, https:\/\/agora.xtec.cat\/escolaprovencana\/wp-content\/uploads\/usu2442\/2024\/12\/FOTO-PLAUDITE-TEATRE.jpg 2000w\" sizes=\"auto, (max-width: 1024px) 100vw, 1024px\" \/><\/a><\/figure>\n","protected":false},"excerpt":{"rendered":"<p>Aquest trimestre, els alumnes de 3r han tingut l&#8217;oportunitat de gaudir d&#8217;unes sessions de teatre gr\u00e0cies a Pl\u00e0udite Teatre. Han treballat l&#8217;expressi\u00f3 corporal i la creativitat a trav\u00e9s de les emocions i el joc teatral, descobrint noves formes de comunicar-se i expressar-se. A m\u00e9s, han&hellip;  <a href=\"https:\/\/agora.xtec.cat\/escolaprovencana\/general\/plaudite-teatre\/\" title=\"Read Pl\u00e0udite Teatre\">Llegeix m\u00e9s\u00bb<\/a><\/p>\n","protected":false},"author":44,"featured_media":0,"comment_status":"closed","ping_status":"closed","sticky":false,"template":"","format":"standard","meta":{"_bbp_topic_count":0,"_bbp_reply_count":0,"_bbp_total_topic_count":0,"_bbp_total_reply_count":0,"_bbp_voice_count":0,"_bbp_anonymous_reply_count":0,"_bbp_topic_count_hidden":0,"_bbp_reply_count_hidden":0,"_bbp_forum_subforum_count":0,"footnotes":""},"categories":[12,1],"tags":[],"class_list":["post-4399","post","type-post","status-publish","format-standard","hentry","category-3r","category-general"],"post_mailing_queue_ids":[],"_links":{"self":[{"href":"https:\/\/agora.xtec.cat\/escolaprovencana\/wp-json\/wp\/v2\/posts\/4399","targetHints":{"allow":["GET"]}}],"collection":[{"href":"https:\/\/agora.xtec.cat\/escolaprovencana\/wp-json\/wp\/v2\/posts"}],"about":[{"href":"https:\/\/agora.xtec.cat\/escolaprovencana\/wp-json\/wp\/v2\/types\/post"}],"author":[{"embeddable":true,"href":"https:\/\/agora.xtec.cat\/escolaprovencana\/wp-json\/wp\/v2\/users\/44"}],"replies":[{"embeddable":true,"href":"https:\/\/agora.xtec.cat\/escolaprovencana\/wp-json\/wp\/v2\/comments?post=4399"}],"version-history":[{"count":1,"href":"https:\/\/agora.xtec.cat\/escolaprovencana\/wp-json\/wp\/v2\/posts\/4399\/revisions"}],"predecessor-version":[{"id":4401,"href":"https:\/\/agora.xtec.cat\/escolaprovencana\/wp-json\/wp\/v2\/posts\/4399\/revisions\/4401"}],"wp:attachment":[{"href":"https:\/\/agora.xtec.cat\/escolaprovencana\/wp-json\/wp\/v2\/media?parent=4399"}],"wp:term":[{"taxonomy":"category","embeddable":true,"href":"https:\/\/agora.xtec.cat\/escolaprovencana\/wp-json\/wp\/v2\/categories?post=4399"},{"taxonomy":"post_tag","embeddable":true,"href":"https:\/\/agora.xtec.cat\/escolaprovencana\/wp-json\/wp\/v2\/tags?post=4399"}],"curies":[{"name":"wp","href":"https:\/\/api.w.org\/{rel}","templated":true}]}}