{"id":4366,"date":"2024-12-18T13:06:33","date_gmt":"2024-12-18T12:06:33","guid":{"rendered":"https:\/\/agora.xtec.cat\/escolaprovencana\/?p=4366"},"modified":"2024-12-18T13:06:33","modified_gmt":"2024-12-18T12:06:33","slug":"arbre-dels-desitjos","status":"publish","type":"post","link":"https:\/\/agora.xtec.cat\/escolaprovencana\/general\/arbre-dels-desitjos\/","title":{"rendered":"ARBRE DELS DESITJOS"},"content":{"rendered":"\n<p>A l\u2019aula d\u2019acollida hem seguit el calendari d\u2019advent, on cada dia hem fet alguna activitat relacionada amb les festes de Nadal per tal que l\u2019alumnat pugui gaudir i con\u00e8ixer les tradicions de Catalunya. Gr\u00e0cies a aquesta activitat, tamb\u00e9 hem pogut con\u00e8ixer i compartir les tradicions dels pa\u00cfsos dels nostres nens i nenes de l\u2019aula. Que interessant! Que afortunats i afortunades som de tenir-nos i gaudir-nos!<\/p>\n\n\n\n<figure class=\"wp-block-image size-full\"><a href=\"https:\/\/agora.xtec.cat\/escolaprovencana\/wp-content\/uploads\/usu2442\/2024\/12\/IMG_5735.jpg\"><img loading=\"lazy\" decoding=\"async\" width=\"320\" height=\"240\" src=\"https:\/\/agora.xtec.cat\/escolaprovencana\/wp-content\/uploads\/usu2442\/2024\/12\/IMG_5735.jpg\" alt=\"\" class=\"wp-image-4367\" srcset=\"https:\/\/agora.xtec.cat\/escolaprovencana\/wp-content\/uploads\/usu2442\/2024\/12\/IMG_5735.jpg 320w, https:\/\/agora.xtec.cat\/escolaprovencana\/wp-content\/uploads\/usu2442\/2024\/12\/IMG_5735-300x225.jpg 300w, https:\/\/agora.xtec.cat\/escolaprovencana\/wp-content\/uploads\/usu2442\/2024\/12\/IMG_5735-200x150.jpg 200w\" sizes=\"auto, (max-width: 320px) 100vw, 320px\" \/><\/a><\/figure>\n\n\n\n<p>Hem creat l\u2019arbre dels desitjos, on cada nen i nena forma part d\u2019aquest arbre, i han pogut penjar el seu desig.<\/p>\n\n\n\n<p>Esperem de tot cor que es compleixin, continuem amb el somni\u2026<\/p>\n","protected":false},"excerpt":{"rendered":"<p>A l\u2019aula d\u2019acollida hem seguit el calendari d\u2019advent, on cada dia hem fet alguna activitat relacionada amb les festes de Nadal per tal que l\u2019alumnat pugui gaudir i con\u00e8ixer les tradicions de Catalunya. Gr\u00e0cies a aquesta activitat, tamb\u00e9 hem pogut con\u00e8ixer i compartir les tradicions&hellip;  <a href=\"https:\/\/agora.xtec.cat\/escolaprovencana\/general\/arbre-dels-desitjos\/\" title=\"Read ARBRE DELS DESITJOS\">Llegeix m\u00e9s\u00bb<\/a><\/p>\n","protected":false},"author":1,"featured_media":0,"comment_status":"closed","ping_status":"closed","sticky":false,"template":"","format":"standard","meta":{"_bbp_topic_count":0,"_bbp_reply_count":0,"_bbp_total_topic_count":0,"_bbp_total_reply_count":0,"_bbp_voice_count":0,"_bbp_anonymous_reply_count":0,"_bbp_topic_count_hidden":0,"_bbp_reply_count_hidden":0,"_bbp_forum_subforum_count":0,"footnotes":""},"categories":[12,13,14,126,15,1],"tags":[],"class_list":["post-4366","post","type-post","status-publish","format-standard","hentry","category-3r","category-4t","category-5e-b","category-5e-a","category-6e","category-general"],"post_mailing_queue_ids":[],"_links":{"self":[{"href":"https:\/\/agora.xtec.cat\/escolaprovencana\/wp-json\/wp\/v2\/posts\/4366","targetHints":{"allow":["GET"]}}],"collection":[{"href":"https:\/\/agora.xtec.cat\/escolaprovencana\/wp-json\/wp\/v2\/posts"}],"about":[{"href":"https:\/\/agora.xtec.cat\/escolaprovencana\/wp-json\/wp\/v2\/types\/post"}],"author":[{"embeddable":true,"href":"https:\/\/agora.xtec.cat\/escolaprovencana\/wp-json\/wp\/v2\/users\/1"}],"replies":[{"embeddable":true,"href":"https:\/\/agora.xtec.cat\/escolaprovencana\/wp-json\/wp\/v2\/comments?post=4366"}],"version-history":[{"count":1,"href":"https:\/\/agora.xtec.cat\/escolaprovencana\/wp-json\/wp\/v2\/posts\/4366\/revisions"}],"predecessor-version":[{"id":4368,"href":"https:\/\/agora.xtec.cat\/escolaprovencana\/wp-json\/wp\/v2\/posts\/4366\/revisions\/4368"}],"wp:attachment":[{"href":"https:\/\/agora.xtec.cat\/escolaprovencana\/wp-json\/wp\/v2\/media?parent=4366"}],"wp:term":[{"taxonomy":"category","embeddable":true,"href":"https:\/\/agora.xtec.cat\/escolaprovencana\/wp-json\/wp\/v2\/categories?post=4366"},{"taxonomy":"post_tag","embeddable":true,"href":"https:\/\/agora.xtec.cat\/escolaprovencana\/wp-json\/wp\/v2\/tags?post=4366"}],"curies":[{"name":"wp","href":"https:\/\/api.w.org\/{rel}","templated":true}]}}