{"id":4360,"date":"2024-12-19T23:38:17","date_gmt":"2024-12-19T22:38:17","guid":{"rendered":"https:\/\/agora.xtec.cat\/escolaprovencana\/?p=4360"},"modified":"2024-12-20T22:56:11","modified_gmt":"2024-12-20T21:56:11","slug":"el-nostre-conte-de-nadal","status":"publish","type":"post","link":"https:\/\/agora.xtec.cat\/escolaprovencana\/general\/el-nostre-conte-de-nadal\/","title":{"rendered":"EL NOSTRE CONTE DE NADAL"},"content":{"rendered":"\n<p><strong>Pro Gent Sana R\u00e0dio &amp; Quart CARS Productions presenten&#8230;<\/strong><\/p>\n\n\n\n<p><strong>UNA TROBADA INESPERADA<\/strong><\/p>\n\n\n\n<p>Amb aquest conte que ens hem inventat entre tots els CARS volem felicitar-vos les festes.<\/p>\n\n\n\n<p>Per donar-li m\u00e9s emoci\u00f3, l&#8217;hem dividit en cinc cap\u00edtols. Com si fos una mini s\u00e8rie. Podeu escoltar-los tots de cop, o un cada dia.<\/p>\n\n\n\n<p>Com deveu tenir moltes ganes d&#8217;escoltar-lo, no us fem perdre m\u00e9s temps. Escalfem motors&#8230;, i que arrenqui la hist\u00f2ria!<\/p>\n\n\n\n<p class=\"has-text-align-center\"><a href=\"https:\/\/drive.google.com\/file\/d\/19MgRiBlm1thqrmBa5vFpX6cTUWpqSjlc\/view?usp=drive_link\">Cap\u00edtol 1r<\/a><\/p>\n\n\n<div class=\"wp-block-image\">\n<figure class=\"aligncenter size-large is-resized\"><a href=\"https:\/\/agora.xtec.cat\/escolaprovencana\/wp-content\/uploads\/usu2442\/2024\/12\/IMG_20241219_161624-scaled.jpg\"><img loading=\"lazy\" decoding=\"async\" width=\"1024\" height=\"726\" src=\"https:\/\/agora.xtec.cat\/escolaprovencana\/wp-content\/uploads\/usu2442\/2024\/12\/IMG_20241219_161624-1024x726.jpg\" alt=\"\" class=\"wp-image-4403\" style=\"width:550px;height:auto\" srcset=\"https:\/\/agora.xtec.cat\/escolaprovencana\/wp-content\/uploads\/usu2442\/2024\/12\/IMG_20241219_161624-1024x726.jpg 1024w, https:\/\/agora.xtec.cat\/escolaprovencana\/wp-content\/uploads\/usu2442\/2024\/12\/IMG_20241219_161624-300x213.jpg 300w, https:\/\/agora.xtec.cat\/escolaprovencana\/wp-content\/uploads\/usu2442\/2024\/12\/IMG_20241219_161624-768x544.jpg 768w, https:\/\/agora.xtec.cat\/escolaprovencana\/wp-content\/uploads\/usu2442\/2024\/12\/IMG_20241219_161624-1536x1088.jpg 1536w, https:\/\/agora.xtec.cat\/escolaprovencana\/wp-content\/uploads\/usu2442\/2024\/12\/IMG_20241219_161624-2048x1451.jpg 2048w\" sizes=\"auto, (max-width: 1024px) 100vw, 1024px\" \/><\/a><\/figure><\/div>\n\n\n<p class=\"has-text-align-center\">Potser \u00e9s que no ha provat mai les de Vic<\/p>\n\n\n<div class=\"wp-block-image\">\n<figure class=\"aligncenter size-large is-resized\"><a href=\"https:\/\/agora.xtec.cat\/escolaprovencana\/wp-content\/uploads\/usu2442\/2024\/12\/IMG_20241219_161354-scaled.jpg\"><img loading=\"lazy\" decoding=\"async\" width=\"768\" height=\"1024\" src=\"https:\/\/agora.xtec.cat\/escolaprovencana\/wp-content\/uploads\/usu2442\/2024\/12\/IMG_20241219_161354-768x1024.jpg\" alt=\"\" class=\"wp-image-4402\" style=\"width:337px;height:auto\" srcset=\"https:\/\/agora.xtec.cat\/escolaprovencana\/wp-content\/uploads\/usu2442\/2024\/12\/IMG_20241219_161354-768x1024.jpg 768w, https:\/\/agora.xtec.cat\/escolaprovencana\/wp-content\/uploads\/usu2442\/2024\/12\/IMG_20241219_161354-225x300.jpg 225w, https:\/\/agora.xtec.cat\/escolaprovencana\/wp-content\/uploads\/usu2442\/2024\/12\/IMG_20241219_161354-1152x1536.jpg 1152w, https:\/\/agora.xtec.cat\/escolaprovencana\/wp-content\/uploads\/usu2442\/2024\/12\/IMG_20241219_161354-1536x2048.jpg 1536w, https:\/\/agora.xtec.cat\/escolaprovencana\/wp-content\/uploads\/usu2442\/2024\/12\/IMG_20241219_161354-scaled.jpg 1920w\" sizes=\"auto, (max-width: 768px) 100vw, 768px\" \/><\/a><\/figure><\/div>\n\n\n<p><\/p>\n\n\n\n<p class=\"has-text-align-center\"><a href=\"https:\/\/drive.google.com\/file\/d\/1OErHKnJ25K9ClkPiuy3g5cpC8ANiWIX1\/view?usp=drive_link\">Cap\u00edtol 2n<\/a><\/p>\n\n\n<div class=\"wp-block-image\">\n<figure class=\"aligncenter size-large is-resized\"><a href=\"https:\/\/agora.xtec.cat\/escolaprovencana\/wp-content\/uploads\/usu2442\/2024\/12\/IMG_20241219_160127-1-scaled.jpg\"><img loading=\"lazy\" decoding=\"async\" width=\"1024\" height=\"744\" src=\"https:\/\/agora.xtec.cat\/escolaprovencana\/wp-content\/uploads\/usu2442\/2024\/12\/IMG_20241219_160127-1-1024x744.jpg\" alt=\"\" class=\"wp-image-4406\" style=\"width:549px;height:auto\" srcset=\"https:\/\/agora.xtec.cat\/escolaprovencana\/wp-content\/uploads\/usu2442\/2024\/12\/IMG_20241219_160127-1-1024x744.jpg 1024w, https:\/\/agora.xtec.cat\/escolaprovencana\/wp-content\/uploads\/usu2442\/2024\/12\/IMG_20241219_160127-1-300x218.jpg 300w, https:\/\/agora.xtec.cat\/escolaprovencana\/wp-content\/uploads\/usu2442\/2024\/12\/IMG_20241219_160127-1-768x558.jpg 768w, https:\/\/agora.xtec.cat\/escolaprovencana\/wp-content\/uploads\/usu2442\/2024\/12\/IMG_20241219_160127-1-1536x1116.jpg 1536w, https:\/\/agora.xtec.cat\/escolaprovencana\/wp-content\/uploads\/usu2442\/2024\/12\/IMG_20241219_160127-1-2048x1489.jpg 2048w\" sizes=\"auto, (max-width: 1024px) 100vw, 1024px\" \/><\/a><\/figure><\/div>\n\n\n<p class=\"has-text-align-center\">Qu\u00e8 ser\u00e0 aquest terrabastall que han sentit?<\/p>\n\n\n<div class=\"wp-block-image\">\n<figure class=\"aligncenter size-large is-resized\"><a href=\"https:\/\/agora.xtec.cat\/escolaprovencana\/wp-content\/uploads\/usu2442\/2024\/12\/IMG_20241219_160031-scaled.jpg\"><img loading=\"lazy\" decoding=\"async\" width=\"768\" height=\"1024\" src=\"https:\/\/agora.xtec.cat\/escolaprovencana\/wp-content\/uploads\/usu2442\/2024\/12\/IMG_20241219_160031-768x1024.jpg\" alt=\"\" class=\"wp-image-4404\" style=\"width:337px;height:auto\" srcset=\"https:\/\/agora.xtec.cat\/escolaprovencana\/wp-content\/uploads\/usu2442\/2024\/12\/IMG_20241219_160031-768x1024.jpg 768w, https:\/\/agora.xtec.cat\/escolaprovencana\/wp-content\/uploads\/usu2442\/2024\/12\/IMG_20241219_160031-225x300.jpg 225w, https:\/\/agora.xtec.cat\/escolaprovencana\/wp-content\/uploads\/usu2442\/2024\/12\/IMG_20241219_160031-1152x1536.jpg 1152w, https:\/\/agora.xtec.cat\/escolaprovencana\/wp-content\/uploads\/usu2442\/2024\/12\/IMG_20241219_160031-1536x2048.jpg 1536w, https:\/\/agora.xtec.cat\/escolaprovencana\/wp-content\/uploads\/usu2442\/2024\/12\/IMG_20241219_160031-scaled.jpg 1920w\" sizes=\"auto, (max-width: 768px) 100vw, 768px\" \/><\/a><\/figure><\/div>\n\n\n<p><\/p>\n\n\n\n<p class=\"has-text-align-center\"><a href=\"https:\/\/drive.google.com\/file\/d\/10NCmiqf3nbNDszp0ENoKxmzJnhfSEQLG\/view?usp=drive_link\">Cap\u00edtol 3<\/a><\/p>\n\n\n<div class=\"wp-block-image\">\n<figure class=\"aligncenter size-large is-resized\"><a href=\"https:\/\/agora.xtec.cat\/escolaprovencana\/wp-content\/uploads\/usu2442\/2024\/12\/IMG_20241219_094717-scaled.jpg\"><img loading=\"lazy\" decoding=\"async\" width=\"1024\" height=\"739\" src=\"https:\/\/agora.xtec.cat\/escolaprovencana\/wp-content\/uploads\/usu2442\/2024\/12\/IMG_20241219_094717-1024x739.jpg\" alt=\"\" class=\"wp-image-4408\" style=\"width:572px;height:auto\" srcset=\"https:\/\/agora.xtec.cat\/escolaprovencana\/wp-content\/uploads\/usu2442\/2024\/12\/IMG_20241219_094717-1024x739.jpg 1024w, https:\/\/agora.xtec.cat\/escolaprovencana\/wp-content\/uploads\/usu2442\/2024\/12\/IMG_20241219_094717-300x217.jpg 300w, https:\/\/agora.xtec.cat\/escolaprovencana\/wp-content\/uploads\/usu2442\/2024\/12\/IMG_20241219_094717-768x554.jpg 768w, https:\/\/agora.xtec.cat\/escolaprovencana\/wp-content\/uploads\/usu2442\/2024\/12\/IMG_20241219_094717-1536x1109.jpg 1536w, https:\/\/agora.xtec.cat\/escolaprovencana\/wp-content\/uploads\/usu2442\/2024\/12\/IMG_20241219_094717-2048x1478.jpg 2048w\" sizes=\"auto, (max-width: 1024px) 100vw, 1024px\" \/><\/a><\/figure><\/div>\n\n\n<p class=\"has-text-align-center\">Qu\u00e8, qu\u00e8? Quina pensada haur\u00e0 tingut en Llamp Mcqueen?<\/p>\n\n\n<div class=\"wp-block-image\">\n<figure class=\"aligncenter size-large is-resized\"><a href=\"https:\/\/agora.xtec.cat\/escolaprovencana\/wp-content\/uploads\/usu2442\/2024\/12\/IMG_20241219_094619-scaled.jpg\"><img loading=\"lazy\" decoding=\"async\" width=\"768\" height=\"1024\" src=\"https:\/\/agora.xtec.cat\/escolaprovencana\/wp-content\/uploads\/usu2442\/2024\/12\/IMG_20241219_094619-768x1024.jpg\" alt=\"\" class=\"wp-image-4407\" style=\"width:346px;height:auto\" srcset=\"https:\/\/agora.xtec.cat\/escolaprovencana\/wp-content\/uploads\/usu2442\/2024\/12\/IMG_20241219_094619-768x1024.jpg 768w, https:\/\/agora.xtec.cat\/escolaprovencana\/wp-content\/uploads\/usu2442\/2024\/12\/IMG_20241219_094619-225x300.jpg 225w, https:\/\/agora.xtec.cat\/escolaprovencana\/wp-content\/uploads\/usu2442\/2024\/12\/IMG_20241219_094619-1152x1536.jpg 1152w, https:\/\/agora.xtec.cat\/escolaprovencana\/wp-content\/uploads\/usu2442\/2024\/12\/IMG_20241219_094619-1536x2048.jpg 1536w, https:\/\/agora.xtec.cat\/escolaprovencana\/wp-content\/uploads\/usu2442\/2024\/12\/IMG_20241219_094619-scaled.jpg 1920w\" sizes=\"auto, (max-width: 768px) 100vw, 768px\" \/><\/a><\/figure><\/div>\n\n\n<p><\/p>\n\n\n\n<p class=\"has-text-align-center\"><a href=\"https:\/\/drive.google.com\/file\/d\/1jf1hB2A9-y4QyouO7y7kc2d0CFiqyzp0\/view?usp=drive_link\">Cap\u00edtol 4<\/a><\/p>\n\n\n<div class=\"wp-block-image\">\n<figure class=\"aligncenter size-large is-resized\"><a href=\"https:\/\/agora.xtec.cat\/escolaprovencana\/wp-content\/uploads\/usu2442\/2024\/12\/IMG_20241219_104109-scaled.jpg\"><img loading=\"lazy\" decoding=\"async\" width=\"1024\" height=\"721\" src=\"https:\/\/agora.xtec.cat\/escolaprovencana\/wp-content\/uploads\/usu2442\/2024\/12\/IMG_20241219_104109-1024x721.jpg\" alt=\"\" class=\"wp-image-4410\" style=\"width:624px;height:auto\" srcset=\"https:\/\/agora.xtec.cat\/escolaprovencana\/wp-content\/uploads\/usu2442\/2024\/12\/IMG_20241219_104109-1024x721.jpg 1024w, https:\/\/agora.xtec.cat\/escolaprovencana\/wp-content\/uploads\/usu2442\/2024\/12\/IMG_20241219_104109-300x211.jpg 300w, https:\/\/agora.xtec.cat\/escolaprovencana\/wp-content\/uploads\/usu2442\/2024\/12\/IMG_20241219_104109-768x541.jpg 768w, https:\/\/agora.xtec.cat\/escolaprovencana\/wp-content\/uploads\/usu2442\/2024\/12\/IMG_20241219_104109-1536x1082.jpg 1536w, https:\/\/agora.xtec.cat\/escolaprovencana\/wp-content\/uploads\/usu2442\/2024\/12\/IMG_20241219_104109-2048x1442.jpg 2048w\" sizes=\"auto, (max-width: 1024px) 100vw, 1024px\" \/><\/a><\/figure><\/div>\n\n\n<p class=\"has-text-align-center\">B\u00e9 Mate! Tots som diferents i aportem les nostres qualitats al grup.<\/p>\n\n\n<div class=\"wp-block-image\">\n<figure class=\"aligncenter size-large is-resized\"><a href=\"https:\/\/agora.xtec.cat\/escolaprovencana\/wp-content\/uploads\/usu2442\/2024\/12\/IMG_20241219_103936-scaled.jpg\"><img loading=\"lazy\" decoding=\"async\" width=\"768\" height=\"1024\" src=\"https:\/\/agora.xtec.cat\/escolaprovencana\/wp-content\/uploads\/usu2442\/2024\/12\/IMG_20241219_103936-768x1024.jpg\" alt=\"\" class=\"wp-image-4409\" style=\"width:364px;height:auto\" srcset=\"https:\/\/agora.xtec.cat\/escolaprovencana\/wp-content\/uploads\/usu2442\/2024\/12\/IMG_20241219_103936-768x1024.jpg 768w, https:\/\/agora.xtec.cat\/escolaprovencana\/wp-content\/uploads\/usu2442\/2024\/12\/IMG_20241219_103936-225x300.jpg 225w, https:\/\/agora.xtec.cat\/escolaprovencana\/wp-content\/uploads\/usu2442\/2024\/12\/IMG_20241219_103936-1152x1536.jpg 1152w, https:\/\/agora.xtec.cat\/escolaprovencana\/wp-content\/uploads\/usu2442\/2024\/12\/IMG_20241219_103936-1536x2048.jpg 1536w, https:\/\/agora.xtec.cat\/escolaprovencana\/wp-content\/uploads\/usu2442\/2024\/12\/IMG_20241219_103936-scaled.jpg 1920w\" sizes=\"auto, (max-width: 768px) 100vw, 768px\" \/><\/a><\/figure><\/div>\n\n\n<p><\/p>\n\n\n\n<p class=\"has-text-align-center\"><a href=\"https:\/\/drive.google.com\/file\/d\/1oedba6zLJlms5zM2OGOcQCVjKD5MIgOb\/view?usp=drive_link\">Cap\u00edtol 5\u00e8<\/a><\/p>\n\n\n<div class=\"wp-block-image\">\n<figure class=\"aligncenter size-large is-resized\"><a href=\"https:\/\/agora.xtec.cat\/escolaprovencana\/wp-content\/uploads\/usu2442\/2024\/12\/IMG_20241219_104541-scaled.jpg\"><img loading=\"lazy\" decoding=\"async\" width=\"1024\" height=\"753\" src=\"https:\/\/agora.xtec.cat\/escolaprovencana\/wp-content\/uploads\/usu2442\/2024\/12\/IMG_20241219_104541-1024x753.jpg\" alt=\"\" class=\"wp-image-4411\" style=\"width:608px;height:auto\" srcset=\"https:\/\/agora.xtec.cat\/escolaprovencana\/wp-content\/uploads\/usu2442\/2024\/12\/IMG_20241219_104541-1024x753.jpg 1024w, https:\/\/agora.xtec.cat\/escolaprovencana\/wp-content\/uploads\/usu2442\/2024\/12\/IMG_20241219_104541-300x221.jpg 300w, https:\/\/agora.xtec.cat\/escolaprovencana\/wp-content\/uploads\/usu2442\/2024\/12\/IMG_20241219_104541-768x565.jpg 768w, https:\/\/agora.xtec.cat\/escolaprovencana\/wp-content\/uploads\/usu2442\/2024\/12\/IMG_20241219_104541-1536x1130.jpg 1536w, https:\/\/agora.xtec.cat\/escolaprovencana\/wp-content\/uploads\/usu2442\/2024\/12\/IMG_20241219_104541-2048x1507.jpg 2048w\" sizes=\"auto, (max-width: 1024px) 100vw, 1024px\" \/><\/a><\/figure><\/div>\n\n\n<p class=\"has-text-align-center\">Amb salsitxes o pastanagues, bon profit i bones festes!<\/p>\n\n\n<div class=\"wp-block-image\">\n<figure class=\"aligncenter size-large is-resized\"><a href=\"https:\/\/agora.xtec.cat\/escolaprovencana\/wp-content\/uploads\/usu2442\/2024\/12\/IMG_20241219_104409-scaled.jpg\"><img loading=\"lazy\" decoding=\"async\" width=\"768\" height=\"1024\" src=\"https:\/\/agora.xtec.cat\/escolaprovencana\/wp-content\/uploads\/usu2442\/2024\/12\/IMG_20241219_104409-768x1024.jpg\" alt=\"\" class=\"wp-image-4414\" style=\"width:368px;height:auto\" srcset=\"https:\/\/agora.xtec.cat\/escolaprovencana\/wp-content\/uploads\/usu2442\/2024\/12\/IMG_20241219_104409-768x1024.jpg 768w, https:\/\/agora.xtec.cat\/escolaprovencana\/wp-content\/uploads\/usu2442\/2024\/12\/IMG_20241219_104409-225x300.jpg 225w, https:\/\/agora.xtec.cat\/escolaprovencana\/wp-content\/uploads\/usu2442\/2024\/12\/IMG_20241219_104409-1152x1536.jpg 1152w, https:\/\/agora.xtec.cat\/escolaprovencana\/wp-content\/uploads\/usu2442\/2024\/12\/IMG_20241219_104409-1536x2048.jpg 1536w, https:\/\/agora.xtec.cat\/escolaprovencana\/wp-content\/uploads\/usu2442\/2024\/12\/IMG_20241219_104409-scaled.jpg 1920w\" sizes=\"auto, (max-width: 768px) 100vw, 768px\" \/><\/a><\/figure><\/div>\n\n\n<p><\/p>\n\n\n\n<p>Si el voleu fruir m\u00e9s a poc a poc, en el seg\u00fcent enlla\u00e7 el teniu per escrit:<\/p>\n\n\n\n<p><a href=\"https:\/\/docs.google.com\/document\/d\/14Pq71ShTL0DVm02OPZ34_PgL-wQ0VzTMRpuiJiSS16k\/edit?usp=drive_link\">UNA TROBADA INESPERADA<\/a><\/p>\n\n\n\n<p>Desitgem que h\u00e0giu gaudit del conte tant com nosaltres hem gaudit fent-lo.<\/p>\n\n\n\n<p><strong>Molt Bones Festes i Feli\u00e7 Any Nou 2025!<\/strong><\/p>\n\n\n\n<p>Us ho desitgem,<\/p>\n\n\n\n<p><strong>Pro Gent Sana R\u00e0dio &amp; Quart CARS Productions<\/strong><\/p>\n","protected":false},"excerpt":{"rendered":"<p>Pro Gent Sana R\u00e0dio &amp; Quart CARS Productions presenten&#8230;<\/p>\n<p>UNA TROBADA INESPERADA<\/p>\n<p>Amb aquest conte que ens hem inventat entre tots els CARS volem felicitar-vos les festes.<\/p>\n<p>Per donar-li m\u00e9s emoci\u00f3, l&#8217;hem dividit en cinc cap\u00edtols. Com si fos una mini s\u00e8rie. Podeu escoltar-los tots de cop, o&hellip;  <a href=\"https:\/\/agora.xtec.cat\/escolaprovencana\/general\/el-nostre-conte-de-nadal\/\" title=\"Read EL NOSTRE CONTE DE NADAL\">Llegeix m\u00e9s\u00bb<\/a><\/p>\n","protected":false},"author":15,"featured_media":0,"comment_status":"closed","ping_status":"closed","sticky":false,"template":"","format":"standard","meta":{"_bbp_topic_count":0,"_bbp_reply_count":0,"_bbp_total_topic_count":0,"_bbp_total_reply_count":0,"_bbp_voice_count":0,"_bbp_anonymous_reply_count":0,"_bbp_topic_count_hidden":0,"_bbp_reply_count_hidden":0,"_bbp_forum_subforum_count":0,"footnotes":""},"categories":[13,1],"tags":[],"class_list":["post-4360","post","type-post","status-publish","format-standard","hentry","category-4t","category-general"],"post_mailing_queue_ids":[],"_links":{"self":[{"href":"https:\/\/agora.xtec.cat\/escolaprovencana\/wp-json\/wp\/v2\/posts\/4360","targetHints":{"allow":["GET"]}}],"collection":[{"href":"https:\/\/agora.xtec.cat\/escolaprovencana\/wp-json\/wp\/v2\/posts"}],"about":[{"href":"https:\/\/agora.xtec.cat\/escolaprovencana\/wp-json\/wp\/v2\/types\/post"}],"author":[{"embeddable":true,"href":"https:\/\/agora.xtec.cat\/escolaprovencana\/wp-json\/wp\/v2\/users\/15"}],"replies":[{"embeddable":true,"href":"https:\/\/agora.xtec.cat\/escolaprovencana\/wp-json\/wp\/v2\/comments?post=4360"}],"version-history":[{"count":6,"href":"https:\/\/agora.xtec.cat\/escolaprovencana\/wp-json\/wp\/v2\/posts\/4360\/revisions"}],"predecessor-version":[{"id":4418,"href":"https:\/\/agora.xtec.cat\/escolaprovencana\/wp-json\/wp\/v2\/posts\/4360\/revisions\/4418"}],"wp:attachment":[{"href":"https:\/\/agora.xtec.cat\/escolaprovencana\/wp-json\/wp\/v2\/media?parent=4360"}],"wp:term":[{"taxonomy":"category","embeddable":true,"href":"https:\/\/agora.xtec.cat\/escolaprovencana\/wp-json\/wp\/v2\/categories?post=4360"},{"taxonomy":"post_tag","embeddable":true,"href":"https:\/\/agora.xtec.cat\/escolaprovencana\/wp-json\/wp\/v2\/tags?post=4360"}],"curies":[{"name":"wp","href":"https:\/\/api.w.org\/{rel}","templated":true}]}}