{"id":4338,"date":"2024-12-12T23:20:38","date_gmt":"2024-12-12T22:20:38","guid":{"rendered":"https:\/\/agora.xtec.cat\/escolaprovencana\/?p=4338"},"modified":"2024-12-12T23:39:58","modified_gmt":"2024-12-12T22:39:58","slug":"tots-fem-escola-apuntat-a-lafa","status":"publish","type":"post","link":"https:\/\/agora.xtec.cat\/escolaprovencana\/afa\/tots-fem-escola-apuntat-a-lafa\/","title":{"rendered":"TOTS FEM ESCOLA! APUNTA&#8217;T A L&#8217;AFA"},"content":{"rendered":"\n<p>Considerem que el principal avantatge \u00e9s el de participar en quelcom tan cabdal com \u00e9s l\u2019educaci\u00f3 integral dels nostres infants tot formant part, i treballant colze a colze, amb la comunitat educativa que els acompanya en el seu desenvolupament.<\/p>\n\n\n\n<p>Al Proven\u00e7ana, la participaci\u00f3 de les fam\u00edlies tamb\u00e9 forma part del model educatiu.<\/p>\n\n\n\n<figure class=\"wp-block-image size-full\"><a href=\"https:\/\/agora.xtec.cat\/escolaprovencana\/wp-content\/uploads\/usu2442\/2024\/12\/AFA-PROVENCANA-pagament-CAT.jpg\"><img loading=\"lazy\" decoding=\"async\" width=\"709\" height=\"1002\" src=\"https:\/\/agora.xtec.cat\/escolaprovencana\/wp-content\/uploads\/usu2442\/2024\/12\/AFA-PROVENCANA-pagament-CAT.jpg\" alt=\"\" class=\"wp-image-4339\" srcset=\"https:\/\/agora.xtec.cat\/escolaprovencana\/wp-content\/uploads\/usu2442\/2024\/12\/AFA-PROVENCANA-pagament-CAT.jpg 709w, https:\/\/agora.xtec.cat\/escolaprovencana\/wp-content\/uploads\/usu2442\/2024\/12\/AFA-PROVENCANA-pagament-CAT-212x300.jpg 212w\" sizes=\"auto, (max-width: 709px) 100vw, 709px\" \/><\/a><\/figure>\n","protected":false},"excerpt":{"rendered":"<p>Considerem que el principal avantatge \u00e9s el de participar en quelcom tan cabdal com \u00e9s l\u2019educaci\u00f3 integral dels nostres infants tot formant part, i treballant colze a colze, amb la comunitat educativa que els acompanya en el seu desenvolupament.<\/p>\n<p>Al Proven\u00e7ana, la participaci\u00f3 de les fam\u00edlies&hellip;  <a href=\"https:\/\/agora.xtec.cat\/escolaprovencana\/afa\/tots-fem-escola-apuntat-a-lafa\/\" title=\"Read TOTS FEM ESCOLA! APUNTA&#8217;T A L&#8217;AFA\">Llegeix m\u00e9s\u00bb<\/a><\/p>\n","protected":false},"author":50,"featured_media":0,"comment_status":"closed","ping_status":"closed","sticky":false,"template":"","format":"standard","meta":{"_bbp_topic_count":0,"_bbp_reply_count":0,"_bbp_total_topic_count":0,"_bbp_total_reply_count":0,"_bbp_voice_count":0,"_bbp_anonymous_reply_count":0,"_bbp_topic_count_hidden":0,"_bbp_reply_count_hidden":0,"_bbp_forum_subforum_count":0,"footnotes":""},"categories":[7],"tags":[],"class_list":["post-4338","post","type-post","status-publish","format-standard","hentry","category-afa"],"post_mailing_queue_ids":[],"_links":{"self":[{"href":"https:\/\/agora.xtec.cat\/escolaprovencana\/wp-json\/wp\/v2\/posts\/4338","targetHints":{"allow":["GET"]}}],"collection":[{"href":"https:\/\/agora.xtec.cat\/escolaprovencana\/wp-json\/wp\/v2\/posts"}],"about":[{"href":"https:\/\/agora.xtec.cat\/escolaprovencana\/wp-json\/wp\/v2\/types\/post"}],"author":[{"embeddable":true,"href":"https:\/\/agora.xtec.cat\/escolaprovencana\/wp-json\/wp\/v2\/users\/50"}],"replies":[{"embeddable":true,"href":"https:\/\/agora.xtec.cat\/escolaprovencana\/wp-json\/wp\/v2\/comments?post=4338"}],"version-history":[{"count":1,"href":"https:\/\/agora.xtec.cat\/escolaprovencana\/wp-json\/wp\/v2\/posts\/4338\/revisions"}],"predecessor-version":[{"id":4340,"href":"https:\/\/agora.xtec.cat\/escolaprovencana\/wp-json\/wp\/v2\/posts\/4338\/revisions\/4340"}],"wp:attachment":[{"href":"https:\/\/agora.xtec.cat\/escolaprovencana\/wp-json\/wp\/v2\/media?parent=4338"}],"wp:term":[{"taxonomy":"category","embeddable":true,"href":"https:\/\/agora.xtec.cat\/escolaprovencana\/wp-json\/wp\/v2\/categories?post=4338"},{"taxonomy":"post_tag","embeddable":true,"href":"https:\/\/agora.xtec.cat\/escolaprovencana\/wp-json\/wp\/v2\/tags?post=4338"}],"curies":[{"name":"wp","href":"https:\/\/api.w.org\/{rel}","templated":true}]}}