{"id":4315,"date":"2024-11-21T13:45:05","date_gmt":"2024-11-21T12:45:05","guid":{"rendered":"https:\/\/agora.xtec.cat\/escolaprovencana\/?p=4315"},"modified":"2024-11-25T12:55:12","modified_gmt":"2024-11-25T11:55:12","slug":"sortida-al-museu-blau","status":"publish","type":"post","link":"https:\/\/agora.xtec.cat\/escolaprovencana\/general\/sortida-al-museu-blau\/","title":{"rendered":"Sortida al Museu Blau"},"content":{"rendered":"\n<p class=\"has-medium-font-size\">El dimarts 19 d&#8217;octubre cicle superior vam visitar el museu blau. All\u00e0 vam poder gaudir d&#8217;una magn\u00edfica experi\u00e8ncia vivencial. Els de cinqu\u00e8 van participar d&#8217;una activitat on van con\u00e8ixer la classificaci\u00f3 del m\u00f3n animal. <\/p>\n\n\n\n<p class=\"has-medium-font-size\">Sis\u00e8 per altra banda van treballar la hist\u00f2ria del planeta terra, des d&#8217;un punt de vista biol\u00f2gic i geol\u00f2gic. Va ser realment interessant.<\/p>\n\n\n\n<figure class=\"wp-block-gallery has-nested-images columns-default is-cropped wp-block-gallery-1 is-layout-flex wp-block-gallery-is-layout-flex\">\n<figure class=\"wp-block-image size-large\"><a href=\"https:\/\/agora.xtec.cat\/escolaprovencana\/wp-content\/uploads\/usu2442\/2024\/11\/MUSEU-BLAU.jpg\"><img loading=\"lazy\" decoding=\"async\" width=\"1024\" height=\"768\" data-id=\"4316\" src=\"https:\/\/agora.xtec.cat\/escolaprovencana\/wp-content\/uploads\/usu2442\/2024\/11\/MUSEU-BLAU.jpg\" alt=\"\" class=\"wp-image-4316\" srcset=\"https:\/\/agora.xtec.cat\/escolaprovencana\/wp-content\/uploads\/usu2442\/2024\/11\/MUSEU-BLAU.jpg 1024w, https:\/\/agora.xtec.cat\/escolaprovencana\/wp-content\/uploads\/usu2442\/2024\/11\/MUSEU-BLAU-300x225.jpg 300w, https:\/\/agora.xtec.cat\/escolaprovencana\/wp-content\/uploads\/usu2442\/2024\/11\/MUSEU-BLAU-768x576.jpg 768w, https:\/\/agora.xtec.cat\/escolaprovencana\/wp-content\/uploads\/usu2442\/2024\/11\/MUSEU-BLAU-200x150.jpg 200w\" sizes=\"auto, (max-width: 1024px) 100vw, 1024px\" \/><\/a><\/figure>\n<\/figure>\n","protected":false},"excerpt":{"rendered":"<p>El dimarts 19 d&#8217;octubre cicle superior vam visitar el museu blau. All\u00e0 vam poder gaudir d&#8217;una magn\u00edfica experi\u00e8ncia vivencial. Els de cinqu\u00e8 van participar d&#8217;una activitat on van con\u00e8ixer la classificaci\u00f3 del m\u00f3n animal. <\/p>\n<p>Sis\u00e8 per altra banda van treballar la hist\u00f2ria del planeta terra,&hellip;  <a href=\"https:\/\/agora.xtec.cat\/escolaprovencana\/general\/sortida-al-museu-blau\/\" title=\"Read Sortida al Museu Blau\">Llegeix m\u00e9s\u00bb<\/a><\/p>\n","protected":false},"author":10,"featured_media":0,"comment_status":"closed","ping_status":"closed","sticky":false,"template":"","format":"standard","meta":{"_bbp_topic_count":0,"_bbp_reply_count":0,"_bbp_total_topic_count":0,"_bbp_total_reply_count":0,"_bbp_voice_count":0,"_bbp_anonymous_reply_count":0,"_bbp_topic_count_hidden":0,"_bbp_reply_count_hidden":0,"_bbp_forum_subforum_count":0,"footnotes":""},"categories":[14,126,15,1],"tags":[],"class_list":["post-4315","post","type-post","status-publish","format-standard","hentry","category-5e-b","category-5e-a","category-6e","category-general"],"post_mailing_queue_ids":[],"_links":{"self":[{"href":"https:\/\/agora.xtec.cat\/escolaprovencana\/wp-json\/wp\/v2\/posts\/4315","targetHints":{"allow":["GET"]}}],"collection":[{"href":"https:\/\/agora.xtec.cat\/escolaprovencana\/wp-json\/wp\/v2\/posts"}],"about":[{"href":"https:\/\/agora.xtec.cat\/escolaprovencana\/wp-json\/wp\/v2\/types\/post"}],"author":[{"embeddable":true,"href":"https:\/\/agora.xtec.cat\/escolaprovencana\/wp-json\/wp\/v2\/users\/10"}],"replies":[{"embeddable":true,"href":"https:\/\/agora.xtec.cat\/escolaprovencana\/wp-json\/wp\/v2\/comments?post=4315"}],"version-history":[{"count":2,"href":"https:\/\/agora.xtec.cat\/escolaprovencana\/wp-json\/wp\/v2\/posts\/4315\/revisions"}],"predecessor-version":[{"id":4318,"href":"https:\/\/agora.xtec.cat\/escolaprovencana\/wp-json\/wp\/v2\/posts\/4315\/revisions\/4318"}],"wp:attachment":[{"href":"https:\/\/agora.xtec.cat\/escolaprovencana\/wp-json\/wp\/v2\/media?parent=4315"}],"wp:term":[{"taxonomy":"category","embeddable":true,"href":"https:\/\/agora.xtec.cat\/escolaprovencana\/wp-json\/wp\/v2\/categories?post=4315"},{"taxonomy":"post_tag","embeddable":true,"href":"https:\/\/agora.xtec.cat\/escolaprovencana\/wp-json\/wp\/v2\/tags?post=4315"}],"curies":[{"name":"wp","href":"https:\/\/api.w.org\/{rel}","templated":true}]}}