{"id":4283,"date":"2024-11-20T12:52:19","date_gmt":"2024-11-20T11:52:19","guid":{"rendered":"https:\/\/agora.xtec.cat\/escolaprovencana\/?p=4283"},"modified":"2024-11-20T12:52:19","modified_gmt":"2024-11-20T11:52:19","slug":"aula-dacollida-el-teu-somni-comenca-aqui","status":"publish","type":"post","link":"https:\/\/agora.xtec.cat\/escolaprovencana\/general\/aula-dacollida-el-teu-somni-comenca-aqui\/","title":{"rendered":"Aula d&#8217;acollida: el teu somni comen\u00e7a aqu\u00ed&#8230;"},"content":{"rendered":"\n<p>Benvolgudes fam\u00edlies,<\/p>\n\n\n\n<p><br>Us&nbsp;presentem l&#8217;aula d&#8217;acollida, som l&#8217;Alba i la Montse, i us volem donar la&nbsp;Benvinguda.&nbsp;<\/p>\n\n\n\n<p>Sabeu que \u00e9s? \u00c9s un <strong>espai <\/strong>\u00e9s un <strong>suport addicional<\/strong> adre\u00e7at a <strong>l&#8217;alumnat nouvingut<\/strong>, un punt de refer\u00e8ncia i un marc de treball obert, amb una interacci\u00f3 constant amb la din\u00e0mica del centre, que <strong>permet una atenci\u00f3 emocional i curricular personalitzada, i un aprenentatge intensiu de la llengua catalana<\/strong>. Proporciona a l&#8217;alumnat nouvingut una atenci\u00f3 adequada a les necessitats i als progressos relacionals i ling\u00fc\u00edstics, com a <strong>complement del treball del grup classe al qual estigui adscrit.&nbsp;<\/strong><\/p>\n\n\n\n<p><strong>Un espai on estimem, respectem i valorem totes les lleng\u00fces i pa\u00efsos.&nbsp;<\/strong><\/p>\n\n\n\n<p>Aquest any ens endinsem dins del projecte anual del Cinema a l\u2019escola, i per aquest motiu, l&#8217;aula d&#8217;acollida&nbsp;est\u00e0&nbsp;inspirada amb els viatges del &#8220;Petit&nbsp;Pr\u00edncep&#8221;. El nostre nou amic ens acompanyar\u00e0 durant tot aquest curs. I ens convida a viure milers d&#8217;aventures, que ens ajudaran a crear experi\u00e8ncies \u00faniques i gaudir cada&nbsp;dia&nbsp;dels nostres avan\u00e7os, aix\u00f3 si\u2026 <strong>En catal\u00e0!<\/strong><br><br>Les mestres de l&#8217;aula d&#8217;acollida<br><strong>El teu somni comen\u00e7a aqu\u00ed\u2026<\/strong><\/p>\n\n\n\n<figure class=\"wp-block-image size-large\"><a href=\"https:\/\/agora.xtec.cat\/escolaprovencana\/wp-content\/uploads\/usu2442\/2024\/11\/PHOTO-2024-11-11-13-56-32.jpg\"><img loading=\"lazy\" decoding=\"async\" width=\"473\" height=\"1024\" src=\"https:\/\/agora.xtec.cat\/escolaprovencana\/wp-content\/uploads\/usu2442\/2024\/11\/PHOTO-2024-11-11-13-56-32-473x1024.jpg\" alt=\"\" class=\"wp-image-4277\" srcset=\"https:\/\/agora.xtec.cat\/escolaprovencana\/wp-content\/uploads\/usu2442\/2024\/11\/PHOTO-2024-11-11-13-56-32-473x1024.jpg 473w, https:\/\/agora.xtec.cat\/escolaprovencana\/wp-content\/uploads\/usu2442\/2024\/11\/PHOTO-2024-11-11-13-56-32-139x300.jpg 139w, https:\/\/agora.xtec.cat\/escolaprovencana\/wp-content\/uploads\/usu2442\/2024\/11\/PHOTO-2024-11-11-13-56-32-709x1536.jpg 709w, https:\/\/agora.xtec.cat\/escolaprovencana\/wp-content\/uploads\/usu2442\/2024\/11\/PHOTO-2024-11-11-13-56-32.jpg 739w\" sizes=\"auto, (max-width: 473px) 100vw, 473px\" \/><\/a><\/figure>\n\n\n\n\n\n\n\n\n\n\n\n\n\n\n\n\n\n<figure class=\"wp-block-image size-full\"><a href=\"https:\/\/agora.xtec.cat\/escolaprovencana\/wp-content\/uploads\/usu2442\/2024\/11\/IMG_5585.jpg\"><img loading=\"lazy\" decoding=\"async\" width=\"320\" height=\"240\" src=\"https:\/\/agora.xtec.cat\/escolaprovencana\/wp-content\/uploads\/usu2442\/2024\/11\/IMG_5585.jpg\" alt=\"\" class=\"wp-image-4285\" srcset=\"https:\/\/agora.xtec.cat\/escolaprovencana\/wp-content\/uploads\/usu2442\/2024\/11\/IMG_5585.jpg 320w, https:\/\/agora.xtec.cat\/escolaprovencana\/wp-content\/uploads\/usu2442\/2024\/11\/IMG_5585-300x225.jpg 300w, https:\/\/agora.xtec.cat\/escolaprovencana\/wp-content\/uploads\/usu2442\/2024\/11\/IMG_5585-200x150.jpg 200w\" sizes=\"auto, (max-width: 320px) 100vw, 320px\" \/><\/a><\/figure>\n","protected":false},"excerpt":{"rendered":"<p>Benvolgudes fam\u00edlies,<\/p>\n<p>Us&nbsp;presentem l&#8217;aula d&#8217;acollida, som l&#8217;Alba i la Montse, i us volem donar la&nbsp;Benvinguda.&nbsp;<\/p>\n<p>Sabeu que \u00e9s? \u00c9s un espai \u00e9s un suport addicional adre\u00e7at a l&#8217;alumnat nouvingut, un punt de refer\u00e8ncia i un marc de treball obert, amb una interacci\u00f3 constant amb la din\u00e0mica del&hellip;  <a href=\"https:\/\/agora.xtec.cat\/escolaprovencana\/general\/aula-dacollida-el-teu-somni-comenca-aqui\/\" title=\"Read Aula d&#8217;acollida: el teu somni comen\u00e7a aqu\u00ed&#8230;\">Llegeix m\u00e9s\u00bb<\/a><\/p>\n","protected":false},"author":1,"featured_media":0,"comment_status":"closed","ping_status":"closed","sticky":false,"template":"","format":"standard","meta":{"_bbp_topic_count":0,"_bbp_reply_count":0,"_bbp_total_topic_count":0,"_bbp_total_reply_count":0,"_bbp_voice_count":0,"_bbp_anonymous_reply_count":0,"_bbp_topic_count_hidden":0,"_bbp_reply_count_hidden":0,"_bbp_forum_subforum_count":0,"footnotes":""},"categories":[12,13,126,15,1],"tags":[],"class_list":["post-4283","post","type-post","status-publish","format-standard","hentry","category-3r","category-4t","category-5e-a","category-6e","category-general"],"post_mailing_queue_ids":[],"_links":{"self":[{"href":"https:\/\/agora.xtec.cat\/escolaprovencana\/wp-json\/wp\/v2\/posts\/4283","targetHints":{"allow":["GET"]}}],"collection":[{"href":"https:\/\/agora.xtec.cat\/escolaprovencana\/wp-json\/wp\/v2\/posts"}],"about":[{"href":"https:\/\/agora.xtec.cat\/escolaprovencana\/wp-json\/wp\/v2\/types\/post"}],"author":[{"embeddable":true,"href":"https:\/\/agora.xtec.cat\/escolaprovencana\/wp-json\/wp\/v2\/users\/1"}],"replies":[{"embeddable":true,"href":"https:\/\/agora.xtec.cat\/escolaprovencana\/wp-json\/wp\/v2\/comments?post=4283"}],"version-history":[{"count":2,"href":"https:\/\/agora.xtec.cat\/escolaprovencana\/wp-json\/wp\/v2\/posts\/4283\/revisions"}],"predecessor-version":[{"id":4290,"href":"https:\/\/agora.xtec.cat\/escolaprovencana\/wp-json\/wp\/v2\/posts\/4283\/revisions\/4290"}],"wp:attachment":[{"href":"https:\/\/agora.xtec.cat\/escolaprovencana\/wp-json\/wp\/v2\/media?parent=4283"}],"wp:term":[{"taxonomy":"category","embeddable":true,"href":"https:\/\/agora.xtec.cat\/escolaprovencana\/wp-json\/wp\/v2\/categories?post=4283"},{"taxonomy":"post_tag","embeddable":true,"href":"https:\/\/agora.xtec.cat\/escolaprovencana\/wp-json\/wp\/v2\/tags?post=4283"}],"curies":[{"name":"wp","href":"https:\/\/api.w.org\/{rel}","templated":true}]}}