{"id":4208,"date":"2024-11-07T13:39:07","date_gmt":"2024-11-07T12:39:07","guid":{"rendered":"https:\/\/agora.xtec.cat\/escolaprovencana\/?p=4208"},"modified":"2024-11-07T13:58:04","modified_gmt":"2024-11-07T12:58:04","slug":"la-classe-dels-cuiners-i-les-cuineres","status":"publish","type":"post","link":"https:\/\/agora.xtec.cat\/escolaprovencana\/general\/la-classe-dels-cuiners-i-les-cuineres\/","title":{"rendered":"La classe dels cuiners i les cuineres."},"content":{"rendered":"\n<p>Hola, bon dia, fam\u00edlies!<\/p>\n\n\n\n<p>Com ja sabeu, cada any l\u2019escola escull una tem\u00e0tica general relacionada amb els ODS (Objectius de Desenvolupament Sostenible). Aquest curs escolar ens centrarem en l\u2019ODS n\u00famero 9: Ind\u00fastria, Innovaci\u00f3 i Infraestructura, i la tem\u00e0tica que hem triat \u00e9s&#8230; EL CINEMA!<\/p>\n\n\n\n<p>Cada classe ha d\u2019escollir una pel\u00b7l\u00edcula que els representi. A 2n de prim\u00e0ria, cada nen i nena va proposar una pel\u00b7l\u00edcula i despr\u00e9s vam fer una votaci\u00f3. Les opcions van incloure &#8220;Pesadilla antes de Navidad&#8221; i &#8220;Harry Potter&#8221;, per\u00f2 sabeu quina va ser la guanyadora? Ratatouille!<\/p>\n\n\n\n<p>Amb aquest resultat, ens hem anomenat la classe dels cuiners i les cuineres. Vol\u00edem aprofitar aquesta entrada de blog per presentar-vos la decoraci\u00f3 de la nostra porta. Hem dedicat molt de temps i esfor\u00e7, i esperem que us agradi molt.<\/p>\n\n\n\n<p>Els cuiners i cuineres de 2n de prim\u00e0ria i la mestra Julia.<\/p>\n\n\n\n<figure class=\"wp-block-image size-large\"><a href=\"https:\/\/agora.xtec.cat\/escolaprovencana\/wp-content\/uploads\/usu2442\/2024\/11\/IMG_5738-1-scaled.jpg\"><img loading=\"lazy\" decoding=\"async\" width=\"768\" height=\"1024\" src=\"https:\/\/agora.xtec.cat\/escolaprovencana\/wp-content\/uploads\/usu2442\/2024\/11\/IMG_5738-1-768x1024.jpg\" alt=\"\" class=\"wp-image-4213\" srcset=\"https:\/\/agora.xtec.cat\/escolaprovencana\/wp-content\/uploads\/usu2442\/2024\/11\/IMG_5738-1-768x1024.jpg 768w, https:\/\/agora.xtec.cat\/escolaprovencana\/wp-content\/uploads\/usu2442\/2024\/11\/IMG_5738-1-225x300.jpg 225w, https:\/\/agora.xtec.cat\/escolaprovencana\/wp-content\/uploads\/usu2442\/2024\/11\/IMG_5738-1-1152x1536.jpg 1152w, https:\/\/agora.xtec.cat\/escolaprovencana\/wp-content\/uploads\/usu2442\/2024\/11\/IMG_5738-1-1536x2048.jpg 1536w, https:\/\/agora.xtec.cat\/escolaprovencana\/wp-content\/uploads\/usu2442\/2024\/11\/IMG_5738-1-scaled.jpg 1920w\" sizes=\"auto, (max-width: 768px) 100vw, 768px\" \/><\/a><\/figure>\n\n\n\n<figure class=\"wp-block-image size-large\"><a href=\"https:\/\/agora.xtec.cat\/escolaprovencana\/wp-content\/uploads\/usu2442\/2024\/11\/IMG_5737-1-scaled.jpg\"><img loading=\"lazy\" decoding=\"async\" width=\"768\" height=\"1024\" src=\"https:\/\/agora.xtec.cat\/escolaprovencana\/wp-content\/uploads\/usu2442\/2024\/11\/IMG_5737-1-768x1024.jpg\" alt=\"\" class=\"wp-image-4214\" srcset=\"https:\/\/agora.xtec.cat\/escolaprovencana\/wp-content\/uploads\/usu2442\/2024\/11\/IMG_5737-1-768x1024.jpg 768w, https:\/\/agora.xtec.cat\/escolaprovencana\/wp-content\/uploads\/usu2442\/2024\/11\/IMG_5737-1-225x300.jpg 225w, https:\/\/agora.xtec.cat\/escolaprovencana\/wp-content\/uploads\/usu2442\/2024\/11\/IMG_5737-1-1152x1536.jpg 1152w, https:\/\/agora.xtec.cat\/escolaprovencana\/wp-content\/uploads\/usu2442\/2024\/11\/IMG_5737-1-1536x2048.jpg 1536w, https:\/\/agora.xtec.cat\/escolaprovencana\/wp-content\/uploads\/usu2442\/2024\/11\/IMG_5737-1-scaled.jpg 1920w\" sizes=\"auto, (max-width: 768px) 100vw, 768px\" \/><\/a><\/figure>\n","protected":false},"excerpt":{"rendered":"<p>Hola, bon dia, fam\u00edlies!<\/p>\n<p>Com ja sabeu, cada any l\u2019escola escull una tem\u00e0tica general relacionada amb els ODS (Objectius de Desenvolupament Sostenible). Aquest curs escolar ens centrarem en l\u2019ODS n\u00famero 9: Ind\u00fastria, Innovaci\u00f3 i Infraestructura, i la tem\u00e0tica que hem triat \u00e9s&#8230; EL CINEMA!<\/p>\n<p>Cada classe ha&hellip;  <a href=\"https:\/\/agora.xtec.cat\/escolaprovencana\/general\/la-classe-dels-cuiners-i-les-cuineres\/\" title=\"Read La classe dels cuiners i les cuineres.\">Llegeix m\u00e9s\u00bb<\/a><\/p>\n","protected":false},"author":1,"featured_media":4213,"comment_status":"closed","ping_status":"closed","sticky":false,"template":"","format":"standard","meta":{"_bbp_topic_count":0,"_bbp_reply_count":0,"_bbp_total_topic_count":0,"_bbp_total_reply_count":0,"_bbp_voice_count":0,"_bbp_anonymous_reply_count":0,"_bbp_topic_count_hidden":0,"_bbp_reply_count_hidden":0,"_bbp_forum_subforum_count":0,"footnotes":""},"categories":[11,1],"tags":[],"class_list":["post-4208","post","type-post","status-publish","format-standard","has-post-thumbnail","hentry","category-2n","category-general"],"post_mailing_queue_ids":[],"_links":{"self":[{"href":"https:\/\/agora.xtec.cat\/escolaprovencana\/wp-json\/wp\/v2\/posts\/4208","targetHints":{"allow":["GET"]}}],"collection":[{"href":"https:\/\/agora.xtec.cat\/escolaprovencana\/wp-json\/wp\/v2\/posts"}],"about":[{"href":"https:\/\/agora.xtec.cat\/escolaprovencana\/wp-json\/wp\/v2\/types\/post"}],"author":[{"embeddable":true,"href":"https:\/\/agora.xtec.cat\/escolaprovencana\/wp-json\/wp\/v2\/users\/1"}],"replies":[{"embeddable":true,"href":"https:\/\/agora.xtec.cat\/escolaprovencana\/wp-json\/wp\/v2\/comments?post=4208"}],"version-history":[{"count":1,"href":"https:\/\/agora.xtec.cat\/escolaprovencana\/wp-json\/wp\/v2\/posts\/4208\/revisions"}],"predecessor-version":[{"id":4215,"href":"https:\/\/agora.xtec.cat\/escolaprovencana\/wp-json\/wp\/v2\/posts\/4208\/revisions\/4215"}],"wp:featuredmedia":[{"embeddable":true,"href":"https:\/\/agora.xtec.cat\/escolaprovencana\/wp-json\/wp\/v2\/media\/4213"}],"wp:attachment":[{"href":"https:\/\/agora.xtec.cat\/escolaprovencana\/wp-json\/wp\/v2\/media?parent=4208"}],"wp:term":[{"taxonomy":"category","embeddable":true,"href":"https:\/\/agora.xtec.cat\/escolaprovencana\/wp-json\/wp\/v2\/categories?post=4208"},{"taxonomy":"post_tag","embeddable":true,"href":"https:\/\/agora.xtec.cat\/escolaprovencana\/wp-json\/wp\/v2\/tags?post=4208"}],"curies":[{"name":"wp","href":"https:\/\/api.w.org\/{rel}","templated":true}]}}