{"id":4203,"date":"2024-11-07T00:10:11","date_gmt":"2024-11-06T23:10:11","guid":{"rendered":"https:\/\/agora.xtec.cat\/escolaprovencana\/?p=4203"},"modified":"2024-11-18T19:08:28","modified_gmt":"2024-11-18T18:08:28","slug":"cotxes-valuosos-amb-molts-valors","status":"publish","type":"post","link":"https:\/\/agora.xtec.cat\/escolaprovencana\/general\/cotxes-valuosos-amb-molts-valors\/","title":{"rendered":"COTXES VALUOSOS AMB MOLTS VALORS"},"content":{"rendered":"\n<p>Aqu\u00ed teniu el primer podcast dels CARS (classe dels cotxes) explicant el perqu\u00e8 del nom de la classe i el perqu\u00e8 del nostre lema. Tamb\u00e9 us deixem un parell de fotos de l&#8217;estat actual de la porta de l&#8217;aula.<\/p>\n\n\n\n<p>En el seg\u00fcent enlla\u00e7 teniu el text del podcast per si el voleu llegir: <a href=\"https:\/\/docs.google.com\/document\/d\/1go8c7g7Baa4bRg5x2suKvsMVDixfYHA3aOb9ZDLTydw\/edit?usp=drive_link\" data-type=\"link\" data-id=\"https:\/\/docs.google.com\/document\/d\/1go8c7g7Baa4bRg5x2suKvsMVDixfYHA3aOb9ZDLTydw\/edit?usp=drive_link\">https:\/\/docs.google.com\/document\/d\/1go8c7g7Baa4bRg5x2suKvsMVDixfYHA3aOb9ZDLTydw\/edit?usp=drive_link<\/a><\/p>\n\n\n\n<p>I aquest \u00e9s l&#8217;enlla\u00e7 del podcast. Us convidem a escoltar-lo i desitgem que en gaudiu. <\/p>\n\n\n\n<p><a href=\"https:\/\/drive.google.com\/file\/d\/1H9en6kw9u_za4fwE4Ybj0sr1S9P-9pNE\/view?usp=drive_link\" data-type=\"link\" data-id=\"https:\/\/drive.google.com\/file\/d\/1H9en6kw9u_za4fwE4Ybj0sr1S9P-9pNE\/view?usp=drive_link\">https:\/\/drive.google.com\/file\/d\/1H9en6kw9u_za4fwE4Ybj0sr1S9P-9pNE\/view?usp=drive_link<\/a><\/p>\n\n\n\n<figure class=\"wp-block-gallery has-nested-images columns-default is-cropped wp-block-gallery-1 is-layout-flex wp-block-gallery-is-layout-flex\">\n<figure class=\"wp-block-image size-large\"><a href=\"https:\/\/agora.xtec.cat\/escolaprovencana\/wp-content\/uploads\/usu2442\/2024\/11\/IMG_20241105_134212_1-1-scaled.jpg\"><img loading=\"lazy\" decoding=\"async\" width=\"472\" height=\"1024\" data-id=\"4206\" src=\"https:\/\/agora.xtec.cat\/escolaprovencana\/wp-content\/uploads\/usu2442\/2024\/11\/IMG_20241105_134212_1-1-472x1024.jpg\" alt=\"\" class=\"wp-image-4206\" srcset=\"https:\/\/agora.xtec.cat\/escolaprovencana\/wp-content\/uploads\/usu2442\/2024\/11\/IMG_20241105_134212_1-1-472x1024.jpg 472w, https:\/\/agora.xtec.cat\/escolaprovencana\/wp-content\/uploads\/usu2442\/2024\/11\/IMG_20241105_134212_1-1-138x300.jpg 138w, https:\/\/agora.xtec.cat\/escolaprovencana\/wp-content\/uploads\/usu2442\/2024\/11\/IMG_20241105_134212_1-1-768x1668.jpg 768w, https:\/\/agora.xtec.cat\/escolaprovencana\/wp-content\/uploads\/usu2442\/2024\/11\/IMG_20241105_134212_1-1-707x1536.jpg 707w, https:\/\/agora.xtec.cat\/escolaprovencana\/wp-content\/uploads\/usu2442\/2024\/11\/IMG_20241105_134212_1-1-943x2048.jpg 943w, https:\/\/agora.xtec.cat\/escolaprovencana\/wp-content\/uploads\/usu2442\/2024\/11\/IMG_20241105_134212_1-1-scaled.jpg 1179w\" sizes=\"auto, (max-width: 472px) 100vw, 472px\" \/><\/a><\/figure>\n\n\n\n<figure class=\"wp-block-image size-large\"><a href=\"https:\/\/agora.xtec.cat\/escolaprovencana\/wp-content\/uploads\/usu2442\/2024\/11\/IMG_20241105_134159-scaled.jpg\"><img loading=\"lazy\" decoding=\"async\" width=\"472\" height=\"1024\" data-id=\"4205\" src=\"https:\/\/agora.xtec.cat\/escolaprovencana\/wp-content\/uploads\/usu2442\/2024\/11\/IMG_20241105_134159-472x1024.jpg\" alt=\"\" class=\"wp-image-4205\" srcset=\"https:\/\/agora.xtec.cat\/escolaprovencana\/wp-content\/uploads\/usu2442\/2024\/11\/IMG_20241105_134159-472x1024.jpg 472w, https:\/\/agora.xtec.cat\/escolaprovencana\/wp-content\/uploads\/usu2442\/2024\/11\/IMG_20241105_134159-138x300.jpg 138w, https:\/\/agora.xtec.cat\/escolaprovencana\/wp-content\/uploads\/usu2442\/2024\/11\/IMG_20241105_134159-768x1668.jpg 768w, https:\/\/agora.xtec.cat\/escolaprovencana\/wp-content\/uploads\/usu2442\/2024\/11\/IMG_20241105_134159-707x1536.jpg 707w, https:\/\/agora.xtec.cat\/escolaprovencana\/wp-content\/uploads\/usu2442\/2024\/11\/IMG_20241105_134159-943x2048.jpg 943w, https:\/\/agora.xtec.cat\/escolaprovencana\/wp-content\/uploads\/usu2442\/2024\/11\/IMG_20241105_134159-scaled.jpg 1179w\" sizes=\"auto, (max-width: 472px) 100vw, 472px\" \/><\/a><\/figure>\n<\/figure>\n\n\n\n<p>Fins aviat,<\/p>\n\n\n\n<p>CARS Classe dels Cotxes (4t de Prim\u00e0ria)<\/p>\n","protected":false},"excerpt":{"rendered":"<p>Aqu\u00ed teniu el primer podcast dels CARS (classe dels cotxes) explicant el perqu\u00e8 del nom de la classe i el perqu\u00e8 del nostre lema. Tamb\u00e9 us deixem un parell de fotos de l&#8217;estat actual de la porta de l&#8217;aula.<\/p>\n<p>En el seg\u00fcent enlla\u00e7 teniu el text&hellip;  <a href=\"https:\/\/agora.xtec.cat\/escolaprovencana\/general\/cotxes-valuosos-amb-molts-valors\/\" title=\"Read COTXES VALUOSOS AMB MOLTS VALORS\">Llegeix m\u00e9s\u00bb<\/a><\/p>\n","protected":false},"author":15,"featured_media":0,"comment_status":"closed","ping_status":"closed","sticky":false,"template":"","format":"standard","meta":{"_bbp_topic_count":0,"_bbp_reply_count":0,"_bbp_total_topic_count":0,"_bbp_total_reply_count":0,"_bbp_voice_count":0,"_bbp_anonymous_reply_count":0,"_bbp_topic_count_hidden":0,"_bbp_reply_count_hidden":0,"_bbp_forum_subforum_count":0,"footnotes":""},"categories":[13,1],"tags":[],"class_list":["post-4203","post","type-post","status-publish","format-standard","hentry","category-4t","category-general"],"post_mailing_queue_ids":[],"_links":{"self":[{"href":"https:\/\/agora.xtec.cat\/escolaprovencana\/wp-json\/wp\/v2\/posts\/4203","targetHints":{"allow":["GET"]}}],"collection":[{"href":"https:\/\/agora.xtec.cat\/escolaprovencana\/wp-json\/wp\/v2\/posts"}],"about":[{"href":"https:\/\/agora.xtec.cat\/escolaprovencana\/wp-json\/wp\/v2\/types\/post"}],"author":[{"embeddable":true,"href":"https:\/\/agora.xtec.cat\/escolaprovencana\/wp-json\/wp\/v2\/users\/15"}],"replies":[{"embeddable":true,"href":"https:\/\/agora.xtec.cat\/escolaprovencana\/wp-json\/wp\/v2\/comments?post=4203"}],"version-history":[{"count":1,"href":"https:\/\/agora.xtec.cat\/escolaprovencana\/wp-json\/wp\/v2\/posts\/4203\/revisions"}],"predecessor-version":[{"id":4207,"href":"https:\/\/agora.xtec.cat\/escolaprovencana\/wp-json\/wp\/v2\/posts\/4203\/revisions\/4207"}],"wp:attachment":[{"href":"https:\/\/agora.xtec.cat\/escolaprovencana\/wp-json\/wp\/v2\/media?parent=4203"}],"wp:term":[{"taxonomy":"category","embeddable":true,"href":"https:\/\/agora.xtec.cat\/escolaprovencana\/wp-json\/wp\/v2\/categories?post=4203"},{"taxonomy":"post_tag","embeddable":true,"href":"https:\/\/agora.xtec.cat\/escolaprovencana\/wp-json\/wp\/v2\/tags?post=4203"}],"curies":[{"name":"wp","href":"https:\/\/api.w.org\/{rel}","templated":true}]}}