{"id":4198,"date":"2024-11-06T13:26:29","date_gmt":"2024-11-06T12:26:29","guid":{"rendered":"https:\/\/agora.xtec.cat\/escolaprovencana\/?p=4198"},"modified":"2024-11-06T13:26:30","modified_gmt":"2024-11-06T12:26:30","slug":"tallers-de-halloween-a-cicle-superior","status":"publish","type":"post","link":"https:\/\/agora.xtec.cat\/escolaprovencana\/general\/tallers-de-halloween-a-cicle-superior\/","title":{"rendered":"TALLERS DE HALLOWEEN A CICLE SUPERIOR"},"content":{"rendered":"\n<p>Aprofitant la festivitat de Halloween, els alumnes de cicle superior (5\u00e8, 6\u00e8 A i 6\u00e8 B)  hem dut a terme dos tallers de pl\u00e0stica. Han estat unes hores en les que ho hem passat genial i a m\u00e9s, ens han sortit unes manualitats molt terror\u00edfiques!<\/p>\n\n\n\n<figure class=\"wp-block-image size-large\"><a href=\"https:\/\/agora.xtec.cat\/escolaprovencana\/wp-content\/uploads\/usu2442\/2024\/11\/TALLERS-DE-HALLOW-1.png\"><img loading=\"lazy\" decoding=\"async\" width=\"724\" height=\"1024\" src=\"https:\/\/agora.xtec.cat\/escolaprovencana\/wp-content\/uploads\/usu2442\/2024\/11\/TALLERS-DE-HALLOW-1-724x1024.png\" alt=\"\" class=\"wp-image-4199\" srcset=\"https:\/\/agora.xtec.cat\/escolaprovencana\/wp-content\/uploads\/usu2442\/2024\/11\/TALLERS-DE-HALLOW-1-724x1024.png 724w, https:\/\/agora.xtec.cat\/escolaprovencana\/wp-content\/uploads\/usu2442\/2024\/11\/TALLERS-DE-HALLOW-1-212x300.png 212w, https:\/\/agora.xtec.cat\/escolaprovencana\/wp-content\/uploads\/usu2442\/2024\/11\/TALLERS-DE-HALLOW-1-768x1086.png 768w, https:\/\/agora.xtec.cat\/escolaprovencana\/wp-content\/uploads\/usu2442\/2024\/11\/TALLERS-DE-HALLOW-1-1086x1536.png 1086w, https:\/\/agora.xtec.cat\/escolaprovencana\/wp-content\/uploads\/usu2442\/2024\/11\/TALLERS-DE-HALLOW-1.png 1414w\" sizes=\"auto, (max-width: 724px) 100vw, 724px\" \/><\/a><\/figure>\n","protected":false},"excerpt":{"rendered":"<p>Aprofitant la festivitat de Halloween, els alumnes de cicle superior (5\u00e8, 6\u00e8 A i 6\u00e8 B)  hem dut a terme dos tallers de pl\u00e0stica. Han estat unes hores en les que ho hem passat genial i a m\u00e9s, ens han sortit unes manualitats molt&hellip;  <a href=\"https:\/\/agora.xtec.cat\/escolaprovencana\/general\/tallers-de-halloween-a-cicle-superior\/\" title=\"Read TALLERS DE HALLOWEEN A CICLE SUPERIOR\">Llegeix m\u00e9s\u00bb<\/a><\/p>\n","protected":false},"author":1,"featured_media":0,"comment_status":"closed","ping_status":"closed","sticky":false,"template":"","format":"standard","meta":{"_bbp_topic_count":0,"_bbp_reply_count":0,"_bbp_total_topic_count":0,"_bbp_total_reply_count":0,"_bbp_voice_count":0,"_bbp_anonymous_reply_count":0,"_bbp_topic_count_hidden":0,"_bbp_reply_count_hidden":0,"_bbp_forum_subforum_count":0,"footnotes":""},"categories":[126,15,1],"tags":[],"class_list":["post-4198","post","type-post","status-publish","format-standard","hentry","category-5e-a","category-6e","category-general"],"post_mailing_queue_ids":[],"_links":{"self":[{"href":"https:\/\/agora.xtec.cat\/escolaprovencana\/wp-json\/wp\/v2\/posts\/4198","targetHints":{"allow":["GET"]}}],"collection":[{"href":"https:\/\/agora.xtec.cat\/escolaprovencana\/wp-json\/wp\/v2\/posts"}],"about":[{"href":"https:\/\/agora.xtec.cat\/escolaprovencana\/wp-json\/wp\/v2\/types\/post"}],"author":[{"embeddable":true,"href":"https:\/\/agora.xtec.cat\/escolaprovencana\/wp-json\/wp\/v2\/users\/1"}],"replies":[{"embeddable":true,"href":"https:\/\/agora.xtec.cat\/escolaprovencana\/wp-json\/wp\/v2\/comments?post=4198"}],"version-history":[{"count":1,"href":"https:\/\/agora.xtec.cat\/escolaprovencana\/wp-json\/wp\/v2\/posts\/4198\/revisions"}],"predecessor-version":[{"id":4200,"href":"https:\/\/agora.xtec.cat\/escolaprovencana\/wp-json\/wp\/v2\/posts\/4198\/revisions\/4200"}],"wp:attachment":[{"href":"https:\/\/agora.xtec.cat\/escolaprovencana\/wp-json\/wp\/v2\/media?parent=4198"}],"wp:term":[{"taxonomy":"category","embeddable":true,"href":"https:\/\/agora.xtec.cat\/escolaprovencana\/wp-json\/wp\/v2\/categories?post=4198"},{"taxonomy":"post_tag","embeddable":true,"href":"https:\/\/agora.xtec.cat\/escolaprovencana\/wp-json\/wp\/v2\/tags?post=4198"}],"curies":[{"name":"wp","href":"https:\/\/api.w.org\/{rel}","templated":true}]}}