{"id":4179,"date":"2024-10-31T13:15:03","date_gmt":"2024-10-31T12:15:03","guid":{"rendered":"https:\/\/agora.xtec.cat\/escolaprovencana\/?p=4179"},"modified":"2024-11-05T09:40:49","modified_gmt":"2024-11-05T08:40:49","slug":"tallers-de-halloween-5e","status":"publish","type":"post","link":"https:\/\/agora.xtec.cat\/escolaprovencana\/general\/tallers-de-halloween-5e\/","title":{"rendered":"Tallers de Halloween (5\u00e8)"},"content":{"rendered":"\n<p>Hola bon dia!<\/p>\n\n\n\n<p>Ahir com a commemoraci\u00f3 del dia de Halloween, al cicle superior vam realitzar dos tallers pl\u00e0stics relacionats amb aquesta festa.<\/p>\n\n\n\n<p>Concretament a 5\u00e8, tots els nens i nenes van estar molt implicats i van gaudir de les manualitats.<\/p>\n\n\n\n<p>D&#8217;aquesta manera, vol\u00edem compartir amb vosaltres diferents imatges perqu\u00e8 vegeu els s\u00faper resultats!<\/p>\n\n\n\n<p>Per una banda, vam realitzar una casa encantada amb l&#8217;ajuda de la nostra m\u00e0.<\/p>\n\n\n\n<p>Per altra banda, vam fer un desplegable amb figures representatives de Halloween (com fantasmes, carbasses, esquelets, etc.), en els quals en estirar i desplegar, sortia un missatge.<\/p>\n\n\n\n<p>Esperem que us agradi molt! Happy halloween!!<\/p>\n\n\n\n<p>Sara, tutora de 5\u00e8<\/p>\n\n\n\n<figure class=\"wp-block-image size-large\"><a href=\"https:\/\/agora.xtec.cat\/escolaprovencana\/wp-content\/uploads\/usu2442\/2024\/10\/Captura1.png\"><img loading=\"lazy\" decoding=\"async\" width=\"1024\" height=\"668\" src=\"https:\/\/agora.xtec.cat\/escolaprovencana\/wp-content\/uploads\/usu2442\/2024\/10\/Captura1-1024x668.png\" alt=\"\" class=\"wp-image-4180\" srcset=\"https:\/\/agora.xtec.cat\/escolaprovencana\/wp-content\/uploads\/usu2442\/2024\/10\/Captura1-1024x668.png 1024w, https:\/\/agora.xtec.cat\/escolaprovencana\/wp-content\/uploads\/usu2442\/2024\/10\/Captura1-300x196.png 300w, https:\/\/agora.xtec.cat\/escolaprovencana\/wp-content\/uploads\/usu2442\/2024\/10\/Captura1-768x501.png 768w, https:\/\/agora.xtec.cat\/escolaprovencana\/wp-content\/uploads\/usu2442\/2024\/10\/Captura1.png 1124w\" sizes=\"auto, (max-width: 1024px) 100vw, 1024px\" \/><\/a><\/figure>\n\n\n\n<figure class=\"wp-block-image size-large\"><a href=\"https:\/\/agora.xtec.cat\/escolaprovencana\/wp-content\/uploads\/usu2442\/2024\/10\/Captura.png\"><img loading=\"lazy\" decoding=\"async\" width=\"1024\" height=\"667\" src=\"https:\/\/agora.xtec.cat\/escolaprovencana\/wp-content\/uploads\/usu2442\/2024\/10\/Captura-1024x667.png\" alt=\"\" class=\"wp-image-4181\" srcset=\"https:\/\/agora.xtec.cat\/escolaprovencana\/wp-content\/uploads\/usu2442\/2024\/10\/Captura-1024x667.png 1024w, https:\/\/agora.xtec.cat\/escolaprovencana\/wp-content\/uploads\/usu2442\/2024\/10\/Captura-300x195.png 300w, https:\/\/agora.xtec.cat\/escolaprovencana\/wp-content\/uploads\/usu2442\/2024\/10\/Captura-768x500.png 768w, https:\/\/agora.xtec.cat\/escolaprovencana\/wp-content\/uploads\/usu2442\/2024\/10\/Captura.png 1119w\" sizes=\"auto, (max-width: 1024px) 100vw, 1024px\" \/><\/a><\/figure>\n\n\n\n<figure class=\"wp-block-image size-full\"><a href=\"https:\/\/agora.xtec.cat\/escolaprovencana\/wp-content\/uploads\/usu2442\/2024\/10\/3.png\"><img loading=\"lazy\" decoding=\"async\" width=\"469\" height=\"608\" src=\"https:\/\/agora.xtec.cat\/escolaprovencana\/wp-content\/uploads\/usu2442\/2024\/10\/3.png\" alt=\"\" class=\"wp-image-4182\" srcset=\"https:\/\/agora.xtec.cat\/escolaprovencana\/wp-content\/uploads\/usu2442\/2024\/10\/3.png 469w, https:\/\/agora.xtec.cat\/escolaprovencana\/wp-content\/uploads\/usu2442\/2024\/10\/3-231x300.png 231w\" sizes=\"auto, (max-width: 469px) 100vw, 469px\" \/><\/a><\/figure>\n\n\n\n<figure class=\"wp-block-image size-full\"><a href=\"https:\/\/agora.xtec.cat\/escolaprovencana\/wp-content\/uploads\/usu2442\/2024\/10\/4-1.png\"><img loading=\"lazy\" decoding=\"async\" width=\"213\" height=\"717\" src=\"https:\/\/agora.xtec.cat\/escolaprovencana\/wp-content\/uploads\/usu2442\/2024\/10\/4-1.png\" alt=\"\" class=\"wp-image-4184\" srcset=\"https:\/\/agora.xtec.cat\/escolaprovencana\/wp-content\/uploads\/usu2442\/2024\/10\/4-1.png 213w, https:\/\/agora.xtec.cat\/escolaprovencana\/wp-content\/uploads\/usu2442\/2024\/10\/4-1-89x300.png 89w\" sizes=\"auto, (max-width: 213px) 100vw, 213px\" \/><\/a><\/figure>\n","protected":false},"excerpt":{"rendered":"<p>Hola bon dia!<\/p>\n<p>Ahir com a commemoraci\u00f3 del dia de Halloween, al cicle superior vam realitzar dos tallers pl\u00e0stics relacionats amb aquesta festa.<\/p>\n<p>Concretament a 5\u00e8, tots els nens i nenes van estar molt implicats i van gaudir de les manualitats.<\/p>\n<p>D&#8217;aquesta manera, vol\u00edem compartir amb vosaltres diferents&hellip;  <a href=\"https:\/\/agora.xtec.cat\/escolaprovencana\/general\/tallers-de-halloween-5e\/\" title=\"Read Tallers de Halloween (5\u00e8)\">Llegeix m\u00e9s\u00bb<\/a><\/p>\n","protected":false},"author":45,"featured_media":0,"comment_status":"closed","ping_status":"closed","sticky":false,"template":"","format":"standard","meta":{"_bbp_topic_count":0,"_bbp_reply_count":0,"_bbp_total_topic_count":0,"_bbp_total_reply_count":0,"_bbp_voice_count":0,"_bbp_anonymous_reply_count":0,"_bbp_topic_count_hidden":0,"_bbp_reply_count_hidden":0,"_bbp_forum_subforum_count":0,"footnotes":""},"categories":[126,1,64],"tags":[],"class_list":["post-4179","post","type-post","status-publish","format-standard","hentry","category-5e-a","category-general","category-inici"],"post_mailing_queue_ids":[],"_links":{"self":[{"href":"https:\/\/agora.xtec.cat\/escolaprovencana\/wp-json\/wp\/v2\/posts\/4179","targetHints":{"allow":["GET"]}}],"collection":[{"href":"https:\/\/agora.xtec.cat\/escolaprovencana\/wp-json\/wp\/v2\/posts"}],"about":[{"href":"https:\/\/agora.xtec.cat\/escolaprovencana\/wp-json\/wp\/v2\/types\/post"}],"author":[{"embeddable":true,"href":"https:\/\/agora.xtec.cat\/escolaprovencana\/wp-json\/wp\/v2\/users\/45"}],"replies":[{"embeddable":true,"href":"https:\/\/agora.xtec.cat\/escolaprovencana\/wp-json\/wp\/v2\/comments?post=4179"}],"version-history":[{"count":1,"href":"https:\/\/agora.xtec.cat\/escolaprovencana\/wp-json\/wp\/v2\/posts\/4179\/revisions"}],"predecessor-version":[{"id":4185,"href":"https:\/\/agora.xtec.cat\/escolaprovencana\/wp-json\/wp\/v2\/posts\/4179\/revisions\/4185"}],"wp:attachment":[{"href":"https:\/\/agora.xtec.cat\/escolaprovencana\/wp-json\/wp\/v2\/media?parent=4179"}],"wp:term":[{"taxonomy":"category","embeddable":true,"href":"https:\/\/agora.xtec.cat\/escolaprovencana\/wp-json\/wp\/v2\/categories?post=4179"},{"taxonomy":"post_tag","embeddable":true,"href":"https:\/\/agora.xtec.cat\/escolaprovencana\/wp-json\/wp\/v2\/tags?post=4179"}],"curies":[{"name":"wp","href":"https:\/\/api.w.org\/{rel}","templated":true}]}}