{"id":4176,"date":"2024-10-31T12:56:05","date_gmt":"2024-10-31T11:56:05","guid":{"rendered":"https:\/\/agora.xtec.cat\/escolaprovencana\/?p=4176"},"modified":"2024-11-05T10:09:52","modified_gmt":"2024-11-05T09:09:52","slug":"la-classe-dels-xocolaters","status":"publish","type":"post","link":"https:\/\/agora.xtec.cat\/escolaprovencana\/general\/la-classe-dels-xocolaters\/","title":{"rendered":"La classe dels xocolaters"},"content":{"rendered":"\n<p>Hola&nbsp;bon&nbsp;dia&nbsp;fam\u00edlies!<\/p>\n\n\n\n<p>Com ja sabeu, cada any en l&#8217;escola s&#8217;escull una tem\u00e0tica general per tota l&#8217;escola relacionada amb els ODS (objectius de desenvolupament sostenible).<\/p>\n\n\n\n<p>Aquest curs escolar hem escollit&#8230; EL CINEMA!<\/p>\n\n\n\n<p>Despr\u00e9s d&#8217;aquest gran pas, cada classe havia d&#8217;escollir una pel\u00b7l\u00edcula que els hi represent\u00e9s. En el cas de cinqu\u00e8, cada nen i nena va dir una pel\u00b7l\u00edcula i despr\u00e9s es va dur a terme una votaci\u00f3. Van sortir pel\u00b7l\u00edcules com&nbsp;Spiderman, avatar,&nbsp;it, etc.<\/p>\n\n\n\n<p>Per\u00f2 sabeu quina va ser la guanyadora? Charlie i la f\u00e0brica de xocolata!<\/p>\n\n\n\n<p>Per fer honor a la pel\u00b7l\u00edcula, concretament ens anomenem els xocolaters, i&nbsp;vol\u00edem&nbsp;fer aquesta entrada de blog per presentar-vos la decoraci\u00f3 de la nostra porta. Hem posat moltes ganes i molt d&#8217;esfor\u00e7, esperem de tot cor que us agradi molt.<\/p>\n\n\n\n<p>La mestra xocolatera (Sara) i els xocolaters i xocolateres de 5\u00e8.<\/p>\n\n\n\n<p><\/p>\n\n\n\n<figure class=\"wp-block-image size-full\"><a href=\"https:\/\/agora.xtec.cat\/escolaprovencana\/wp-content\/uploads\/usu2442\/2024\/10\/porta.png\"><img loading=\"lazy\" decoding=\"async\" width=\"682\" height=\"510\" src=\"https:\/\/agora.xtec.cat\/escolaprovencana\/wp-content\/uploads\/usu2442\/2024\/10\/porta.png\" alt=\"\" class=\"wp-image-4177\" srcset=\"https:\/\/agora.xtec.cat\/escolaprovencana\/wp-content\/uploads\/usu2442\/2024\/10\/porta.png 682w, https:\/\/agora.xtec.cat\/escolaprovencana\/wp-content\/uploads\/usu2442\/2024\/10\/porta-300x224.png 300w, https:\/\/agora.xtec.cat\/escolaprovencana\/wp-content\/uploads\/usu2442\/2024\/10\/porta-200x150.png 200w\" sizes=\"auto, (max-width: 682px) 100vw, 682px\" \/><\/a><\/figure>\n\n\n","protected":false},"excerpt":{"rendered":"<p>Hola&nbsp;bon&nbsp;dia&nbsp;fam\u00edlies!<\/p>\n<p>Com ja sabeu, cada any en l&#8217;escola s&#8217;escull una tem\u00e0tica general per tota l&#8217;escola relacionada amb els ODS (objectius de desenvolupament sostenible).<\/p>\n<p>Aquest curs escolar hem escollit&#8230; EL CINEMA!<\/p>\n<p>Despr\u00e9s d&#8217;aquest gran pas, cada classe havia d&#8217;escollir una pel\u00b7l\u00edcula que els hi represent\u00e9s. En el cas de&hellip;  <a href=\"https:\/\/agora.xtec.cat\/escolaprovencana\/general\/la-classe-dels-xocolaters\/\" title=\"Read La classe dels xocolaters\">Llegeix m\u00e9s\u00bb<\/a><\/p>\n","protected":false},"author":45,"featured_media":0,"comment_status":"closed","ping_status":"closed","sticky":false,"template":"","format":"standard","meta":{"_bbp_topic_count":0,"_bbp_reply_count":0,"_bbp_total_topic_count":0,"_bbp_total_reply_count":0,"_bbp_voice_count":0,"_bbp_anonymous_reply_count":0,"_bbp_topic_count_hidden":0,"_bbp_reply_count_hidden":0,"_bbp_forum_subforum_count":0,"footnotes":""},"categories":[126,1],"tags":[],"class_list":["post-4176","post","type-post","status-publish","format-standard","hentry","category-5e-a","category-general"],"post_mailing_queue_ids":[],"_links":{"self":[{"href":"https:\/\/agora.xtec.cat\/escolaprovencana\/wp-json\/wp\/v2\/posts\/4176","targetHints":{"allow":["GET"]}}],"collection":[{"href":"https:\/\/agora.xtec.cat\/escolaprovencana\/wp-json\/wp\/v2\/posts"}],"about":[{"href":"https:\/\/agora.xtec.cat\/escolaprovencana\/wp-json\/wp\/v2\/types\/post"}],"author":[{"embeddable":true,"href":"https:\/\/agora.xtec.cat\/escolaprovencana\/wp-json\/wp\/v2\/users\/45"}],"replies":[{"embeddable":true,"href":"https:\/\/agora.xtec.cat\/escolaprovencana\/wp-json\/wp\/v2\/comments?post=4176"}],"version-history":[{"count":1,"href":"https:\/\/agora.xtec.cat\/escolaprovencana\/wp-json\/wp\/v2\/posts\/4176\/revisions"}],"predecessor-version":[{"id":4178,"href":"https:\/\/agora.xtec.cat\/escolaprovencana\/wp-json\/wp\/v2\/posts\/4176\/revisions\/4178"}],"wp:attachment":[{"href":"https:\/\/agora.xtec.cat\/escolaprovencana\/wp-json\/wp\/v2\/media?parent=4176"}],"wp:term":[{"taxonomy":"category","embeddable":true,"href":"https:\/\/agora.xtec.cat\/escolaprovencana\/wp-json\/wp\/v2\/categories?post=4176"},{"taxonomy":"post_tag","embeddable":true,"href":"https:\/\/agora.xtec.cat\/escolaprovencana\/wp-json\/wp\/v2\/tags?post=4176"}],"curies":[{"name":"wp","href":"https:\/\/api.w.org\/{rel}","templated":true}]}}