{"id":4144,"date":"2024-10-22T11:28:41","date_gmt":"2024-10-22T09:28:41","guid":{"rendered":"https:\/\/agora.xtec.cat\/escolaprovencana\/?p=4144"},"modified":"2024-11-05T10:10:15","modified_gmt":"2024-11-05T09:10:15","slug":"la-classe-de-els-increibles","status":"publish","type":"post","link":"https:\/\/agora.xtec.cat\/escolaprovencana\/general\/la-classe-de-els-increibles\/","title":{"rendered":"La classe de &#8220;Els incre\u00efbles&#8221;"},"content":{"rendered":"\n<p>Benvolgudes fam\u00edlies,<\/p>\n\n\n\n<p>Us donem la benvinguda a aquest nou curs ple de reptes i moments \u00fanics. Aquest any, la nostra classe portar\u00e0 el nom de \u201cEls Incre\u00efbles\u201d, un nom que ens acompanyar\u00e0 al llarg del curs per recordar-nos que cadasc\u00fa de nosaltres t\u00e9 el seu propi superpoder. Aquest nom est\u00e0 relacionat amb el projecte anual de l\u2019escola: el m\u00f3n del cinema.<\/p>\n\n\n\n<p>Aquest curs el dedicarem a descobrir tot el potencial que tenim a dins i a treballar valors com la cooperaci\u00f3, la responsabilitat i l\u2019esfor\u00e7. Inspirats pels superherois, aprendrem que la for\u00e7a veritable no es troba nom\u00e9s en les capacitats de cadasc\u00fa, sin\u00f3 en la perseveran\u00e7a, l\u2019amistat i la creativitat per superar els reptes que se\u2019ns presenten en el dia a dia. Treballarem la confian\u00e7a en nosaltres mateixos i en els altres.&nbsp;<\/p>\n\n\n\n<p>Estic segura que aquest any ser\u00e0 una experi\u00e8ncia inoblidable per a tots i totes nosaltres. Amb la vostra col\u00b7laboraci\u00f3, farem que cada dia a l\u2019aula sigui una nova oportunitat per aprendre i cr\u00e9ixer.<\/p>\n\n\n\n<p>Amb ganes de comen\u00e7ar aquesta aventura plegats!<\/p>\n\n\n\n<p>Silvia<\/p>\n\n\n\n<p>Mestra de \u201cEls incre\u00edbles\u201d<\/p>\n\n\n\n<figure class=\"wp-block-image size-large\"><a href=\"https:\/\/agora.xtec.cat\/escolaprovencana\/wp-content\/uploads\/usu2442\/2024\/10\/IMG_6884-2-1-3-scaled.jpg\"><img loading=\"lazy\" decoding=\"async\" width=\"725\" height=\"1024\" src=\"https:\/\/agora.xtec.cat\/escolaprovencana\/wp-content\/uploads\/usu2442\/2024\/10\/IMG_6884-2-1-3-725x1024.jpg\" alt=\"\" class=\"wp-image-4145\" srcset=\"https:\/\/agora.xtec.cat\/escolaprovencana\/wp-content\/uploads\/usu2442\/2024\/10\/IMG_6884-2-1-3-725x1024.jpg 725w, https:\/\/agora.xtec.cat\/escolaprovencana\/wp-content\/uploads\/usu2442\/2024\/10\/IMG_6884-2-1-3-212x300.jpg 212w, https:\/\/agora.xtec.cat\/escolaprovencana\/wp-content\/uploads\/usu2442\/2024\/10\/IMG_6884-2-1-3-768x1085.jpg 768w, https:\/\/agora.xtec.cat\/escolaprovencana\/wp-content\/uploads\/usu2442\/2024\/10\/IMG_6884-2-1-3-1087x1536.jpg 1087w, https:\/\/agora.xtec.cat\/escolaprovencana\/wp-content\/uploads\/usu2442\/2024\/10\/IMG_6884-2-1-3-1449x2048.jpg 1449w, https:\/\/agora.xtec.cat\/escolaprovencana\/wp-content\/uploads\/usu2442\/2024\/10\/IMG_6884-2-1-3-scaled.jpg 1811w\" sizes=\"auto, (max-width: 725px) 100vw, 725px\" \/><\/a><\/figure>\n","protected":false},"excerpt":{"rendered":"<p>Benvolgudes fam\u00edlies,<\/p>\n<p>Us donem la benvinguda a aquest nou curs ple de reptes i moments \u00fanics. Aquest any, la nostra classe portar\u00e0 el nom de \u201cEls Incre\u00efbles\u201d, un nom que ens acompanyar\u00e0 al llarg del curs per recordar-nos que cadasc\u00fa de nosaltres t\u00e9 el seu propi&hellip;  <a href=\"https:\/\/agora.xtec.cat\/escolaprovencana\/general\/la-classe-de-els-increibles\/\" title=\"Read La classe de &#8220;Els incre\u00efbles&#8221;\">Llegeix m\u00e9s\u00bb<\/a><\/p>\n","protected":false},"author":44,"featured_media":0,"comment_status":"closed","ping_status":"closed","sticky":false,"template":"","format":"standard","meta":{"_bbp_topic_count":0,"_bbp_reply_count":0,"_bbp_total_topic_count":0,"_bbp_total_reply_count":0,"_bbp_voice_count":0,"_bbp_anonymous_reply_count":0,"_bbp_topic_count_hidden":0,"_bbp_reply_count_hidden":0,"_bbp_forum_subforum_count":0,"footnotes":""},"categories":[12,1],"tags":[],"class_list":["post-4144","post","type-post","status-publish","format-standard","hentry","category-3r","category-general"],"post_mailing_queue_ids":[],"_links":{"self":[{"href":"https:\/\/agora.xtec.cat\/escolaprovencana\/wp-json\/wp\/v2\/posts\/4144","targetHints":{"allow":["GET"]}}],"collection":[{"href":"https:\/\/agora.xtec.cat\/escolaprovencana\/wp-json\/wp\/v2\/posts"}],"about":[{"href":"https:\/\/agora.xtec.cat\/escolaprovencana\/wp-json\/wp\/v2\/types\/post"}],"author":[{"embeddable":true,"href":"https:\/\/agora.xtec.cat\/escolaprovencana\/wp-json\/wp\/v2\/users\/44"}],"replies":[{"embeddable":true,"href":"https:\/\/agora.xtec.cat\/escolaprovencana\/wp-json\/wp\/v2\/comments?post=4144"}],"version-history":[{"count":1,"href":"https:\/\/agora.xtec.cat\/escolaprovencana\/wp-json\/wp\/v2\/posts\/4144\/revisions"}],"predecessor-version":[{"id":4146,"href":"https:\/\/agora.xtec.cat\/escolaprovencana\/wp-json\/wp\/v2\/posts\/4144\/revisions\/4146"}],"wp:attachment":[{"href":"https:\/\/agora.xtec.cat\/escolaprovencana\/wp-json\/wp\/v2\/media?parent=4144"}],"wp:term":[{"taxonomy":"category","embeddable":true,"href":"https:\/\/agora.xtec.cat\/escolaprovencana\/wp-json\/wp\/v2\/categories?post=4144"},{"taxonomy":"post_tag","embeddable":true,"href":"https:\/\/agora.xtec.cat\/escolaprovencana\/wp-json\/wp\/v2\/tags?post=4144"}],"curies":[{"name":"wp","href":"https:\/\/api.w.org\/{rel}","templated":true}]}}