{"id":4126,"date":"2024-10-21T18:17:50","date_gmt":"2024-10-21T16:17:50","guid":{"rendered":"https:\/\/agora.xtec.cat\/escolaprovencana\/?p=4126"},"modified":"2024-11-05T10:28:54","modified_gmt":"2024-11-05T09:28:54","slug":"museu-de-les-matematiques","status":"publish","type":"post","link":"https:\/\/agora.xtec.cat\/escolaprovencana\/general\/museu-de-les-matematiques\/","title":{"rendered":"Museu de les Matem\u00e0tiques"},"content":{"rendered":"\n<p>Bon dia fam\u00edlies de cicle mitj\u00e0!<\/p>\n\n\n\n<p>Els vostres infants varen visitar el Museu de les Matem\u00e0tiques de Cornell\u00e0, que es troba dins el parc de Can Mercader.  Durant tot el mat\u00ed vam realitzar tota mena d&#8217;activitats pr\u00e0ctiques per tal d&#8217;apropar-nos al m\u00f3n dels nombres de manera engrescadora i cooperativa. Us animem a anar-hi perqu\u00e8 \u00e9s una experi\u00e8ncia molt enriquidora per aprendre matem\u00e0tiques manipulatives.<\/p>\n\n\n\n<p>Esperem que us agradi! Fins aviat<\/p>\n\n\n\n<p>Equip de cicle mitj\u00e0<\/p>\n\n\n\n<figure class=\"wp-block-video\"><video controls src=\"https:\/\/agora.xtec.cat\/escolaprovencana\/wp-content\/uploads\/usu2442\/2024\/10\/Museu-de-les-matematiques-3r-compri-mov.mov\"><\/video><\/figure>\n\n\n\n<figure class=\"wp-block-video\"><video controls src=\"https:\/\/agora.xtec.cat\/escolaprovencana\/wp-content\/uploads\/usu2442\/2024\/10\/Museu-de-les-matematiques-4t-mov-1-2.mov\"><\/video><\/figure>\n","protected":false},"excerpt":{"rendered":"<p>Bon dia fam\u00edlies de cicle mitj\u00e0!<\/p>\n<p>Els vostres infants varen visitar el Museu de les Matem\u00e0tiques de Cornell\u00e0, que es troba dins el parc de Can Mercader.  Durant tot el mat\u00ed vam realitzar tota mena d&#8217;activitats pr\u00e0ctiques per tal d&#8217;apropar-nos al m\u00f3n dels nombres de&hellip;  <a href=\"https:\/\/agora.xtec.cat\/escolaprovencana\/general\/museu-de-les-matematiques\/\" title=\"Read Museu de les Matem\u00e0tiques\">Llegeix m\u00e9s\u00bb<\/a><\/p>\n","protected":false},"author":11,"featured_media":0,"comment_status":"closed","ping_status":"closed","sticky":false,"template":"","format":"standard","meta":{"_bbp_topic_count":0,"_bbp_reply_count":0,"_bbp_total_topic_count":0,"_bbp_total_reply_count":0,"_bbp_voice_count":0,"_bbp_anonymous_reply_count":0,"_bbp_topic_count_hidden":0,"_bbp_reply_count_hidden":0,"_bbp_forum_subforum_count":0,"footnotes":""},"categories":[12,13,1],"tags":[],"class_list":["post-4126","post","type-post","status-publish","format-standard","hentry","category-3r","category-4t","category-general"],"post_mailing_queue_ids":[],"_links":{"self":[{"href":"https:\/\/agora.xtec.cat\/escolaprovencana\/wp-json\/wp\/v2\/posts\/4126","targetHints":{"allow":["GET"]}}],"collection":[{"href":"https:\/\/agora.xtec.cat\/escolaprovencana\/wp-json\/wp\/v2\/posts"}],"about":[{"href":"https:\/\/agora.xtec.cat\/escolaprovencana\/wp-json\/wp\/v2\/types\/post"}],"author":[{"embeddable":true,"href":"https:\/\/agora.xtec.cat\/escolaprovencana\/wp-json\/wp\/v2\/users\/11"}],"replies":[{"embeddable":true,"href":"https:\/\/agora.xtec.cat\/escolaprovencana\/wp-json\/wp\/v2\/comments?post=4126"}],"version-history":[{"count":5,"href":"https:\/\/agora.xtec.cat\/escolaprovencana\/wp-json\/wp\/v2\/posts\/4126\/revisions"}],"predecessor-version":[{"id":4159,"href":"https:\/\/agora.xtec.cat\/escolaprovencana\/wp-json\/wp\/v2\/posts\/4126\/revisions\/4159"}],"wp:attachment":[{"href":"https:\/\/agora.xtec.cat\/escolaprovencana\/wp-json\/wp\/v2\/media?parent=4126"}],"wp:term":[{"taxonomy":"category","embeddable":true,"href":"https:\/\/agora.xtec.cat\/escolaprovencana\/wp-json\/wp\/v2\/categories?post=4126"},{"taxonomy":"post_tag","embeddable":true,"href":"https:\/\/agora.xtec.cat\/escolaprovencana\/wp-json\/wp\/v2\/tags?post=4126"}],"curies":[{"name":"wp","href":"https:\/\/api.w.org\/{rel}","templated":true}]}}