{"id":4120,"date":"2024-10-18T17:01:00","date_gmt":"2024-10-18T15:01:00","guid":{"rendered":"https:\/\/agora.xtec.cat\/escolaprovencana\/?p=4120"},"modified":"2024-11-05T10:41:20","modified_gmt":"2024-11-05T09:41:20","slug":"som-la-classe-de-les-emocions","status":"publish","type":"post","link":"https:\/\/agora.xtec.cat\/escolaprovencana\/general\/som-la-classe-de-les-emocions\/","title":{"rendered":"Som la classe de &#8220;LES EMOCIONS&#8221;"},"content":{"rendered":"\n<p>Us volem donar la benvinguda a aquest curs escolar 2024-2025.<\/p>\n\n\n\n<p>Com ja sabeu el Projecte que dona nom a les classes aquest any escolar \u00e9s el CINEMA.<\/p>\n\n\n\n<p>Els nens i nenes de Primer aquest curs som la classe de &#8220;Les Emocions&#8221; inspirant-nos en la pel\u00b7l\u00edcula d&#8217;Inside Out (Del Rev\u00e9s) que va ser la m\u00e9s votada a la classe.<\/p>\n\n\n\n<p>Treballarem totes les emocions i aprendrem a com les hem d&#8217;expressar. Desbloquejarem records i posarem a prova la nostra mem\u00f2ria. <\/p>\n\n\n\n<p>De moment us volem ensenyar la nostra porta d&#8217;entrada a l&#8217;aula. Ens ha quedat bonica, oi?<\/p>\n\n\n\n<p><\/p>\n\n\n\n<p>Gr\u00e0cies fam\u00edlies per la vostra col\u00b7laboraci\u00f3. Us anirem penjant cosetes que anem fent.<\/p>\n\n\n\n<p>Laura (tutora de 1r)<\/p>\n\n\n\n<figure class=\"wp-block-image size-large\"><a href=\"https:\/\/agora.xtec.cat\/escolaprovencana\/wp-content\/uploads\/usu2442\/2024\/10\/foto-porta-1r-scaled.jpeg\"><img loading=\"lazy\" decoding=\"async\" width=\"768\" height=\"1024\" src=\"https:\/\/agora.xtec.cat\/escolaprovencana\/wp-content\/uploads\/usu2442\/2024\/10\/foto-porta-1r-768x1024.jpeg\" alt=\"\" class=\"wp-image-4123\" srcset=\"https:\/\/agora.xtec.cat\/escolaprovencana\/wp-content\/uploads\/usu2442\/2024\/10\/foto-porta-1r-768x1024.jpeg 768w, https:\/\/agora.xtec.cat\/escolaprovencana\/wp-content\/uploads\/usu2442\/2024\/10\/foto-porta-1r-225x300.jpeg 225w, https:\/\/agora.xtec.cat\/escolaprovencana\/wp-content\/uploads\/usu2442\/2024\/10\/foto-porta-1r-1152x1536.jpeg 1152w, https:\/\/agora.xtec.cat\/escolaprovencana\/wp-content\/uploads\/usu2442\/2024\/10\/foto-porta-1r-1536x2048.jpeg 1536w, https:\/\/agora.xtec.cat\/escolaprovencana\/wp-content\/uploads\/usu2442\/2024\/10\/foto-porta-1r-scaled.jpeg 1920w\" sizes=\"auto, (max-width: 768px) 100vw, 768px\" \/><\/a><\/figure>\n\n\n\n<p><\/p>\n","protected":false},"excerpt":{"rendered":"<p>Us volem donar la benvinguda a aquest curs escolar 2024-2025.<\/p>\n<p>Com ja sabeu el Projecte que dona nom a les classes aquest any escolar \u00e9s el CINEMA.<\/p>\n<p>Els nens i nenes de Primer aquest curs som la classe de &#8220;Les Emocions&#8221; inspirant-nos en la pel\u00b7l\u00edcula d&#8217;Inside Out&hellip;  <a href=\"https:\/\/agora.xtec.cat\/escolaprovencana\/general\/som-la-classe-de-les-emocions\/\" title=\"Read Som la classe de &#8220;LES EMOCIONS&#8221;\">Llegeix m\u00e9s\u00bb<\/a><\/p>\n","protected":false},"author":42,"featured_media":0,"comment_status":"closed","ping_status":"closed","sticky":false,"template":"","format":"standard","meta":{"_bbp_topic_count":0,"_bbp_reply_count":0,"_bbp_total_topic_count":0,"_bbp_total_reply_count":0,"_bbp_voice_count":0,"_bbp_anonymous_reply_count":0,"_bbp_topic_count_hidden":0,"_bbp_reply_count_hidden":0,"_bbp_forum_subforum_count":0,"footnotes":""},"categories":[10,1],"tags":[],"class_list":["post-4120","post","type-post","status-publish","format-standard","hentry","category-1r","category-general"],"post_mailing_queue_ids":[],"_links":{"self":[{"href":"https:\/\/agora.xtec.cat\/escolaprovencana\/wp-json\/wp\/v2\/posts\/4120","targetHints":{"allow":["GET"]}}],"collection":[{"href":"https:\/\/agora.xtec.cat\/escolaprovencana\/wp-json\/wp\/v2\/posts"}],"about":[{"href":"https:\/\/agora.xtec.cat\/escolaprovencana\/wp-json\/wp\/v2\/types\/post"}],"author":[{"embeddable":true,"href":"https:\/\/agora.xtec.cat\/escolaprovencana\/wp-json\/wp\/v2\/users\/42"}],"replies":[{"embeddable":true,"href":"https:\/\/agora.xtec.cat\/escolaprovencana\/wp-json\/wp\/v2\/comments?post=4120"}],"version-history":[{"count":2,"href":"https:\/\/agora.xtec.cat\/escolaprovencana\/wp-json\/wp\/v2\/posts\/4120\/revisions"}],"predecessor-version":[{"id":4124,"href":"https:\/\/agora.xtec.cat\/escolaprovencana\/wp-json\/wp\/v2\/posts\/4120\/revisions\/4124"}],"wp:attachment":[{"href":"https:\/\/agora.xtec.cat\/escolaprovencana\/wp-json\/wp\/v2\/media?parent=4120"}],"wp:term":[{"taxonomy":"category","embeddable":true,"href":"https:\/\/agora.xtec.cat\/escolaprovencana\/wp-json\/wp\/v2\/categories?post=4120"},{"taxonomy":"post_tag","embeddable":true,"href":"https:\/\/agora.xtec.cat\/escolaprovencana\/wp-json\/wp\/v2\/tags?post=4120"}],"curies":[{"name":"wp","href":"https:\/\/api.w.org\/{rel}","templated":true}]}}