{"id":4103,"date":"2024-10-16T17:13:07","date_gmt":"2024-10-16T15:13:07","guid":{"rendered":"https:\/\/agora.xtec.cat\/escolaprovencana\/?p=4103"},"modified":"2024-11-05T10:42:39","modified_gmt":"2024-11-05T09:42:39","slug":"els-terrorifics","status":"publish","type":"post","link":"https:\/\/agora.xtec.cat\/escolaprovencana\/general\/els-terrorifics\/","title":{"rendered":"ELS Terror\u00edfics"},"content":{"rendered":"\n<p>Benvolgudes fam\u00edlies,<\/p>\n\n\n\n<p>Benvingudes a un nou curs escolar! Estem molt emocionats de comen\u00e7ar aquest viatge plegats i de con\u00e8ixer les noves aventures que ens esperen.<\/p>\n\n\n\n<p>Enguany, la nostra classe es dir\u00e0 &#8220;Els Terror\u00edfics&#8221;. Aquest nom no nom\u00e9s \u00e9s divertit, sin\u00f3 que tamb\u00e9 est\u00e0 \u00edntimament relacionat amb el nostre projecte anual: el m\u00f3n del cinema. A trav\u00e9s d\u2019aquest tema, explorarem el fascinant univers del cinema, des de la creaci\u00f3 de personatges memorables fins a la producci\u00f3 de petites pel\u00b7l\u00edcules. El nom &#8220;Els Terror\u00edfics&#8221; ens permetr\u00e0 jugar amb les emocions i els personatges ic\u00f2nics de les pel\u00b7l\u00edcules de terror, alhora que aprendrem sobre narrativa, imatge i creativitat.<\/p>\n\n\n\n<p>Durant aquest curs, fomentarem la imaginaci\u00f3, el treball en equip i, sobretot, la diversi\u00f3. Estem conven\u00e7uts que, amb el suport de totes les fam\u00edlies, farem que aquest any sigui inoblidable.<\/p>\n\n\n\n<p>Esperem amb ganes compartir moltes experi\u00e8ncies i aprenentatges amb tots vosaltres!<\/p>\n\n\n\n<p>Cordialment,<\/p>\n\n\n\n<p>Albert Barba<br>Mestre\/a de &#8220;Els Terror\u00edfics&#8221;<\/p>\n\n\n\n<p><\/p>\n\n\n\n<p><\/p>\n\n\n\n<figure class=\"wp-block-image size-large\"><a href=\"https:\/\/agora.xtec.cat\/escolaprovencana\/wp-content\/uploads\/usu2442\/2024\/10\/Disseny-sense-titol-1.jpg\"><img loading=\"lazy\" decoding=\"async\" width=\"768\" height=\"1024\" src=\"https:\/\/agora.xtec.cat\/escolaprovencana\/wp-content\/uploads\/usu2442\/2024\/10\/Disseny-sense-titol-1-768x1024.jpg\" alt=\"\" class=\"wp-image-4104\" srcset=\"https:\/\/agora.xtec.cat\/escolaprovencana\/wp-content\/uploads\/usu2442\/2024\/10\/Disseny-sense-titol-1-768x1024.jpg 768w, https:\/\/agora.xtec.cat\/escolaprovencana\/wp-content\/uploads\/usu2442\/2024\/10\/Disseny-sense-titol-1-225x300.jpg 225w, https:\/\/agora.xtec.cat\/escolaprovencana\/wp-content\/uploads\/usu2442\/2024\/10\/Disseny-sense-titol-1-1152x1536.jpg 1152w, https:\/\/agora.xtec.cat\/escolaprovencana\/wp-content\/uploads\/usu2442\/2024\/10\/Disseny-sense-titol-1.jpg 1536w\" sizes=\"auto, (max-width: 768px) 100vw, 768px\" \/><\/a><\/figure>\n","protected":false},"excerpt":{"rendered":"<p>Benvolgudes fam\u00edlies,<\/p>\n<p>Benvingudes a un nou curs escolar! Estem molt emocionats de comen\u00e7ar aquest viatge plegats i de con\u00e8ixer les noves aventures que ens esperen.<\/p>\n<p>Enguany, la nostra classe es dir\u00e0 &#8220;Els Terror\u00edfics&#8221;. Aquest nom no nom\u00e9s \u00e9s divertit, sin\u00f3 que tamb\u00e9 est\u00e0 \u00edntimament relacionat amb el&hellip;  <a href=\"https:\/\/agora.xtec.cat\/escolaprovencana\/general\/els-terrorifics\/\" title=\"Read ELS Terror\u00edfics\">Llegeix m\u00e9s\u00bb<\/a><\/p>\n","protected":false},"author":10,"featured_media":0,"comment_status":"closed","ping_status":"closed","sticky":false,"template":"","format":"standard","meta":{"_bbp_topic_count":0,"_bbp_reply_count":0,"_bbp_total_topic_count":0,"_bbp_total_reply_count":0,"_bbp_voice_count":0,"_bbp_anonymous_reply_count":0,"_bbp_topic_count_hidden":0,"_bbp_reply_count_hidden":0,"_bbp_forum_subforum_count":0,"footnotes":""},"categories":[15,1],"tags":[],"class_list":["post-4103","post","type-post","status-publish","format-standard","hentry","category-6e","category-general"],"post_mailing_queue_ids":[],"_links":{"self":[{"href":"https:\/\/agora.xtec.cat\/escolaprovencana\/wp-json\/wp\/v2\/posts\/4103","targetHints":{"allow":["GET"]}}],"collection":[{"href":"https:\/\/agora.xtec.cat\/escolaprovencana\/wp-json\/wp\/v2\/posts"}],"about":[{"href":"https:\/\/agora.xtec.cat\/escolaprovencana\/wp-json\/wp\/v2\/types\/post"}],"author":[{"embeddable":true,"href":"https:\/\/agora.xtec.cat\/escolaprovencana\/wp-json\/wp\/v2\/users\/10"}],"replies":[{"embeddable":true,"href":"https:\/\/agora.xtec.cat\/escolaprovencana\/wp-json\/wp\/v2\/comments?post=4103"}],"version-history":[{"count":1,"href":"https:\/\/agora.xtec.cat\/escolaprovencana\/wp-json\/wp\/v2\/posts\/4103\/revisions"}],"predecessor-version":[{"id":4105,"href":"https:\/\/agora.xtec.cat\/escolaprovencana\/wp-json\/wp\/v2\/posts\/4103\/revisions\/4105"}],"wp:attachment":[{"href":"https:\/\/agora.xtec.cat\/escolaprovencana\/wp-json\/wp\/v2\/media?parent=4103"}],"wp:term":[{"taxonomy":"category","embeddable":true,"href":"https:\/\/agora.xtec.cat\/escolaprovencana\/wp-json\/wp\/v2\/categories?post=4103"},{"taxonomy":"post_tag","embeddable":true,"href":"https:\/\/agora.xtec.cat\/escolaprovencana\/wp-json\/wp\/v2\/tags?post=4103"}],"curies":[{"name":"wp","href":"https:\/\/api.w.org\/{rel}","templated":true}]}}