{"id":4013,"date":"2024-06-18T13:31:31","date_gmt":"2024-06-18T11:31:31","guid":{"rendered":"https:\/\/agora.xtec.cat\/escolaprovencana\/?p=4013"},"modified":"2024-06-18T13:35:25","modified_gmt":"2024-06-18T11:35:25","slug":"danses-6e","status":"publish","type":"post","link":"https:\/\/agora.xtec.cat\/escolaprovencana\/primaria\/6e\/danses-6e\/","title":{"rendered":"DANSES 6\u00e8"},"content":{"rendered":"<p>Benvolgudes fam\u00edlies,<\/p>\n<p>Us deixem l&#8217;enlla\u00e7 que d\u00f3na acc\u00e9s a la dansa feta pels alumnes de 6\u00e8 de l&#8217;escola Proven\u00e7ana.<\/p>\n<p><a href=\"https:\/\/drive.google.com\/file\/d\/190X8mkhc5M2MXWD4r0uXI8pJxcy-GGpX\/view?usp=drive_link\">https:\/\/drive.google.com\/file\/d\/190X8mkhc5M2MXWD4r0uXI8pJxcy-GGpX\/view?usp=drive_link<\/a><\/p>\n<p>Salutacions.<\/p>\n<p>&nbsp;<\/p>\n","protected":false},"excerpt":{"rendered":"<p>Benvolgudes fam\u00edlies,<br \/>\nUs deixem l&#8217;enlla\u00e7 que d\u00f3na acc\u00e9s a la dansa feta pels alumnes de 6\u00e8 de l&#8217;escola Proven\u00e7ana.<br \/>\n<a href=\"https:\/\/drive.google.com\/file\/d\/190X8mkhc5M2MXWD4r0uXI8pJxcy-GGpX\/view?usp=drive_link\">https:\/\/drive.google.com\/file\/d\/190X8mkhc5M2MXWD4r0uXI8pJxcy-GGpX\/view?usp=drive_link<\/a><br \/>\nSalutacions.<br \/>\n&nbsp;<\/p>\n","protected":false},"author":1,"featured_media":0,"comment_status":"closed","ping_status":"closed","sticky":false,"template":"","format":"standard","meta":{"_bbp_topic_count":0,"_bbp_reply_count":0,"_bbp_total_topic_count":0,"_bbp_total_reply_count":0,"_bbp_voice_count":0,"_bbp_anonymous_reply_count":0,"_bbp_topic_count_hidden":0,"_bbp_reply_count_hidden":0,"_bbp_forum_subforum_count":0,"footnotes":""},"categories":[15],"tags":[],"class_list":["post-4013","post","type-post","status-publish","format-standard","hentry","category-6e"],"post_mailing_queue_ids":[],"_links":{"self":[{"href":"https:\/\/agora.xtec.cat\/escolaprovencana\/wp-json\/wp\/v2\/posts\/4013","targetHints":{"allow":["GET"]}}],"collection":[{"href":"https:\/\/agora.xtec.cat\/escolaprovencana\/wp-json\/wp\/v2\/posts"}],"about":[{"href":"https:\/\/agora.xtec.cat\/escolaprovencana\/wp-json\/wp\/v2\/types\/post"}],"author":[{"embeddable":true,"href":"https:\/\/agora.xtec.cat\/escolaprovencana\/wp-json\/wp\/v2\/users\/1"}],"replies":[{"embeddable":true,"href":"https:\/\/agora.xtec.cat\/escolaprovencana\/wp-json\/wp\/v2\/comments?post=4013"}],"version-history":[{"count":1,"href":"https:\/\/agora.xtec.cat\/escolaprovencana\/wp-json\/wp\/v2\/posts\/4013\/revisions"}],"predecessor-version":[{"id":4014,"href":"https:\/\/agora.xtec.cat\/escolaprovencana\/wp-json\/wp\/v2\/posts\/4013\/revisions\/4014"}],"wp:attachment":[{"href":"https:\/\/agora.xtec.cat\/escolaprovencana\/wp-json\/wp\/v2\/media?parent=4013"}],"wp:term":[{"taxonomy":"category","embeddable":true,"href":"https:\/\/agora.xtec.cat\/escolaprovencana\/wp-json\/wp\/v2\/categories?post=4013"},{"taxonomy":"post_tag","embeddable":true,"href":"https:\/\/agora.xtec.cat\/escolaprovencana\/wp-json\/wp\/v2\/tags?post=4013"}],"curies":[{"name":"wp","href":"https:\/\/api.w.org\/{rel}","templated":true}]}}