{"id":4008,"date":"2024-06-14T14:46:15","date_gmt":"2024-06-14T12:46:15","guid":{"rendered":"https:\/\/agora.xtec.cat\/escolaprovencana\/?p=4008"},"modified":"2024-06-14T14:46:15","modified_gmt":"2024-06-14T12:46:15","slug":"sortida-a-lhumor-amarillo-de-cicle-superior","status":"publish","type":"post","link":"https:\/\/agora.xtec.cat\/escolaprovencana\/primaria\/5e-b\/sortida-a-lhumor-amarillo-de-cicle-superior\/","title":{"rendered":"Sortida a l&#8217;Humor Amarillo de Cicle Superior"},"content":{"rendered":"<p>Benvolgudes fam\u00edlies,<\/p>\n<p>El passat 29 de maig els alumnes de cicle superior vam gaudir d&#8217;una sortida molt divertida.<\/p>\n<p>Vam anar a l&#8217;Humor Amarillo de Sitges. All\u00ed, vam fer una gran quantitat de jocs aqu\u00e0tics i esportius. Ens ho vam passar d&#8217;all\u00f2 m\u00e9s b\u00e9.<a href=\"https:\/\/agora.xtec.cat\/escolaprovencana\/wp-content\/uploads\/usu2442\/2024\/06\/Humor-Amarillo-1.jpg\"><img loading=\"lazy\" decoding=\"async\" class=\"alignnone size-large wp-image-4009\" src=\"https:\/\/agora.xtec.cat\/escolaprovencana\/wp-content\/uploads\/usu2442\/2024\/06\/Humor-Amarillo-1-1024x576.jpg\" alt=\"\" width=\"1024\" height=\"576\" srcset=\"https:\/\/agora.xtec.cat\/escolaprovencana\/wp-content\/uploads\/usu2442\/2024\/06\/Humor-Amarillo-1-1024x576.jpg 1024w, https:\/\/agora.xtec.cat\/escolaprovencana\/wp-content\/uploads\/usu2442\/2024\/06\/Humor-Amarillo-1-300x169.jpg 300w, https:\/\/agora.xtec.cat\/escolaprovencana\/wp-content\/uploads\/usu2442\/2024\/06\/Humor-Amarillo-1-768x432.jpg 768w, https:\/\/agora.xtec.cat\/escolaprovencana\/wp-content\/uploads\/usu2442\/2024\/06\/Humor-Amarillo-1-1536x864.jpg 1536w, https:\/\/agora.xtec.cat\/escolaprovencana\/wp-content\/uploads\/usu2442\/2024\/06\/Humor-Amarillo-1.jpg 1920w\" sizes=\"auto, (max-width: 1024px) 100vw, 1024px\" \/><\/a><\/p>\n","protected":false},"excerpt":{"rendered":"<p>Benvolgudes fam\u00edlies,<br \/>\nEl passat 29 de maig els alumnes de cicle superior vam gaudir d&#8217;una sortida molt divertida.<br \/>\nVam anar a l&#8217;Humor Amarillo de Sitges. All\u00ed, vam fer una gran quantitat de jocs aqu\u00e0tics i esportius. Ens ho vam passar d&#8217;all\u00f2 m\u00e9s b\u00e9.<a href=\"https:\/\/agora.xtec.cat\/escolaprovencana\/wp-content\/uploads\/usu2442\/2024\/06\/Humor-Amarillo-1.jpg\"><\/a><\/p>\n","protected":false},"author":10,"featured_media":0,"comment_status":"closed","ping_status":"closed","sticky":false,"template":"","format":"standard","meta":{"_bbp_topic_count":0,"_bbp_reply_count":0,"_bbp_total_topic_count":0,"_bbp_total_reply_count":0,"_bbp_voice_count":0,"_bbp_anonymous_reply_count":0,"_bbp_topic_count_hidden":0,"_bbp_reply_count_hidden":0,"_bbp_forum_subforum_count":0,"footnotes":""},"categories":[14,126,15],"tags":[],"class_list":["post-4008","post","type-post","status-publish","format-standard","hentry","category-5e-b","category-5e-a","category-6e"],"post_mailing_queue_ids":[],"_links":{"self":[{"href":"https:\/\/agora.xtec.cat\/escolaprovencana\/wp-json\/wp\/v2\/posts\/4008","targetHints":{"allow":["GET"]}}],"collection":[{"href":"https:\/\/agora.xtec.cat\/escolaprovencana\/wp-json\/wp\/v2\/posts"}],"about":[{"href":"https:\/\/agora.xtec.cat\/escolaprovencana\/wp-json\/wp\/v2\/types\/post"}],"author":[{"embeddable":true,"href":"https:\/\/agora.xtec.cat\/escolaprovencana\/wp-json\/wp\/v2\/users\/10"}],"replies":[{"embeddable":true,"href":"https:\/\/agora.xtec.cat\/escolaprovencana\/wp-json\/wp\/v2\/comments?post=4008"}],"version-history":[{"count":1,"href":"https:\/\/agora.xtec.cat\/escolaprovencana\/wp-json\/wp\/v2\/posts\/4008\/revisions"}],"predecessor-version":[{"id":4010,"href":"https:\/\/agora.xtec.cat\/escolaprovencana\/wp-json\/wp\/v2\/posts\/4008\/revisions\/4010"}],"wp:attachment":[{"href":"https:\/\/agora.xtec.cat\/escolaprovencana\/wp-json\/wp\/v2\/media?parent=4008"}],"wp:term":[{"taxonomy":"category","embeddable":true,"href":"https:\/\/agora.xtec.cat\/escolaprovencana\/wp-json\/wp\/v2\/categories?post=4008"},{"taxonomy":"post_tag","embeddable":true,"href":"https:\/\/agora.xtec.cat\/escolaprovencana\/wp-json\/wp\/v2\/tags?post=4008"}],"curies":[{"name":"wp","href":"https:\/\/api.w.org\/{rel}","templated":true}]}}